{"id":129799,"date":"2018-03-25T22:04:54","date_gmt":"2018-03-26T00:04:54","guid":{"rendered":"http:\/\/aconteceunovale.com.br\/portal\/?p=129799"},"modified":"2018-03-25T22:04:54","modified_gmt":"2018-03-26T00:04:54","slug":"artesanato-mineiro-ganha-plano-para-os-proximos-quatro-anos","status":"publish","type":"post","link":"https:\/\/aconteceunovale.com.br\/portal\/?p=129799","title":{"rendered":"Artesanato mineiro ganha plano para os pr\u00f3ximos quatro anos"},"content":{"rendered":"<p>Demanda antiga do setor, o artesanato mineiro possui agora um Plano Quadrienal de Desenvolvimento. Ele tratar\u00e1 das pol\u00edticas p\u00fablicas que beneficiar\u00e3o o setor pelos pr\u00f3ximos quatro anos. A iniciativa do governo de Minas Gerais tem como objetivo principal impulsionar o crescimento do artesanato nos mercados interno e externo, al\u00e9m de divulgar e promover a arte popular.<\/p>\n<p>Apresentado ao setor na \u00faltima segunda-feira (19), quando se comemorou o Dia do Artes\u00e3o, o Plano Quadrienal de Desenvolvimento do Artesanato Mineiro aborda tanto a qualifica\u00e7\u00e3o como a formaliza\u00e7\u00e3o profissional e a comercializa\u00e7\u00e3o das obras. O documento incentiva, por exemplo, a transforma\u00e7\u00e3o dos artes\u00e3os em microempreendedores individuais (MEI) e estabelece parcerias que resultem em oportunidades de capacita\u00e7\u00e3o.<\/p>\n<p>Entre as medidas previstas, est\u00e3o a cria\u00e7\u00e3o de linhas de cr\u00e9dito, a organiza\u00e7\u00e3o de espa\u00e7os para comercializa\u00e7\u00e3o das pe\u00e7as, a promo\u00e7\u00e3o de estudos e pesquisas sobre o setor, o est\u00edmulo ao turismo cultural associado ao artesanato e o fortalecimento da produ\u00e7\u00e3o de popula\u00e7\u00f5es mais vulner\u00e1veis, como povos ind\u00edgenas e quilombolas.<\/p>\n<p>\u201cPela primeira vez, estamos tendo um programa especial voltado para o artesanato, com pol\u00edticas p\u00fablicas pensadas para o setor. A perspectiva \u00e9 muito positiva, porque nossas demandas est\u00e3o sendo ouvidas. Vamos ver se o plano se consolida e quais ser\u00e3o os desdobramentos\u201d, disse Gutti Piannetti, vice-presidente da Federa\u00e7\u00e3o do Artesanato de Minas, entidade que re\u00fane associa\u00e7\u00f5es e cooperativas.<\/p>\n<p>As primeiras a\u00e7\u00f5es concretas est\u00e3o saindo do papel: artes\u00e3os poder\u00e3o comercializar suas obras no\u00a0<span style=\"text-decoration: underline;\"><span style=\"color: #ff0000;\"><a href=\"https:\/\/portaldoartesanatomg.com.br\/\" target=\"_blank\"><span style=\"color: #ff0000; text-decoration: underline;\">Portal do Artesanato<\/span><\/a><\/span><\/span>, plataforma gerida pela Federa\u00e7\u00e3o Mineira do Artesanato que j\u00e1 est\u00e1 no ar. \u201cTamb\u00e9m vamos disponibilizar uma parte para informa\u00e7\u00f5es. Minas tem 853 munic\u00edpios e \u00e9 um estado que corresponde a um pa\u00eds como a Fran\u00e7a. Ent\u00e3o n\u00e3o \u00e9 f\u00e1cil fazer chegar not\u00edcias no interior. No portal, o artes\u00e3o poder\u00e1 saber as feiras que est\u00e3o ocorrendo, os editais que est\u00e3o abertos e outras informa\u00e7\u00f5es importantes\u201d, anunciou Gutti.<\/p>\n<p>Em 21 de abril, ser\u00e1 inaugurada uma sala do artes\u00e3o em Ouro Preto, na Regi\u00e3o dos Inconfidentes. Outras duas salas tamb\u00e9m ser\u00e3o instaladas em S\u00e3o Jo\u00e3o del-Rei, munic\u00edpio do Campo das Vertentes, e em Ara\u00e7ua\u00ed, cidade no Vale do Jequitinhonha. A ideia \u00e9 que, futuramente, as outras 14 regi\u00f5es do estado contem com espa\u00e7os semelhantes, onde o artes\u00e3o receber\u00e1 orienta\u00e7\u00e3o e poder\u00e1 participar de atividades e de cursos ministrados em parceria com o Servi\u00e7o Brasileiro de Apoio \u00e0s Micro e Pequenas Empresas (Sebrae).<\/p>\n<p><strong>Voca\u00e7\u00f5es regionais<\/strong><\/p>\n<p>O plano quadrienal busca ainda identificar as voca\u00e7\u00f5es espec\u00edficas nas diversas regi\u00f5es, j\u00e1 que a produ\u00e7\u00e3o \u00e9 bastante variada: trabalhos com madeira, argila, pedras, bordado, fibras naturais e sucata. Com essa diversidade, o artesanato mineiro dominou, em 2016, o Pr\u00eamio Sebrae Top 100. Um dos mais cobi\u00e7ados do setor, o pr\u00eamio chegou \u00e0 quarta edi\u00e7\u00e3o, sendo as outras realizadas em 2006, 2009 e 2011. Foram 13 agraciados do estado, superando Pernambuco, com dez vencedores, e Par\u00e1 e Santa Catarina, com sete cada um.<\/p>\n<p>A elabora\u00e7\u00e3o do plano envolveu representantes dos artes\u00e3os e de diversas institui\u00e7\u00f5es, entre \u00f3rg\u00e3os do governo, universidades p\u00fablicas e organiza\u00e7\u00f5es n\u00e3o governamentais, sob a coordena\u00e7\u00e3o da Secretaria Extraordin\u00e1ria de Desenvolvimento Integrado e F\u00f3runs Regionais de Minas Gerais (Seedif). \u201cEstimamos que o estado tenha aproximadamente 300 mil artes\u00f5es e fomenta uma cadeia produtiva respons\u00e1vel por movimentar cerca de R$ 2,2 bilh\u00f5es por ano&#8221;, disse Pedro Le\u00e3o, subsecret\u00e1rio de desenvolvimento integrado da Seedif.<\/p>\n<p>Segundo ele, o setor est\u00e1 sendo mais bem mapeado desde a emiss\u00e3o da Carteira Nacional do Artes\u00e3o, criada em 2012 pelo governo federal como desdobramento do Programa do Artesanato Brasileiro (PAB). Ela \u00e9 fornecida gratuitamente e funciona como uma identifica\u00e7\u00e3o nacional do trabalhador. Quem tem o documento tem mais facilidade para participar em feiras de artesanato no pa\u00eds e no exterior e para promover oficinas e cursos na \u00e1rea. De acordo com a Seedif, foram realizados mais de 30 mutir\u00f5es no ano passado, quando a carteira j\u00e1 foi entregue a mais de 800 profissionais do estado.<\/p>\n<p><strong>Projeto<\/strong><\/p>\n<p>O plano quadrienal faz parte do\u00a0Projeto Mais Artesanato, lan\u00e7ado no ano passado pelo governo mineiro, e que prev\u00ea ainda a constru\u00e7\u00e3o da Casa do Artesanato Mineiro, espa\u00e7o p\u00fablico destinado \u00e0 capacita\u00e7\u00e3o e ao fortalecimento da cadeira produtiva.<\/p>\n<p>Outra iniciativa do projeto \u00e9 a mudan\u00e7a no modelo de gest\u00e3o da loja de artesanato no Pal\u00e1cio das Artes, famoso centro cultural no centro de Belo Horizonte com anfiteatro, cinema e espa\u00e7os para cursos e exposi\u00e7\u00f5es. Em breve, qualquer artes\u00e3o com carteira nacional poder\u00e1 concorrer aos editais p\u00fablicos para vender suas obras no local.<\/p>\n<p><strong>VER PRIMEIRO<\/strong><\/p>\n<p>Receba as not\u00edcias do Aconteceu no Vale em primeira m\u00e3o. Clique em curtir no endere\u00e7o <a href=\"https:\/\/www.facebook.com\/aconteceunovale\" target=\"_blank\"><font color=\"red\">www.facebook.com\/aconteceunovale<\/font><\/a> ou no box abaixo:<\/p>\n<div class=\"fb-like\" data-href=\"https:\/\/www.facebook.com\/aconteceunovale\" data-width=\"120\" data-layout=\"standard\" data-action=\"like\" data-size=\"small\" data-show-faces=\"true\" data-share=\"true\"><\/div>\n<p><\/br><\/p>\n<p><em>(Fonte: Ag\u00eancia Brasil)<\/em><\/p>\n","protected":false},"excerpt":{"rendered":"<p>Demanda antiga do setor, o artesanato mineiro possui agora um Plano Quadrienal de Desenvolvimento. Ele tratar\u00e1 das pol\u00edticas p\u00fablicas que beneficiar\u00e3o o setor pelos pr\u00f3ximos quatro anos. A iniciativa do governo de Minas Gerais tem como objetivo principal impulsionar o crescimento do artesanato nos mercados interno e externo, al\u00e9m de divulgar e promover a arte [&hellip;]<\/p>\n","protected":false},"author":1,"featured_media":129800,"comment_status":"open","ping_status":"closed","sticky":false,"template":"","format":"standard","meta":{"amp_status":"","footnotes":""},"categories":[123],"tags":[186,76964,76965,171256,194,171254,143599,38632,171252,51191,171251,131,171255,171250,171249,143598,164626,171253,218],"class_list":["post-129799","post","type-post","status-publish","format-standard","has-post-thumbnail","hentry","category-gerais","tag-aracuai","tag-artesanato","tag-artesanato-mineiro","tag-artesanato-mineiro-ganha-plano-para-os-proximos-quatro-anos","tag-belo-horizonte","tag-cadeia-produtiva","tag-carteira-nacional-do-artesao","tag-dia-do-artesao","tag-federacao-do-artesanato-de-minas","tag-governo-de-minas-gerais","tag-gutti-piannetti","tag-minas-gerais","tag-plano-de-negocios","tag-plano-quadrienal-de-desenvolvimento-do-artesanato-mineiro","tag-portal-do-artesanato","tag-premio-sebrae-top-100","tag-projeto-mais-artesanato","tag-sala-do-artesao-em-ouro-preto","tag-sao-joao-del-rei"],"_links":{"self":[{"href":"https:\/\/aconteceunovale.com.br\/portal\/index.php?rest_route=\/wp\/v2\/posts\/129799","targetHints":{"allow":["GET"]}}],"collection":[{"href":"https:\/\/aconteceunovale.com.br\/portal\/index.php?rest_route=\/wp\/v2\/posts"}],"about":[{"href":"https:\/\/aconteceunovale.com.br\/portal\/index.php?rest_route=\/wp\/v2\/types\/post"}],"author":[{"embeddable":true,"href":"https:\/\/aconteceunovale.com.br\/portal\/index.php?rest_route=\/wp\/v2\/users\/1"}],"replies":[{"embeddable":true,"href":"https:\/\/aconteceunovale.com.br\/portal\/index.php?rest_route=%2Fwp%2Fv2%2Fcomments&post=129799"}],"version-history":[{"count":0,"href":"https:\/\/aconteceunovale.com.br\/portal\/index.php?rest_route=\/wp\/v2\/posts\/129799\/revisions"}],"wp:featuredmedia":[{"embeddable":true,"href":"https:\/\/aconteceunovale.com.br\/portal\/index.php?rest_route=\/wp\/v2\/media\/129800"}],"wp:attachment":[{"href":"https:\/\/aconteceunovale.com.br\/portal\/index.php?rest_route=%2Fwp%2Fv2%2Fmedia&parent=129799"}],"wp:term":[{"taxonomy":"category","embeddable":true,"href":"https:\/\/aconteceunovale.com.br\/portal\/index.php?rest_route=%2Fwp%2Fv2%2Fcategories&post=129799"},{"taxonomy":"post_tag","embeddable":true,"href":"https:\/\/aconteceunovale.com.br\/portal\/index.php?rest_route=%2Fwp%2Fv2%2Ftags&post=129799"}],"curies":[{"name":"wp","href":"https:\/\/api.w.org\/{rel}","templated":true}]}}