{"id":129795,"date":"2018-03-25T21:54:19","date_gmt":"2018-03-25T23:54:19","guid":{"rendered":"http:\/\/aconteceunovale.com.br\/portal\/?p=129795"},"modified":"2018-03-25T21:54:19","modified_gmt":"2018-03-25T23:54:19","slug":"bombeiros-combatem-incendio-em-farmacia-de-montes-claros","status":"publish","type":"post","link":"https:\/\/aconteceunovale.com.br\/portal\/?p=129795","title":{"rendered":"Bombeiros combatem inc\u00eandio em farm\u00e1cia de Montes Claros"},"content":{"rendered":"<p>O Corpo de Bombeiros foi acionado para combater um inc\u00eandio em uma farm\u00e1cia no bairro C\u00e2ndida C\u00e2mara, em Montes Claros, na tarde deste domingo (25\/03\/2018). Quando os militares chegaram ao local, encontraram o propriet\u00e1rio do estabelecimento tentando apagar as chamas com o extintor, mas sem ter sucesso. <\/p>\n<p>O foco do inc\u00eandio estava no balc\u00e3o do caixa, onde haviam alguns equipamentos eletr\u00f4nicos. As chamas foram extintas pelos Bombeiros com o uso de aproximadamente 500 litros d&#8217;\u00e1gua.<\/p>\n<p><img decoding=\"async\" src=\"http:\/\/aconteceunovale.com.br\/portal\/wp-content\/uploads\/2018\/03\/incendio_farmacia_moc_1.jpg\" alt=\"\" \/><\/p>\n<p><img decoding=\"async\" src=\"http:\/\/aconteceunovale.com.br\/portal\/wp-content\/uploads\/2018\/03\/incendio_farmacia_moc_2.jpg\" alt=\"\" \/><br \/>\n<\/br><\/p>\n<p><strong>VER PRIMEIRO<\/strong><\/p>\n<p>Receba as not\u00edcias do Aconteceu no Vale em primeira m\u00e3o. Clique em curtir no endere\u00e7o <a href=\"https:\/\/www.facebook.com\/aconteceunovale\" target=\"_blank\"><font color=\"red\">www.facebook.com\/aconteceunovale<\/font><\/a> ou no box abaixo:<\/p>\n<div class=\"fb-like\" data-href=\"https:\/\/www.facebook.com\/aconteceunovale\" data-width=\"120\" data-layout=\"standard\" data-action=\"like\" data-size=\"small\" data-show-faces=\"true\" data-share=\"true\"><\/div>\n<p><\/br><\/p>\n<p><em>(Fonte: Estado de Minas \/ Fotos: Corpo de Bombeiros)<\/em><\/p>\n","protected":false},"excerpt":{"rendered":"<p>O Corpo de Bombeiros foi acionado para combater um inc\u00eandio em uma farm\u00e1cia no bairro C\u00e2ndida C\u00e2mara, em Montes Claros, na tarde deste domingo (25\/03\/2018). Quando os militares chegaram ao local, encontraram o propriet\u00e1rio do estabelecimento tentando apagar as chamas com o extintor, mas sem ter sucesso. O foco do inc\u00eandio estava no balc\u00e3o do [&hellip;]<\/p>\n","protected":false},"author":1,"featured_media":129797,"comment_status":"open","ping_status":"closed","sticky":false,"template":"","format":"standard","meta":{"amp_status":"","footnotes":""},"categories":[1236],"tags":[171248,116149,37851,171244,171246,171245,171247,171243,60747,210],"class_list":["post-129795","post","type-post","status-publish","format-standard","has-post-thumbnail","hentry","category-norte_de_minas","tag-bombeiros-combatem-incendio-em-farmacia-de-montes-claros","tag-bombeiros-de-montes-claros","tag-corpo-de-bombeiros-de-montes-claros","tag-drogaria-grande-rede","tag-drogaria-grande-rede-montes-claros","tag-incendio-drogaria-grande-rede","tag-incendio-drogaria-grande-rede-montes-claros","tag-incendio-em-farmacia-de-montes-claros","tag-incendio-em-montes-claros","tag-montes-claros"],"_links":{"self":[{"href":"https:\/\/aconteceunovale.com.br\/portal\/index.php?rest_route=\/wp\/v2\/posts\/129795","targetHints":{"allow":["GET"]}}],"collection":[{"href":"https:\/\/aconteceunovale.com.br\/portal\/index.php?rest_route=\/wp\/v2\/posts"}],"about":[{"href":"https:\/\/aconteceunovale.com.br\/portal\/index.php?rest_route=\/wp\/v2\/types\/post"}],"author":[{"embeddable":true,"href":"https:\/\/aconteceunovale.com.br\/portal\/index.php?rest_route=\/wp\/v2\/users\/1"}],"replies":[{"embeddable":true,"href":"https:\/\/aconteceunovale.com.br\/portal\/index.php?rest_route=%2Fwp%2Fv2%2Fcomments&post=129795"}],"version-history":[{"count":0,"href":"https:\/\/aconteceunovale.com.br\/portal\/index.php?rest_route=\/wp\/v2\/posts\/129795\/revisions"}],"wp:featuredmedia":[{"embeddable":true,"href":"https:\/\/aconteceunovale.com.br\/portal\/index.php?rest_route=\/wp\/v2\/media\/129797"}],"wp:attachment":[{"href":"https:\/\/aconteceunovale.com.br\/portal\/index.php?rest_route=%2Fwp%2Fv2%2Fmedia&parent=129795"}],"wp:term":[{"taxonomy":"category","embeddable":true,"href":"https:\/\/aconteceunovale.com.br\/portal\/index.php?rest_route=%2Fwp%2Fv2%2Fcategories&post=129795"},{"taxonomy":"post_tag","embeddable":true,"href":"https:\/\/aconteceunovale.com.br\/portal\/index.php?rest_route=%2Fwp%2Fv2%2Ftags&post=129795"}],"curies":[{"name":"wp","href":"https:\/\/api.w.org\/{rel}","templated":true}]}}