{"id":129780,"date":"2018-03-25T19:38:59","date_gmt":"2018-03-25T21:38:59","guid":{"rendered":"http:\/\/aconteceunovale.com.br\/portal\/?p=129780"},"modified":"2018-03-25T19:38:59","modified_gmt":"2018-03-25T21:38:59","slug":"acidente-envolvendo-tres-veiculos-deixa-dois-mortos-na-br-116-no-vale-do-rio-doce","status":"publish","type":"post","link":"https:\/\/aconteceunovale.com.br\/portal\/?p=129780","title":{"rendered":"Acidente envolvendo tr\u00eas ve\u00edculos deixa dois mortos na BR-116, no Vale do Rio Doce"},"content":{"rendered":"<p>Dois jovens, de 20 e 21 anos, morreram na noite de s\u00e1bado (24\/03\/2018) ap\u00f3s um acidente registrado entre dois carros e um \u00f4nibus na altura do km 517 da BR-116, pr\u00f3ximo a cidade de Ubaporanga, no Vale do Rio Doce.<\/p>\n<p>Segundo informa\u00e7\u00f5es do Corpo de Bombeiros, um Focus Titanium (placa de Santa Rita de Minas) e uma BMW (licenciada em Ipatinga) bateram de frente e, em seguida, um deles atingiu a lateral de um \u00f4nibus da empresa Novo Horizonte (linha S\u00e3o Paulo\/Caetit\u00e9) que estava na pista contr\u00e1ria. Com impacto o ve\u00edculo coletivo saiu da pista e foi parar em uma \u00e1rea de planta\u00e7\u00e3o de caf\u00e9, que fica \u00e0s margens da rodovia.<\/p>\n<p>Ainda de acordo com os bombeiros, os dois ocupantes do Focus, identificados como Clarck Paiva Xavier Dutra, de 21, e Silmo Rodrigues da Silva J\u00fanior, de 20, morreram na hora. O motorista da BMW, Jhony Aveland Gomes Filho, de 32 anos, n\u00e3o se feriu.<\/p>\n<p>O condutor do \u00f4nibus, Alexandre de Ara\u00fajo Santos, ficou preso \u00e0s ferragens e foi levado ao hospital com ferimento em uma das pernas. Al\u00e9m do motorista, 13 passageiros estavam no ve\u00edculo. Uma senhora chegou a se queixar de dores pelo corpo, mas recusou atendimento m\u00e9dico.<\/p>\n<p>A pista ficou interdita nos dois sentidos devido ao derramamento de \u00f3leo, mas segundo informa\u00e7\u00f5es da Pol\u00edcia Rodovi\u00e1ria o tr\u00e2nsito j\u00e1 foi liberado. A per\u00edcia esteve no local e vai investigar as causas do acidente.<\/p>\n<p><img decoding=\"async\" src=\"http:\/\/aconteceunovale.com.br\/portal\/wp-content\/uploads\/2018\/03\/acidente_bus_ubaporanga_4.jpg\" alt=\"\" \/><em>V\u00edtimas fatais estava no mesmo carro (Foto: Adenilson Geraldo \/ Reprodu\u00e7\u00e3o G1)<\/em><br \/>\n<\/br><\/p>\n<p><img decoding=\"async\" src=\"http:\/\/aconteceunovale.com.br\/portal\/wp-content\/uploads\/2018\/03\/acidente_bus_ubaporanga_1.jpg\" alt=\"\" \/><em>\u00d4nibus fazia linha S\u00e3o Paulo\/Caetit\u00e9 (Foto: Super Canal \/ Reprodu\u00e7\u00e3o Facebook)<\/em><br \/>\n<\/br><\/p>\n<p><img decoding=\"async\" src=\"http:\/\/aconteceunovale.com.br\/portal\/wp-content\/uploads\/2018\/03\/acidente_bus_ubaporanga_3.jpg\" alt=\"\" \/><em>\u00d4nibus fazia linha S\u00e3o Paulo\/Caetit\u00e9 (Foto: Super Canal \/ Reprodu\u00e7\u00e3o Facebook)<\/em><br \/>\n<\/br><\/p>\n<p><img decoding=\"async\" src=\"http:\/\/aconteceunovale.com.br\/portal\/wp-content\/uploads\/2018\/03\/acidente_bus_ubaporanga_2.jpg\" alt=\"\" \/><em>Ve\u00edculo das v\u00edtimas colidiu contra BMW (Foto: Super Canal \/ Reprodu\u00e7\u00e3o Facebook)<\/em><br \/>\n<\/br><\/p>\n<p><img decoding=\"async\" src=\"http:\/\/aconteceunovale.com.br\/portal\/wp-content\/uploads\/2018\/03\/vitimas_116_ubaporanga_1.jpg\" alt=\"\" \/><em>V\u00edtimas estavam em carro com placa de Santa Rita de Minas (Fotos: Reprodu\u00e7\u00e3o\/Super Canal)<\/em><br \/>\n<\/br><\/p>\n<p><strong>VER PRIMEIRO<\/strong><\/p>\n<p>Receba as not\u00edcias do Aconteceu no Vale em primeira m\u00e3o. Clique em curtir no endere\u00e7o <a href=\"https:\/\/www.facebook.com\/aconteceunovale\" target=\"_blank\"><font color=\"red\">www.facebook.com\/aconteceunovale<\/font><\/a> ou no box abaixo:<\/p>\n<div class=\"fb-like\" data-href=\"https:\/\/www.facebook.com\/aconteceunovale\" data-width=\"120\" data-layout=\"standard\" data-action=\"like\" data-size=\"small\" data-show-faces=\"true\" data-share=\"true\"><\/div>\n<p><\/br><\/p>\n<p><em>(Com informa\u00e7\u00f5es do G1 Vales e Super Canal Caratinga)<\/em><\/p>\n","protected":false},"excerpt":{"rendered":"<p>Dois jovens, de 20 e 21 anos, morreram na noite de s\u00e1bado (24\/03\/2018) ap\u00f3s um acidente registrado entre dois carros e um \u00f4nibus na altura do km 517 da BR-116, pr\u00f3ximo a cidade de Ubaporanga, no Vale do Rio Doce. Segundo informa\u00e7\u00f5es do Corpo de Bombeiros, um Focus Titanium (placa de Santa Rita de Minas) [&hellip;]<\/p>\n","protected":false},"author":1,"featured_media":129783,"comment_status":"open","ping_status":"closed","sticky":false,"template":"","format":"standard","meta":{"amp_status":"","footnotes":""},"categories":[121],"tags":[171206,171204,171205,33911,171213,171214,3945,79850,171207,171208,171203,171212,182,48149,171209,1018,201,171211,58056,9341,313,2382,171210,331],"class_list":["post-129780","post","type-post","status-publish","format-standard","has-post-thumbnail","hentry","category-leste","tag-acidente-com-bmw-de-ipatinga","tag-acidente-com-carro-de-santa-rita-de-minas","tag-acidente-com-jovens-de-santa-rita-de-minas","tag-acidente-em-ubaporanga","tag-acidente-envolvendo-tres-veiculos-deixa-dois-mortos-na-br-116","tag-acidente-envolvendo-tres-veiculos-deixa-dois-mortos-na-br-116-em-ubaporanga","tag-acidente-na-br-116","tag-acidente-na-br-116-em-ubaporanga","tag-acidente-onibus-novo-horizonte","tag-acidente-onibus-que-seguia-de-sao-paulo-para-caetite","tag-acidente-perto-de-ubaporanga","tag-alexandre-de-araujo-santos","tag-br-116","tag-caetite","tag-clarck-paiva-xavier-dutra","tag-destaque","tag-ipatinga","tag-jhony-aveland-gomes-filho","tag-no-vale-do-rio-doce","tag-novo-horizonte","tag-santa-rita-de-minas","tag-sao-paulo","tag-silmo-rodrigues-da-silva-junior","tag-ubaporanga"],"_links":{"self":[{"href":"https:\/\/aconteceunovale.com.br\/portal\/index.php?rest_route=\/wp\/v2\/posts\/129780","targetHints":{"allow":["GET"]}}],"collection":[{"href":"https:\/\/aconteceunovale.com.br\/portal\/index.php?rest_route=\/wp\/v2\/posts"}],"about":[{"href":"https:\/\/aconteceunovale.com.br\/portal\/index.php?rest_route=\/wp\/v2\/types\/post"}],"author":[{"embeddable":true,"href":"https:\/\/aconteceunovale.com.br\/portal\/index.php?rest_route=\/wp\/v2\/users\/1"}],"replies":[{"embeddable":true,"href":"https:\/\/aconteceunovale.com.br\/portal\/index.php?rest_route=%2Fwp%2Fv2%2Fcomments&post=129780"}],"version-history":[{"count":0,"href":"https:\/\/aconteceunovale.com.br\/portal\/index.php?rest_route=\/wp\/v2\/posts\/129780\/revisions"}],"wp:featuredmedia":[{"embeddable":true,"href":"https:\/\/aconteceunovale.com.br\/portal\/index.php?rest_route=\/wp\/v2\/media\/129783"}],"wp:attachment":[{"href":"https:\/\/aconteceunovale.com.br\/portal\/index.php?rest_route=%2Fwp%2Fv2%2Fmedia&parent=129780"}],"wp:term":[{"taxonomy":"category","embeddable":true,"href":"https:\/\/aconteceunovale.com.br\/portal\/index.php?rest_route=%2Fwp%2Fv2%2Fcategories&post=129780"},{"taxonomy":"post_tag","embeddable":true,"href":"https:\/\/aconteceunovale.com.br\/portal\/index.php?rest_route=%2Fwp%2Fv2%2Ftags&post=129780"}],"curies":[{"name":"wp","href":"https:\/\/api.w.org\/{rel}","templated":true}]}}