{"id":129738,"date":"2018-03-24T08:26:17","date_gmt":"2018-03-24T10:26:17","guid":{"rendered":"http:\/\/aconteceunovale.com.br\/portal\/?p=129738"},"modified":"2018-03-24T08:26:17","modified_gmt":"2018-03-24T10:26:17","slug":"oito-pessoas-sao-presas-por-roubo-de-carga-na-regiao-central-de-minas","status":"publish","type":"post","link":"https:\/\/aconteceunovale.com.br\/portal\/?p=129738","title":{"rendered":"Oito pessoas s\u00e3o presas por roubo de carga na regi\u00e3o Central de Minas"},"content":{"rendered":"<p>Oito pessoas foram presas em Curvelo, regi\u00e3o Central de Minas, por envolvimento em um assalto a um caminh\u00e3o que transportava cigarros. O crime foi pr\u00f3ximo ao trevo de acesso \u00e0 cidade de Morro da Gar\u00e7a, na quinta-feira (22).<\/p>\n<p>Segundo a Pol\u00edcia Militar, os criminosos colocaram a carga em outro caminh\u00e3o e seguiram em dire\u00e7\u00e3o \u00e0 cidade de Curvelo. Durante o rastreamento, os militares encontraram o ve\u00edculo tombado, na BR-135. A pol\u00edcia diz que os assaltantes fugiram por um matagal, mas, ap\u00f3s buscas no local, um deles foi encontrado e informou que outros dois carros estavam escoltando o caminh\u00e3o que transportava a carga roubada.<\/p>\n<p>Os policiais conseguiram abordar os outros ve\u00edculos e prender o restante do grupo. Com eles foram apreendidas ainda uma espingarda calibre .12, celulares, colete \u00e0 prova de balas e dinheiro.<\/p>\n<p>De acordo com a Pol\u00edcia Civil, na sexta-feira (23) os autores foram encaminhados ao pres\u00eddio de Curvelo.<\/p>\n<p><img decoding=\"async\" src=\"http:\/\/aconteceunovale.com.br\/portal\/wp-content\/uploads\/2018\/03\/caminhao_roubo_curvelo_1.jpg\" alt=\"\" \/><em>Caminh\u00e3o usado no crime foi apreendido (Foto: Pol\u00edcia Militar\/Divulga\u00e7\u00e3o)<\/em><br \/>\n<\/br><\/p>\n<p><img decoding=\"async\" src=\"http:\/\/aconteceunovale.com.br\/portal\/wp-content\/uploads\/2018\/03\/caminhao_roubo_curvelo_2.jpg\" alt=\"\" \/><em>Materiais recuperados foram levados para a delegacia (Foto: Pol\u00edcia Militar\/Divulga\u00e7\u00e3o)<\/em><br \/>\n<\/br><\/p>\n<p><strong>VER PRIMEIRO<\/strong><\/p>\n<p>Receba as not\u00edcias do Aconteceu no Vale em primeira m\u00e3o. Clique em curtir no endere\u00e7o <a href=\"https:\/\/www.facebook.com\/aconteceunovale\" target=\"_blank\"><font color=\"red\">www.facebook.com\/aconteceunovale<\/font><\/a> ou no box abaixo:<\/p>\n<div class=\"fb-like\" data-href=\"https:\/\/www.facebook.com\/aconteceunovale\" data-width=\"120\" data-layout=\"standard\" data-action=\"like\" data-size=\"small\" data-show-faces=\"true\" data-share=\"true\"><\/div>\n<p><\/br><\/p>\n<p><em>(Fonte: G1 Grande Minas)<\/em><\/p>\n","protected":false},"excerpt":{"rendered":"<p>Oito pessoas foram presas em Curvelo, regi\u00e3o Central de Minas, por envolvimento em um assalto a um caminh\u00e3o que transportava cigarros. O crime foi pr\u00f3ximo ao trevo de acesso \u00e0 cidade de Morro da Gar\u00e7a, na quinta-feira (22). Segundo a Pol\u00edcia Militar, os criminosos colocaram a carga em outro caminh\u00e3o e seguiram em dire\u00e7\u00e3o \u00e0 [&hellip;]<\/p>\n","protected":false},"author":1,"featured_media":129740,"comment_status":"open","ping_status":"closed","sticky":false,"template":"","format":"standard","meta":{"amp_status":"","footnotes":""},"categories":[1236],"tags":[171154,197,171153,4682,171155,49398],"class_list":["post-129738","post","type-post","status-publish","format-standard","has-post-thumbnail","hentry","category-norte_de_minas","tag-assaltantes-presos-em-curvelo","tag-curvelo","tag-ladroes-presos-em-curvelo","tag-morro-da-garca","tag-oito-pessoas-sao-presas-por-roubo-de-carga-na-regiao-central-de-minas","tag-presos-em-curvelo"],"_links":{"self":[{"href":"https:\/\/aconteceunovale.com.br\/portal\/index.php?rest_route=\/wp\/v2\/posts\/129738","targetHints":{"allow":["GET"]}}],"collection":[{"href":"https:\/\/aconteceunovale.com.br\/portal\/index.php?rest_route=\/wp\/v2\/posts"}],"about":[{"href":"https:\/\/aconteceunovale.com.br\/portal\/index.php?rest_route=\/wp\/v2\/types\/post"}],"author":[{"embeddable":true,"href":"https:\/\/aconteceunovale.com.br\/portal\/index.php?rest_route=\/wp\/v2\/users\/1"}],"replies":[{"embeddable":true,"href":"https:\/\/aconteceunovale.com.br\/portal\/index.php?rest_route=%2Fwp%2Fv2%2Fcomments&post=129738"}],"version-history":[{"count":0,"href":"https:\/\/aconteceunovale.com.br\/portal\/index.php?rest_route=\/wp\/v2\/posts\/129738\/revisions"}],"wp:featuredmedia":[{"embeddable":true,"href":"https:\/\/aconteceunovale.com.br\/portal\/index.php?rest_route=\/wp\/v2\/media\/129740"}],"wp:attachment":[{"href":"https:\/\/aconteceunovale.com.br\/portal\/index.php?rest_route=%2Fwp%2Fv2%2Fmedia&parent=129738"}],"wp:term":[{"taxonomy":"category","embeddable":true,"href":"https:\/\/aconteceunovale.com.br\/portal\/index.php?rest_route=%2Fwp%2Fv2%2Fcategories&post=129738"},{"taxonomy":"post_tag","embeddable":true,"href":"https:\/\/aconteceunovale.com.br\/portal\/index.php?rest_route=%2Fwp%2Fv2%2Ftags&post=129738"}],"curies":[{"name":"wp","href":"https:\/\/api.w.org\/{rel}","templated":true}]}}