{"id":129731,"date":"2018-03-23T09:40:25","date_gmt":"2018-03-23T11:40:25","guid":{"rendered":"http:\/\/aconteceunovale.com.br\/portal\/?p=129731"},"modified":"2018-03-23T09:40:25","modified_gmt":"2018-03-23T11:40:25","slug":"carreta-pega-fogo-na-br-251-em-montes-claros","status":"publish","type":"post","link":"https:\/\/aconteceunovale.com.br\/portal\/?p=129731","title":{"rendered":"Carreta pega fogo na BR-251, em Montes Claros"},"content":{"rendered":"<p>Uma carreta carregada de iogurte pegou fogo na altura do km 516 da BR-251, zona rural de Montes Claros, na regi\u00e3o Norte de Minas Gerais. De acordo com o Corpo de Bombeiros, o motorista contou que uma fuma\u00e7a preta come\u00e7ou a sair do painel do ve\u00edculo. Quando ele parou no acostamento e desembarcou, o inc\u00eandio teve in\u00edcio.<\/p>\n<p>O motorista n\u00e3o se feriu e disse aos militares que seguia de Araras (SP) com destino a Feira de Santana (BA). Segundo os bombeiros, foram utilizados aproximadamente cinco mil litros de \u00e1gua para controlar o inc\u00eandio, que n\u00e3o atingiu a carga.<\/p>\n<p>A rodovia ficou interditada nos dois sentidos durante 30 minutos. As causas do inc\u00eandio s\u00e3o desconhecidas.<\/p>\n<p><img decoding=\"async\" src=\"http:\/\/aconteceunovale.com.br\/portal\/wp-content\/uploads\/2018\/03\/carreta_incendio_moc_1.jpeg\" alt=\"\" \/><em>Chamas foram controladas pelos bombeiros (Foto: Corpo de Bombeiros \/ Divulga\u00e7\u00e3o)<\/em><br \/>\n<\/br><\/p>\n<h4>V\u00eddeo<\/h4>\n<p><iframe loading=\"lazy\" width=\"600\" height=\"345\" src=\"https:\/\/www.youtube.com\/embed\/Yovsus50pcI\" frameborder=\"0\" allow=\"autoplay; encrypted-media\" allowfullscreen><\/iframe><br \/>\n<\/br><\/p>\n<p><strong>VER PRIMEIRO<\/strong><\/p>\n<p>Receba as not\u00edcias do Aconteceu no Vale em primeira m\u00e3o. Clique em curtir no endere\u00e7o <a href=\"https:\/\/www.facebook.com\/aconteceunovale\" target=\"_blank\"><font color=\"red\">www.facebook.com\/aconteceunovale<\/font><\/a> ou no box abaixo:<\/p>\n<div class=\"fb-like\" data-href=\"https:\/\/www.facebook.com\/aconteceunovale\" data-width=\"120\" data-layout=\"standard\" data-action=\"like\" data-size=\"small\" data-show-faces=\"true\" data-share=\"true\"><\/div>\n<p><\/br><\/p>\n<p><em>(Fonte: G1 Grande Minas)<\/em><\/p>\n","protected":false},"excerpt":{"rendered":"<p>Uma carreta carregada de iogurte pegou fogo na altura do km 516 da BR-251, zona rural de Montes Claros, na regi\u00e3o Norte de Minas Gerais. De acordo com o Corpo de Bombeiros, o motorista contou que uma fuma\u00e7a preta come\u00e7ou a sair do painel do ve\u00edculo. Quando ele parou no acostamento e desembarcou, o inc\u00eandio [&hellip;]<\/p>\n","protected":false},"author":1,"featured_media":129732,"comment_status":"open","ping_status":"closed","sticky":false,"template":"","format":"standard","meta":{"amp_status":"","footnotes":""},"categories":[1236],"tags":[171138,91052,151075,171146,66077,6453,171140,171145,90380,171144,171139,171141,171142,171143,210],"class_list":["post-129731","post","type-post","status-publish","format-standard","has-post-thumbnail","hentry","category-norte_de_minas","tag-acidente-carreta-montes-claros","tag-araras","tag-carreta-pega-fogo-na-br-251","tag-carreta-pega-fogo-na-br-251-em-montes-claros","tag-em-montes-claros","tag-feira-de-santana","tag-incendio-carreta-cordeiro-montes-claros","tag-incendio-carreta-de-iogurte-que-seguia-de-araras-para-feira-de-santana","tag-incendio-carreta-montes-claros","tag-incendio-carreta-que-seguia-de-araras-para-feira-de-santana","tag-incendio-carreta-transcordeiro-em-montes-claros","tag-incendio-carreta-transportadora-cordeiro-em-montes-claros","tag-incendio-transcordeio-br-251","tag-incendio-transportadora-cordeiro-br-251","tag-montes-claros"],"_links":{"self":[{"href":"https:\/\/aconteceunovale.com.br\/portal\/index.php?rest_route=\/wp\/v2\/posts\/129731","targetHints":{"allow":["GET"]}}],"collection":[{"href":"https:\/\/aconteceunovale.com.br\/portal\/index.php?rest_route=\/wp\/v2\/posts"}],"about":[{"href":"https:\/\/aconteceunovale.com.br\/portal\/index.php?rest_route=\/wp\/v2\/types\/post"}],"author":[{"embeddable":true,"href":"https:\/\/aconteceunovale.com.br\/portal\/index.php?rest_route=\/wp\/v2\/users\/1"}],"replies":[{"embeddable":true,"href":"https:\/\/aconteceunovale.com.br\/portal\/index.php?rest_route=%2Fwp%2Fv2%2Fcomments&post=129731"}],"version-history":[{"count":0,"href":"https:\/\/aconteceunovale.com.br\/portal\/index.php?rest_route=\/wp\/v2\/posts\/129731\/revisions"}],"wp:featuredmedia":[{"embeddable":true,"href":"https:\/\/aconteceunovale.com.br\/portal\/index.php?rest_route=\/wp\/v2\/media\/129732"}],"wp:attachment":[{"href":"https:\/\/aconteceunovale.com.br\/portal\/index.php?rest_route=%2Fwp%2Fv2%2Fmedia&parent=129731"}],"wp:term":[{"taxonomy":"category","embeddable":true,"href":"https:\/\/aconteceunovale.com.br\/portal\/index.php?rest_route=%2Fwp%2Fv2%2Fcategories&post=129731"},{"taxonomy":"post_tag","embeddable":true,"href":"https:\/\/aconteceunovale.com.br\/portal\/index.php?rest_route=%2Fwp%2Fv2%2Ftags&post=129731"}],"curies":[{"name":"wp","href":"https:\/\/api.w.org\/{rel}","templated":true}]}}