{"id":129724,"date":"2018-03-22T22:10:11","date_gmt":"2018-03-23T00:10:11","guid":{"rendered":"http:\/\/aconteceunovale.com.br\/portal\/?p=129724"},"modified":"2018-03-22T22:10:11","modified_gmt":"2018-03-23T00:10:11","slug":"populacao-compra-mercadorias-que-seriam-apreendidas-por-fiscais-e-emociona-ambulante-em-montes-claros","status":"publish","type":"post","link":"https:\/\/aconteceunovale.com.br\/portal\/?p=129724","title":{"rendered":"Popula\u00e7\u00e3o compra mercadorias que seriam apreendidas por fiscais e emociona ambulante em Montes Claros"},"content":{"rendered":"<p>Uma confus\u00e3o entre um vendedor ambulante e fiscais da prefeitura de Montes Claros, no Norte de Minas, ganhou destaque nas redes sociais nesta quinta-feira (22\/03\/2018). Leonardo Ferreira vendia salgados e sucos na pra\u00e7a Doutor Carlos, no Centro da cidade, quando a fiscaliza\u00e7\u00e3o tentou apreender os produtos que ele comercializava. <\/p>\n<p>Para evitar que as mercadorias do ambulante fossem recolhidas, as pessoas que passavam pela rua come\u00e7aram a comprar tudo e evitaram o preju\u00edzo do vendedor.<\/p>\n<p>O gesto de solidariedade emociou o homem. A cena foi gravada por uma pessoa que estava no local e os v\u00eddeos viralizaram.<\/p>\n<p>Dona Maria de Lourdes, de 75 anos, \u00e9 m\u00e3e de Leonardo, e contou que o \u00fanico desejo do filho \u00e9 abrir o pr\u00f3prio neg\u00f3cio. &#8220;o sonho dele \u00e9 ter uma padaria ou uma pequena lanchonete para vender as coisas e trabalhar dignamente.  Os salgadinhos dele fazem muito sucesso e ser vendedor \u00e9 o que ele sabe fazer na vida&#8221;, desabafa ela.<\/p>\n<p>A senhora, que \u00e9 m\u00e3e de outros seis filhos, contou que h\u00e1 cinco anos o filho n\u00e3o tem um trabalho de carteira assinada. A \u00faltima vez foi como vendedor, numa loja na cidade de S\u00e3o Paulo.  <\/p>\n<p>Ele mora com a mulher num barrac\u00e3o alugado e paga um aluguel R$ 350 por m\u00eas. O dinheiro das vendas desse dia era para comprar um botij\u00e3o de g\u00e1s. <\/p>\n<p>A m\u00e3e do ambulante contou que o casal trabalha duro para fazer os salgados, o bolo de mandioca, que faz muito sucesso e os sucos. A confus\u00e3o come\u00e7ou depois que os fiscais disseram que ele n\u00e3o ia vender nada naquele local e chamaram a pol\u00edcia. <\/p>\n<p>Ela confirmou que ele n\u00e3o tem autoriza\u00e7\u00e3o da prefeitura para vender a comida na rua, mas achou uma covardia o que fizeram com ele. &#8220;todo mundo conhece a gente aqui na cidade, meu filho \u00e9 humilde e muito comunicativo, t\u00f4 muito feliz com o povo que ajudou ele&#8221;, finalizou.<\/p>\n<p><strong>Assista aos v\u00eddeos:<\/strong><\/p>\n<p><iframe loading=\"lazy\" width=\"620\" height=\"345\" src=\"https:\/\/www.youtube.com\/embed\/khUyrQGzcQY\" frameborder=\"0\" allow=\"autoplay; encrypted-media\" allowfullscreen><\/iframe><br \/>\n<\/br><\/p>\n<p><iframe loading=\"lazy\" width=\"620\" height=\"345\" src=\"https:\/\/www.youtube.com\/embed\/FXZpYyYAkJA\" frameborder=\"0\" allow=\"autoplay; encrypted-media\" allowfullscreen><\/iframe><br \/>\n<\/br><\/p>\n<p><iframe loading=\"lazy\" width=\"620\" height=\"345\" src=\"https:\/\/www.youtube.com\/embed\/jfvwebpBRfs\" frameborder=\"0\" allow=\"autoplay; encrypted-media\" allowfullscreen><\/iframe><br \/>\n<\/br><\/p>\n<p><iframe loading=\"lazy\" width=\"620\" height=\"345\" src=\"https:\/\/www.youtube.com\/embed\/UmXTiC2vBkY\" frameborder=\"0\" allow=\"autoplay; encrypted-media\" allowfullscreen><\/iframe><br \/>\n<\/br><\/p>\n<p><strong><\/p>\n<h4>&#8216;Reconheceram minha batalha&#8217;, desabafa ambulante<\/h4>\n<p><\/strong><\/p>\n<p>\u201cSenti que ainda existem pessoas que se preocupam com o pr\u00f3ximo.\u201d A frase \u00e9 do vendedor ambulante Leonardo Ferreira, de 53 anos, ao referir ao epis\u00f3dio do qual foi protagonista, registrado em um v\u00eddeo que viralizou nas redes sociais, com 3,3 milh\u00f5es de acesso at\u00e9 a noite desta quinta-feira.<\/p>\n<p>Leonardo conta que, como est\u00e1 desempregado, saiu de casa na tarde quarta-feira na tentativa de vender salgados e suco com um carrinho, na principal pra\u00e7a da cidade. Ele tinha a esperan\u00e7a de juntar dinheiro para comprar um botij\u00e3o de g\u00e1s. Sem renda fixa, ele disse que trabalha como ambulante na tentativa de pagar o aluguel, de R$ 350 por m\u00eas.<\/p>\n<p>Segundo relato do vendedor, um fiscal da Secretaria Municipal de Servi\u00e7os Urbanos chegou e afirmou que o ambulante estava atuando irregularmente no meio da pra\u00e7a, em desobedi\u00eancia ao C\u00f3digo de Posturas do munic\u00edpio. Diante da situa\u00e7\u00e3o, o servidor informou que apreenderia o carrinho e os produtos. No mesmo instante come\u00e7ou um bate-boca entre Leonardo e o fiscal, e a Pol\u00edcia Militar foi chamada. Pessoas que passavam pelo local se aproximaram.<\/p>\n<p>O ambulante conta que, quando percebeu que n\u00e3o conseguiria impedir a apreens\u00e3o, come\u00e7ou a distribuir o suco de gra\u00e7a para quem passava. \u201cA\u00ed, pessoas come\u00e7aram a falar: &#8216;Voc\u00ea n\u00e3o vai distribuir de gra\u00e7a, n\u00e3o. Voc\u00ea est\u00e1 trabalhando, n\u00e3o est\u00e1 roubando&#8217;. O pessoal come\u00e7ou a me dar dinheiro, a pagar pelo suco\u201d, relata Leonardo. \u201cFiquei emocionado e comecei a chorar, porque eu estava precisando de dinheiro para pagar o g\u00e1s. Foi um gesto nobre de eles pegarem o dinheirinho deles&#8230; Teve gente que me deu at\u00e9 R$ 10, e nem dei troco, porque n\u00e3o tinha mesmo\u201d, acrescenta, informando que tr\u00eas rapazes ainda impediram que o carrinho fosse apreendido pela fiscaliza\u00e7\u00e3o.<\/p>\n<p>O ambulante confessa que, al\u00e9m de ter se emocionado, se sentiu privilegiado por contar com a solidariedade de gente que ele nem conhecia. \u201cEu me sinto um privilegiado pelo fato de as pessoas acreditarem em meu trabalho \u2013 na qualidade dos produtos que eu vendo \u2013 e de as pessoas serem mais humanas e humildes com os outros\u201d, afirmou. <\/p>\n<p>Casado e sem filhos, Leonardo informa que j\u00e1 viveu em S\u00e3o Paulo e h\u00e1 quatro anos e meio mora em Montes Claros. Desempregado, recorreu \u00e0 venda ambulante de salgados e sucos para se manter. Ele considera que recebeu um reconhecimento de sua batalha pela sobreviv\u00eancia. \u201cAs pessoas se sensibilizaram e reconheceram a minha luta, o meu trabalho. Eu n\u00e3o fui ali para brincar. Quando voc\u00ea sai de casa, sai para defender o p\u00e3o de cada dia. Ent\u00e3o, me senti honrado, n\u00e3o por causa dos governantes, mas por causa do povo.\u201d Leonardo aproveitou ainda para dar um recado: \u201cPe\u00e7o que os governantes olhem para os pequenos, para os microempreendedores. Os ricos est\u00e3o l\u00e1 em cima por causa dos pobres. N\u00f3s que somos a diferen\u00e7a\u201d.<\/p>\n<p>Al\u00e9m da surpresa pela atitude espont\u00e2nea de ajuda, o ambulante afirma que n\u00e3o esperava que o fato ganhasse tamanha repercuss\u00e3o, e que ficou surpreso ao virar uma \u201ccelebridade\u201d da internet. \u201cEu nem sonhava com um trem desses. Na verdade, queria mesmo era vender meu salgado e meu suco\u201d, assegurou Leonardo Ferreira.<\/p>\n<p><strong>VER PRIMEIRO<\/strong><\/p>\n<p>Receba as not\u00edcias do Aconteceu no Vale em primeira m\u00e3o. Clique em curtir no endere\u00e7o <a href=\"https:\/\/www.facebook.com\/aconteceunovale\" target=\"_blank\"><font color=\"red\">www.facebook.com\/aconteceunovale<\/font><\/a> ou no box abaixo:<\/p>\n<div class=\"fb-like\" data-href=\"https:\/\/www.facebook.com\/aconteceunovale\" data-width=\"120\" data-layout=\"standard\" data-action=\"like\" data-size=\"small\" data-show-faces=\"true\" data-share=\"true\"><\/div>\n<p><\/br><\/p>\n<p><em>(Fonte: Hoje em Dia e Estado de Minas)<\/em><\/p>\n","protected":false},"excerpt":{"rendered":"<p>Uma confus\u00e3o entre um vendedor ambulante e fiscais da prefeitura de Montes Claros, no Norte de Minas, ganhou destaque nas redes sociais nesta quinta-feira (22\/03\/2018). Leonardo Ferreira vendia salgados e sucos na pra\u00e7a Doutor Carlos, no Centro da cidade, quando a fiscaliza\u00e7\u00e3o tentou apreender os produtos que ele comercializava. Para evitar que as mercadorias do [&hellip;]<\/p>\n","protected":false},"author":1,"featured_media":129725,"comment_status":"open","ping_status":"closed","sticky":false,"template":"","format":"standard","meta":{"amp_status":"","footnotes":""},"categories":[1236],"tags":[1018,171135,164176,210,171133,171136,171134],"class_list":["post-129724","post","type-post","status-publish","format-standard","has-post-thumbnail","hentry","category-norte_de_minas","tag-destaque","tag-leonardo-ferreira-soares","tag-maria-de-lourdes","tag-montes-claros","tag-populacao-compra-mercadorias-de-ambulante-em-montes-claros","tag-populacao-compra-mercadorias-que-seriam-apreendidas-por-fiscais-e-emociona-ambulante-em-montes-claros","tag-populacao-compra-mercadorias-que-seriam-apreendidas-por-fiscais-em-montes-claros"],"_links":{"self":[{"href":"https:\/\/aconteceunovale.com.br\/portal\/index.php?rest_route=\/wp\/v2\/posts\/129724","targetHints":{"allow":["GET"]}}],"collection":[{"href":"https:\/\/aconteceunovale.com.br\/portal\/index.php?rest_route=\/wp\/v2\/posts"}],"about":[{"href":"https:\/\/aconteceunovale.com.br\/portal\/index.php?rest_route=\/wp\/v2\/types\/post"}],"author":[{"embeddable":true,"href":"https:\/\/aconteceunovale.com.br\/portal\/index.php?rest_route=\/wp\/v2\/users\/1"}],"replies":[{"embeddable":true,"href":"https:\/\/aconteceunovale.com.br\/portal\/index.php?rest_route=%2Fwp%2Fv2%2Fcomments&post=129724"}],"version-history":[{"count":0,"href":"https:\/\/aconteceunovale.com.br\/portal\/index.php?rest_route=\/wp\/v2\/posts\/129724\/revisions"}],"wp:featuredmedia":[{"embeddable":true,"href":"https:\/\/aconteceunovale.com.br\/portal\/index.php?rest_route=\/wp\/v2\/media\/129725"}],"wp:attachment":[{"href":"https:\/\/aconteceunovale.com.br\/portal\/index.php?rest_route=%2Fwp%2Fv2%2Fmedia&parent=129724"}],"wp:term":[{"taxonomy":"category","embeddable":true,"href":"https:\/\/aconteceunovale.com.br\/portal\/index.php?rest_route=%2Fwp%2Fv2%2Fcategories&post=129724"},{"taxonomy":"post_tag","embeddable":true,"href":"https:\/\/aconteceunovale.com.br\/portal\/index.php?rest_route=%2Fwp%2Fv2%2Ftags&post=129724"}],"curies":[{"name":"wp","href":"https:\/\/api.w.org\/{rel}","templated":true}]}}