{"id":129668,"date":"2018-03-21T00:45:15","date_gmt":"2018-03-21T02:45:15","guid":{"rendered":"http:\/\/aconteceunovale.com.br\/portal\/?p=129668"},"modified":"2018-03-21T00:45:15","modified_gmt":"2018-03-21T02:45:15","slug":"colisao-entre-carro-e-moto-deixa-um-morto-em-virgem-da-lapa-no-vale-do-jequitinhonha","status":"publish","type":"post","link":"https:\/\/aconteceunovale.com.br\/portal\/?p=129668","title":{"rendered":"Colis\u00e3o entre carro e moto deixa um morto em Virgem da Lapa, no Vale do Jequitinhonha"},"content":{"rendered":"<p>Um homem de 60 anos, identificado como Ant\u00f4nio Esteves Viana, morreu ap\u00f3s um acidente entre a moto que ele pilotava e um ve\u00edculo Voyage, no trecho urbano da BR-367, em Virgem da Lapa, no Vale do Jequitinhonha. A colis\u00e3o ocorreu por volta de 12h30 desta ter\u00e7a-feira (20\/03\/2018).<\/p>\n<p>A v\u00edtima, que residia na Comunidade da Ch\u00e1cara, se chocou contra o ve\u00edculo pr\u00f3ximo a um posto de combust\u00edveis, na entrada da cidade. Com o impacto, a moto foi arrastada por alguns metros. <\/p>\n<p>Segundo a PM, o condutor do autom\u00f3vel, de 38 anos, que \u00e9 habilitado e trabalha em uma distribuidora de g\u00e1s na cidade, seguia pela rodovia, no sentido Virgem da Lapa\/Ara\u00e7ua\u00ed, e o lavrador em sentido contr\u00e1rio. &#8220;Pelo que apuramos, o lavrador cruzou a rodovia para entrar em uma rua \u00e0 esquerda, mas acabou atingindo o Voyage&#8221;, informou o policial. <\/p>\n<p>O motorista do carro n\u00e3o sofreu ferimentos graves e n\u00e3o precisou ser hospitalizado. J\u00e1 o motociclista chegou a ser socorrido por populares e levado ao hospital local, com suspeita de fratura na coluna, mas n\u00e3o resistiu. <\/p>\n<p>O corpo dele foi encaminhado para o Instituto M\u00e9dico Legal (IML) de Pedra Azul para exame necrosc\u00f3pico. O sepultamento do lavrador dever\u00e1 ocorrer nesta quarta-feira (21) no cemit\u00e9rio da cidade.<\/p>\n<p><img decoding=\"async\" src=\"http:\/\/aconteceunovale.com.br\/portal\/wp-content\/uploads\/2018\/03\/acidente_vdl_1.jpg\" alt=\"\" \/><em>Acidente aconteceu na BR-367, em Virgem da Lapa (Foto: Reprodu\u00e7\u00e3o\/WhatsApp)<\/em><br \/>\n<\/br><\/p>\n<p><img decoding=\"async\" src=\"http:\/\/aconteceunovale.com.br\/portal\/wp-content\/uploads\/2018\/03\/acidente_vdl_2.jpg\" alt=\"\" \/><em>Acidente aconteceu na BR-367, em Virgem da Lapa (Foto: Reprodu\u00e7\u00e3o\/WhatsApp)<\/em><br \/>\n<\/br><\/p>\n<p><img decoding=\"async\" src=\"http:\/\/aconteceunovale.com.br\/portal\/wp-content\/uploads\/2018\/03\/acidente_vdl_3.jpg\" alt=\"\" \/><em>Acidente aconteceu na BR-367, em Virgem da Lapa (Foto: Reprodu\u00e7\u00e3o\/WhatsApp)<\/em><br \/>\n<\/br><\/p>\n<p><img decoding=\"async\" src=\"http:\/\/aconteceunovale.com.br\/portal\/wp-content\/uploads\/2018\/03\/acidente_vdl_4.jpg\" alt=\"\" \/><em>Acidente aconteceu na BR-367, em Virgem da Lapa (Foto: Reprodu\u00e7\u00e3o\/WhatsApp)<\/em><br \/>\n<\/br><\/p>\n<p><strong>VER PRIMEIRO<\/strong><\/p>\n<p>Receba as not\u00edcias do Aconteceu no Vale em primeira m\u00e3o. Clique em curtir no endere\u00e7o <a href=\"https:\/\/www.facebook.com\/aconteceunovale\" target=\"_blank\"><font color=\"red\">www.facebook.com\/aconteceunovale<\/font><\/a> ou no box abaixo:<\/p>\n<div class=\"fb-like\" data-href=\"https:\/\/www.facebook.com\/aconteceunovale\" data-width=\"120\" data-layout=\"standard\" data-action=\"like\" data-size=\"small\" data-show-faces=\"true\" data-share=\"true\"><\/div>\n<p><\/br><\/p>\n<p><em>(Com Gazeta de Ara\u00e7ua\u00ed)<\/em><\/p>\n","protected":false},"excerpt":{"rendered":"<p>Um homem de 60 anos, identificado como Ant\u00f4nio Esteves Viana, morreu ap\u00f3s um acidente entre a moto que ele pilotava e um ve\u00edculo Voyage, no trecho urbano da BR-367, em Virgem da Lapa, no Vale do Jequitinhonha. A colis\u00e3o ocorreu por volta de 12h30 desta ter\u00e7a-feira (20\/03\/2018). A v\u00edtima, que residia na Comunidade da Ch\u00e1cara, [&hellip;]<\/p>\n","protected":false},"author":1,"featured_media":129670,"comment_status":"open","ping_status":"closed","sticky":false,"template":"","format":"standard","meta":{"amp_status":"","footnotes":""},"categories":[120],"tags":[171049,70483,171046,171047,171050,171051,171048,482],"class_list":["post-129668","post","type-post","status-publish","format-standard","has-post-thumbnail","hentry","category-jequi","tag-acidente-de-transito-em-virgem-da-lapa","tag-acidente-em-virgem-da-lapa","tag-acidente-entre-carro-e-moto-em-virgem-da-lapa","tag-acidente-entre-moto-e-carro-em-virgem-da-lapa","tag-antonio-esteves-viana","tag-colisao-entre-carro-e-moto-deixa-um-morto-em-virgem-da-lapa","tag-colisao-entre-moto-e-carro-em-virgem-da-lapa","tag-virgem-da-lapa"],"_links":{"self":[{"href":"https:\/\/aconteceunovale.com.br\/portal\/index.php?rest_route=\/wp\/v2\/posts\/129668","targetHints":{"allow":["GET"]}}],"collection":[{"href":"https:\/\/aconteceunovale.com.br\/portal\/index.php?rest_route=\/wp\/v2\/posts"}],"about":[{"href":"https:\/\/aconteceunovale.com.br\/portal\/index.php?rest_route=\/wp\/v2\/types\/post"}],"author":[{"embeddable":true,"href":"https:\/\/aconteceunovale.com.br\/portal\/index.php?rest_route=\/wp\/v2\/users\/1"}],"replies":[{"embeddable":true,"href":"https:\/\/aconteceunovale.com.br\/portal\/index.php?rest_route=%2Fwp%2Fv2%2Fcomments&post=129668"}],"version-history":[{"count":0,"href":"https:\/\/aconteceunovale.com.br\/portal\/index.php?rest_route=\/wp\/v2\/posts\/129668\/revisions"}],"wp:featuredmedia":[{"embeddable":true,"href":"https:\/\/aconteceunovale.com.br\/portal\/index.php?rest_route=\/wp\/v2\/media\/129670"}],"wp:attachment":[{"href":"https:\/\/aconteceunovale.com.br\/portal\/index.php?rest_route=%2Fwp%2Fv2%2Fmedia&parent=129668"}],"wp:term":[{"taxonomy":"category","embeddable":true,"href":"https:\/\/aconteceunovale.com.br\/portal\/index.php?rest_route=%2Fwp%2Fv2%2Fcategories&post=129668"},{"taxonomy":"post_tag","embeddable":true,"href":"https:\/\/aconteceunovale.com.br\/portal\/index.php?rest_route=%2Fwp%2Fv2%2Ftags&post=129668"}],"curies":[{"name":"wp","href":"https:\/\/api.w.org\/{rel}","templated":true}]}}