{"id":129471,"date":"2018-03-15T01:18:31","date_gmt":"2018-03-15T03:18:31","guid":{"rendered":"http:\/\/aconteceunovale.com.br\/portal\/?p=129471"},"modified":"2018-03-15T01:18:31","modified_gmt":"2018-03-15T03:18:31","slug":"desastres-naturais-colocam-mais-21-municipios-em-situacao-de-emergencia","status":"publish","type":"post","link":"https:\/\/aconteceunovale.com.br\/portal\/?p=129471","title":{"rendered":"Desastres naturais colocam mais 21 munic\u00edpios em situa\u00e7\u00e3o de emerg\u00eancia"},"content":{"rendered":"<p>A Secretaria Nacional de Prote\u00e7\u00e3o e Defesa Civil (Sedec), do Minist\u00e9rio da Integra\u00e7\u00e3o Nacional, reconheceu a situa\u00e7\u00e3o de emerg\u00eancia em 21 munic\u00edpios brasileiros atingidos por desastres naturais. Com a medida, as prefeituras est\u00e3o aptas a solicitar apoio \u00e0 Uni\u00e3o para a\u00e7\u00f5es de socorro, assist\u00eancia, reestabelecimento de servi\u00e7os essenciais e recupera\u00e7\u00e3o de \u00e1reas danificadas. <span style=\"color: #ff0000;\"><a href=\"http:\/\/portal.imprensanacional.gov.br\/web\/guest\/consulta?p_p_id=101&amp;p_p_lifecycle=0&amp;p_p_state=maximized&amp;p_p_mode=view&amp;_101_struts_action=%2Fasset_publisher%2Fview_content&amp;_101_returnToFullPageURL=http%3A%2F%2Fportal.imprensanacional.gov.br%2Fweb%2Fguest%2Fconsulta%3Fp_auth%3D4h1NHmN3%26p_p_id%3D3%26p_p_lifecycle%3D1%26p_p_state%3Dnormal%26p_p_state_rcv%3D1&amp;_101_assetEntryId=6444973&amp;_101_type=content&amp;_101_groupId=68942&amp;_101_urlTitle=portaria-n-66-de-13-de-marco-de-2018-6444969&amp;_101_redirect=http%3A%2F%2Fportal.imprensanacional.gov.br%2Fweb%2Fguest%2Fconsulta%3Fp_p_id%3D3%26p_p_lifecycle%3D0%26p_p_state%3Dmaximized%26p_p_mode%3Dview%26_3_modifiedselection%3D1%26_3_keywords%3DPortaria%2B66%26_3_modifieddayFrom%3D14%26_3_modifiedfrom%3D14%252F03%252F2018%26_3_modified%3D%255B20180314000000%2BTO%2B20180314235959%255D%26_3_groupId%3D0%26_3_modifiedto%3D14%252F03%252F2018%26_3_modifieddayTo%3D14%26_3_ddm_21040_pubName_pt_BR_sortable%3Ddo1%252C%2Bdo1a%252C%2Bdo1e%26_3_modifiedyearTo%3D2018%26_3_modifiedyearFrom%3D2018%26_3_modifiedmonthFrom%3D2%26_3_cur%3D1%26_3_struts_action%3D%252Fsearch%252Fsearch%26_3_modifiedmonthTo%3D2&amp;inheritRedirect=true\" target=\"_blank\"><span style=\"color: #ff0000;\">A portaria foi publicada na edi\u00e7\u00e3o desta quarta-feira (14) do Di\u00e1rio Oficial da Uni\u00e3o.<\/span><\/a><\/span><\/p>\n<p>A estiagem afeta mais quatro cidades baianas (Queimadas, Barro Alto, Irar\u00e1 e Cris\u00f3polis) e tr\u00eas ga\u00fachas (Chuvisca, Dom Feliciano e Pinheiro Machado). Arinos e Virgem da Lapa, em Minas Gerais, tamb\u00e9m enfrentam a falta de chuvas, sendo que em Virgem da Lapa a popula\u00e7\u00e3o convive com a seca e com grave desequil\u00edbrio hidrol\u00f3gico, atingindo toda a \u00e1rea rural e j\u00e1 provocando perdas integrais das lavouras de milho e feij\u00e3o.<\/p>\n<p>Por\u00e9m, Minas tamb\u00e9m registrou chuvas intensas em Candeias e Jaboticatubas. Algumas \u00e1reas em Machacalis foram inundadas ap\u00f3s ocorr\u00eancia de precipita\u00e7\u00f5es prolongadas e em Te\u00f3filo Otoni aconteceram deslizamentos. Outras duas cidades no Mato Grosso (Juruena e Novo Mundo) e duas no Mato Grosso do Sul (Bonito e Anast\u00e1cio) est\u00e3o com situa\u00e7\u00e3o de emerg\u00eancia reconhecida pelo mesmo motivo. J\u00e1 o munic\u00edpio de Brusque, em Santa Catarina, foi atingido por vendavais.<\/p>\n<p>Por consequ\u00eancia do excesso de chuvas, mais tr\u00eas cidades no Par\u00e1 est\u00e3o na lista de reconhecimentos: Concei\u00e7\u00e3o do Araguaia, Tucum\u00e3 (enxurradas) e Quatipuru (eros\u00e3o nas margens dos rios).<\/p>\n<p>Para acessar o apoio emergencial disponibilizado pela Defesa Civil Nacional, os munic\u00edpios devem apresentar um relat\u00f3rio com o diagn\u00f3stico dos danos e o Plano Detalhado de Resposta (PDR), por meio do\u00a0<span style=\"color: #ff0000;\"><a href=\"https:\/\/s2id.mi.gov.br\/\" target=\"_blank\"><span style=\"color: #ff0000;\">Sistema Integrado de Informa\u00e7\u00f5es sobre Desastres (S2ID)<\/span><\/a><\/span>. Ap\u00f3s a an\u00e1lise, se aprovado, o recurso \u00e9 definido e liberado. A Uni\u00e3o apoia de forma complementar as a\u00e7\u00f5es de Defesa Civil de estados e munic\u00edpios.<\/p>\n<p><img decoding=\"async\" src=\"http:\/\/aconteceunovale.com.br\/portal\/wp-content\/uploads\/2018\/03\/emergencia_reconhecida.jpg\" alt=\"\" \/><br \/>\n<\/br><\/p>\n<p><strong>VER PRIMEIRO<\/strong><\/p>\n<p>Receba as not\u00edcias do Aconteceu no Vale em primeira m\u00e3o. Clique em curtir no endere\u00e7o <a href=\"https:\/\/www.facebook.com\/aconteceunovale\" target=\"_blank\"><font color=\"red\">www.facebook.com\/aconteceunovale<\/font><\/a> ou no box abaixo:<\/p>\n<div class=\"fb-like\" data-href=\"https:\/\/www.facebook.com\/aconteceunovale\" data-width=\"120\" data-layout=\"standard\" data-action=\"like\" data-size=\"small\" data-show-faces=\"true\" data-share=\"true\"><\/div>\n<p><\/br><\/p>\n<p><em>(Fonte: Minist\u00e9rio da Integra\u00e7\u00e3o Nacional)<\/em><\/p>\n","protected":false},"excerpt":{"rendered":"<p>A Secretaria Nacional de Prote\u00e7\u00e3o e Defesa Civil (Sedec), do Minist\u00e9rio da Integra\u00e7\u00e3o Nacional, reconheceu a situa\u00e7\u00e3o de emerg\u00eancia em 21 munic\u00edpios brasileiros atingidos por desastres naturais. Com a medida, as prefeituras est\u00e3o aptas a solicitar apoio \u00e0 Uni\u00e3o para a\u00e7\u00f5es de socorro, assist\u00eancia, reestabelecimento de servi\u00e7os essenciais e recupera\u00e7\u00e3o de \u00e1reas danificadas. A portaria [&hellip;]<\/p>\n","protected":false},"author":1,"featured_media":129472,"comment_status":"open","ping_status":"closed","sticky":false,"template":"","format":"standard","meta":{"amp_status":"","footnotes":""},"categories":[6,123,120,122],"tags":[148195,253,115980,50441,152207,1631,170758,100859,44235,170759,170757,2600,170760,2236,20026,170761,93226,170763,102832,128543,128542,164,170762,482],"class_list":["post-129471","post","type-post","status-publish","format-standard","has-post-thumbnail","hentry","category-br","category-gerais","category-jequi","category-mucuri","tag-anastacio","tag-arinos","tag-barro-alto","tag-bonito","tag-brusque","tag-candeias","tag-chuvisca","tag-conceicao-do-araguaia","tag-crisopolis","tag-dom-feliciano","tag-irara","tag-jaboticatubas","tag-juruena","tag-machacalis","tag-ministerio-da-integracao-nacional","tag-novo-mundo","tag-pinheiro-machado","tag-quatipuru","tag-queimadas","tag-secretaria-nacional-de-protecao-e-defesa-civil","tag-sedec","tag-teofilo-otoni","tag-tucuma","tag-virgem-da-lapa"],"_links":{"self":[{"href":"https:\/\/aconteceunovale.com.br\/portal\/index.php?rest_route=\/wp\/v2\/posts\/129471","targetHints":{"allow":["GET"]}}],"collection":[{"href":"https:\/\/aconteceunovale.com.br\/portal\/index.php?rest_route=\/wp\/v2\/posts"}],"about":[{"href":"https:\/\/aconteceunovale.com.br\/portal\/index.php?rest_route=\/wp\/v2\/types\/post"}],"author":[{"embeddable":true,"href":"https:\/\/aconteceunovale.com.br\/portal\/index.php?rest_route=\/wp\/v2\/users\/1"}],"replies":[{"embeddable":true,"href":"https:\/\/aconteceunovale.com.br\/portal\/index.php?rest_route=%2Fwp%2Fv2%2Fcomments&post=129471"}],"version-history":[{"count":0,"href":"https:\/\/aconteceunovale.com.br\/portal\/index.php?rest_route=\/wp\/v2\/posts\/129471\/revisions"}],"wp:featuredmedia":[{"embeddable":true,"href":"https:\/\/aconteceunovale.com.br\/portal\/index.php?rest_route=\/wp\/v2\/media\/129472"}],"wp:attachment":[{"href":"https:\/\/aconteceunovale.com.br\/portal\/index.php?rest_route=%2Fwp%2Fv2%2Fmedia&parent=129471"}],"wp:term":[{"taxonomy":"category","embeddable":true,"href":"https:\/\/aconteceunovale.com.br\/portal\/index.php?rest_route=%2Fwp%2Fv2%2Fcategories&post=129471"},{"taxonomy":"post_tag","embeddable":true,"href":"https:\/\/aconteceunovale.com.br\/portal\/index.php?rest_route=%2Fwp%2Fv2%2Ftags&post=129471"}],"curies":[{"name":"wp","href":"https:\/\/api.w.org\/{rel}","templated":true}]}}