{"id":129460,"date":"2018-03-15T00:22:52","date_gmt":"2018-03-15T02:22:52","guid":{"rendered":"http:\/\/aconteceunovale.com.br\/portal\/?p=129460"},"modified":"2018-03-15T01:05:09","modified_gmt":"2018-03-15T03:05:09","slug":"vereadora-e-morta-a-tiros-no-rio","status":"publish","type":"post","link":"https:\/\/aconteceunovale.com.br\/portal\/?p=129460","title":{"rendered":"Vereadora \u00e9 morta a tiros no Rio"},"content":{"rendered":"<p>A vereadora pelo Rio de Janeiro Marielle Franco, do PSOL, foi morta a tiros no bairro do Est\u00e1cio, regi\u00e3o central da capital carioca, na noite desta quarta-feira (14\/03\/2018). Ela estava dentro de um carro acompanhada de um motorista, que tamb\u00e9m foi morto, e de uma assessora, quando teria sido abordada por outro ve\u00edculo.<\/p>\n<p>Uma ambul\u00e2ncia do quartel central do Corpo de Bombeiros foi acionada para o local e constatou a morte da parlamentar e do motorista. A vereadora estava indo para casa no bairro da Tijuca, zona norte do Rio, voltando de um evento ligado ao movimento negro, na Lapa.<\/p>\n<p>A Delegacia de Homic\u00eddios foi acionada para periciar o carro da v\u00edtima, atingido por v\u00e1rios tiros.  Segundo informa\u00e7\u00f5es da Pol\u00edcia Militar do RJ, que atendeu a ocorr\u00eancia, a parlamentar e o motorista, que n\u00e3o teve a identidade informada, foram baleados e morreram no local. A assessora Fernanda Chaves sobreviveu ao ataque e n\u00e3o teria sofrido nenhum tiro, segundo o Corpo de Bombeiros.<\/p>\n<p>Marielle voltava de um evento chamado \u201cJovens negras movendo as estruturas\u201d, na Lapa, quando, de acordo com testemunhas, teve o carro emparelhado por outro ve\u00edculo, de onde partiram os tiros.<\/p>\n<p><img decoding=\"async\" src=\"http:\/\/aconteceunovale.com.br\/portal\/wp-content\/uploads\/2018\/03\/vereadora_rio_2.jpg\" alt=\"\" \/><em>Carro em que Marielle estava quando foi baleada (Foto: Reprodu\u00e7\u00e3o\/WhatsApp)<\/em><br \/>\n<\/br><\/p>\n<p>Em nota, a Executiva Nacional do PSOL manifestou pesar pelo assassinato da vereadora e destacou sua atua\u00e7\u00e3o pol\u00edtica. \u201cA atua\u00e7\u00e3o de Marielle como vereadora e ativista dos direitos humanos orgulha toda a milit\u00e2ncia do PSOL e ser\u00e1 honrada na continuidade de sua luta\u201d, diz um trecho. O partido tamb\u00e9m exigiu apura\u00e7\u00e3o \u201cimediata e rigorosa\u201d sobre as circunst\u00e2ncias do crime.<\/p>\n<p>H\u00e1 duas semanas, Marielle havia assumido relatoria da Comiss\u00e3o da C\u00e2mara de Vereadores do Rio criada para acompanhar a interven\u00e7\u00e3o federal na seguran\u00e7a p\u00fablica do Rio de Janeiro. Ela vinha se posicionando publicamente contra a medida.<\/p>\n<p>A parlamentar tamb\u00e9m chegou a denunciar, em suas redes sociais, no fim de semana, uma a\u00e7\u00e3o de policiais militares na favela do Acari. \u201cO 41\u00ba Batalh\u00e3o da Pol\u00edcia Militar do Rio de Janeiro est\u00e1 aterrorizando e violentando moradores de Acari. (\u2026) Acontece desde sempre e com a interven\u00e7\u00e3o ficou ainda pior\u201d, escreveu.<\/p>\n<p>A PMERJ confirmou a opera\u00e7\u00e3o e argumentou que criminosos atiraram contra os policiais e houve confronto. Durante vasculhamento na comunidade, dois homens foram presos e houve apreens\u00e3o de um fuzil calibre 7,62 mm e oito r\u00e1dios comunicadores, segundo nota da corpora\u00e7\u00e3o.<\/p>\n<p><img decoding=\"async\" src=\"http:\/\/aconteceunovale.com.br\/portal\/wp-content\/uploads\/2018\/03\/vereadora_rio_1.jpg\" alt=\"\" \/><em>Marielle Franco foi a quinta vereadora mais votada do Rio (Foto: Reprodu\u00e7\u00e3o\/Facebook)<\/em><br \/>\n<\/br><\/p>\n<p><strong>Trajet\u00f3ria<\/strong><\/p>\n<p>Eleita com 46,5 mil votos, a quinta maior vota\u00e7\u00e3o para vereadora nas elei\u00e7\u00f5es de 2016, Marielle Franco estava no primeiro mandato como parlamentar. Oriunda da favela da Mar\u00e9, zona norte do Rio, Marielle tinha 38 anos, era soci\u00f3loga, com mestrado em Administra\u00e7\u00e3o P\u00fablica e militava no tema de direitos humanos.<\/p>\n<h4>A\u00e7\u00e3o de militares em Acari<\/h4>\n<p>No s\u00e1bado (10), Marielle fez uma postagem no Twitter reclamando da a\u00e7\u00e3o dos PMs em Acari. &#8220;O que est\u00e1 acontecendo agora em Acari \u00e9 um absurdo! E acontece desde sempre! O 41\u00b0 batalh\u00e3o da PM \u00e9 conhecido como Batalh\u00e3o da morte. CHEGA de esculachar a popula\u00e7\u00e3o! CHEGA de matarem nossos jovens&#8221;, escreveu ela.<\/p>\n<blockquote class=\"twitter-tweet\" data-lang=\"pt\">\n<p lang=\"pt\" dir=\"ltr\">O que est\u00e1 acontecendo agora em Acari \u00e9 um absurdo! E acontece desde sempre! O 41\u00b0 batalh\u00e3o da PM \u00e9 conhecido como Batalh\u00e3o da morte. CHEGA de esculachar a popula\u00e7\u00e3o! CHEGA de matarem nossos jovens! <a href=\"https:\/\/t.co\/SrSycFE5Sl\">pic.twitter.com\/SrSycFE5Sl<\/a><\/p>\n<p>&mdash; Marielle Franco (@mariellefranco) <a href=\"https:\/\/twitter.com\/mariellefranco\/status\/972587390131896320?ref_src=twsrc%5Etfw\">10 de mar\u00e7o de 2018<\/a><\/p><\/blockquote>\n<p><script async src=\"https:\/\/platform.twitter.com\/widgets.js\" charset=\"utf-8\"><\/script><br \/>\n<\/br><\/p>\n<h4>Pol\u00edticos, partidos e entidades lamentam morte da vereadora<\/h4>\n<p>Pol\u00edticos, governos e entidades divulgaram notas lamentando a morte da vereadora Marielle Franco (PSOL), assassinada a tiros no Centro do Rio na noite desta quarta-feira (14).<\/p>\n<p><strong>Marcelo Crivella, prefeito do Rio:<\/strong> &#8220;\u00c9 com profundo pesar que lamentamos o brutal assassinato da vereadora Marielle Franco cuja honradez, bravura e esp\u00edrito p\u00fablico representavam com grandeza inigual\u00e1vel as virtudes da mulher carioca. Sua trajet\u00f3ria exemplar de supera\u00e7\u00e3o continuar\u00e1 a brilhar como uma estrela de esperan\u00e7a para todos que, inconformados, lutam por um Rio culto, poderoso, rico, mas, sobretudo, justo e humano. Em cada lar uma prece, em cada olhar uma l\u00e1grima e em cada cora\u00e7\u00e3o um voto de tristeza, dor e saudade. \u00c9 assim que hoje anoitece a cidade desolada e amargurada pela perda de sua filha inesquec\u00edvel e inigual\u00e1vel. Que Deus a tenha!&#8221;<\/p>\n<p><strong>Governo Federal (Secretaria Especial de Comunica\u00e7\u00e3o Social da Presid\u00eancia da Rep\u00fablica):<\/strong> O governo federal acompanhar\u00e1 toda a apura\u00e7\u00e3o do assassinato da vereadora Marielle Franco e do motorista que a acompanhava na noite desta quarta-feira, no Rio de Janeiro. O ministro da Seguran\u00e7a P\u00fablica, Raul Jungmann, falou com o interventor federal no estado, general Walter Braga Netto, e colocou a Pol\u00edcia Federal \u00e0 disposi\u00e7\u00e3o para auxiliar em toda investiga\u00e7\u00e3o.<\/p>\n<p><strong>Deputado estadual Wanderson Nogueira (PSOL):<\/strong> &#8220;A gente est\u00e1 muito abalado, assustado, surpreso. Sa\u00ed agora da Alerj e soube da not\u00edcia (da morte da Marielle). O (Marcelo) Freixo foi o primeiro a ir para l\u00e1. N\u00e3o tem como falar (sobre execu\u00e7\u00e3o), seria especula\u00e7\u00e3o, mas \u00e9 claro que o sentimento \u00e9 esse. Mas \u00e9 cedo para falar. A Marielle sempre foi muito combativa, trabalhou nos direitos humanos com o Freixo e sempre deu voz \u00e0s pessoas atacadas pelas for\u00e7as&#8221;.<\/p>\n<p><strong>Deputado estadual Luiz Paulo (PSDB):<\/strong> &#8220;Vereadora combativa, humana, part\u00edcipe de todas as lutas populares. Inaceit\u00e1vel tal crime brutal&#8221;.<\/p>\n<p><strong>Deputada Estadual Zeidan (PT):<\/strong> &#8220;Estamos perplexos, chocados e tristes com essa not\u00edcia. As circunst\u00e2ncias da morte ainda n\u00e3o foram esclarecidas. No domingo, Marielle tamb\u00e9m denunciou uma a\u00e7\u00e3o de PMs do 41\u00ba BPM na Favela de Acari. Moradores reclamaram da trucul\u00eancia dos policiais. Marielle era uma jovem brilhante, promissora lideran\u00e7a de esquerda e lideran\u00e7a feminista.Vai fazer muita falta na C\u00e2mara de Vereadores e na pol\u00edtica, num momento t\u00e3o dif\u00edcil. Lamentamos pela morte dela e do seu motorista. Nosso mandato est\u00e1 de luto&#8221;.<\/p>\n<p><strong>PSOL nacional:<\/strong> O Partido Socialismo e Liberdade vem a p\u00fablico manifestar seu pesar diante do assassinato da vereadora Marielle Franco. Estamos ao lado dos familiares, amigos, assessores e dirigentes partid\u00e1rios do PSOL\/RJ nesse momento de dor e indigna\u00e7\u00e3o. A atua\u00e7\u00e3o de Marielle como vereadora e ativista dos direitos humanos orgulha toda a milit\u00e2ncia do PSOL e ser\u00e1 honrada na continuidade de sua luta. Exigimos apura\u00e7\u00e3o imediata e rigorosa desse crime hediondo. N\u00e3o nos calaremos!<\/p>\n<p><strong>OAB-RJ:<\/strong> Assim que tomou conhecimento do b\u00e1rbaro assassinato da vereadora Marielle Franco (PSOL), ocorrido na noite desta quarta, no bairro do Est\u00e1cio, regi\u00e3o central do Rio, o presidente da OAB\/RJ, Felipe Santa Cruz, entrou em contato com a Chefia de Pol\u00edcia para cobrar uma imediata e rigorosa apura\u00e7\u00e3o do crime. \u201cA OAB\/RJ n\u00e3o vai descansar enquanto os culpados n\u00e3o forem devidamente punidos. Os tiros contra uma parlamentar eleita e em pleno cumprimento do mandato atingem o pr\u00f3prio Estado democr\u00e1tico de Direito\u201d, afirmou Felipe.<\/p>\n<p><img decoding=\"async\" src=\"http:\/\/aconteceunovale.com.br\/portal\/wp-content\/uploads\/2018\/03\/vereadora_rio_3.jpg\" alt=\"\" \/><em>Marielle participou de um evento na Lapa antes do assassinato (Foto: Reprodu\u00e7\u00e3o\/Facebook)<\/em><br \/>\n<\/br><\/p>\n<p><strong>VER PRIMEIRO<\/strong><\/p>\n<p>Receba as not\u00edcias do Aconteceu no Vale em primeira m\u00e3o. Clique em curtir no endere\u00e7o <a href=\"https:\/\/www.facebook.com\/aconteceunovale\" target=\"_blank\"><font color=\"red\">www.facebook.com\/aconteceunovale<\/font><\/a> ou no box abaixo:<\/p>\n<div class=\"fb-like\" data-href=\"https:\/\/www.facebook.com\/aconteceunovale\" data-width=\"120\" data-layout=\"standard\" data-action=\"like\" data-size=\"small\" data-show-faces=\"true\" data-share=\"true\"><\/div>\n<p><\/br><\/p>\n<p><em>(Fonte: Ag\u00eancia Brasil e G1 Rio)<\/em><\/p>\n","protected":false},"excerpt":{"rendered":"<p>A vereadora pelo Rio de Janeiro Marielle Franco, do PSOL, foi morta a tiros no bairro do Est\u00e1cio, regi\u00e3o central da capital carioca, na noite desta quarta-feira (14\/03\/2018). Ela estava dentro de um carro acompanhada de um motorista, que tamb\u00e9m foi morto, e de uma assessora, quando teria sido abordada por outro ve\u00edculo. Uma ambul\u00e2ncia [&hellip;]<\/p>\n","protected":false},"author":1,"featured_media":129462,"comment_status":"open","ping_status":"closed","sticky":false,"template":"","format":"standard","meta":{"amp_status":"","footnotes":""},"categories":[6,40240],"tags":[170750,170749,170745,170753,170748,170743,170755,170751,170746,170747,170744,170754,13969,170756,170742,170752],"class_list":["post-129460","post","type-post","status-publish","format-standard","has-post-thumbnail","hentry","category-br","category-politica-2","tag-assassinato-marielle-franco","tag-ataque-marielle-franco","tag-ataque-vereadora-marielle-franco","tag-ataque-vereadora-psol","tag-atentado-marielle-franco","tag-atentado-vereadora-marielle-franco","tag-fernanda-chaves","tag-marcelo-freixo","tag-marielle-franco","tag-morre-marielle-franco","tag-morte-vereadora-marielle-franco","tag-morte-vereadora-psol","tag-psol","tag-vereadora-e-morta-a-tiros-no-rio","tag-vereadora-marielle-franco","tag-vereadora-psol"],"_links":{"self":[{"href":"https:\/\/aconteceunovale.com.br\/portal\/index.php?rest_route=\/wp\/v2\/posts\/129460","targetHints":{"allow":["GET"]}}],"collection":[{"href":"https:\/\/aconteceunovale.com.br\/portal\/index.php?rest_route=\/wp\/v2\/posts"}],"about":[{"href":"https:\/\/aconteceunovale.com.br\/portal\/index.php?rest_route=\/wp\/v2\/types\/post"}],"author":[{"embeddable":true,"href":"https:\/\/aconteceunovale.com.br\/portal\/index.php?rest_route=\/wp\/v2\/users\/1"}],"replies":[{"embeddable":true,"href":"https:\/\/aconteceunovale.com.br\/portal\/index.php?rest_route=%2Fwp%2Fv2%2Fcomments&post=129460"}],"version-history":[{"count":0,"href":"https:\/\/aconteceunovale.com.br\/portal\/index.php?rest_route=\/wp\/v2\/posts\/129460\/revisions"}],"wp:featuredmedia":[{"embeddable":true,"href":"https:\/\/aconteceunovale.com.br\/portal\/index.php?rest_route=\/wp\/v2\/media\/129462"}],"wp:attachment":[{"href":"https:\/\/aconteceunovale.com.br\/portal\/index.php?rest_route=%2Fwp%2Fv2%2Fmedia&parent=129460"}],"wp:term":[{"taxonomy":"category","embeddable":true,"href":"https:\/\/aconteceunovale.com.br\/portal\/index.php?rest_route=%2Fwp%2Fv2%2Fcategories&post=129460"},{"taxonomy":"post_tag","embeddable":true,"href":"https:\/\/aconteceunovale.com.br\/portal\/index.php?rest_route=%2Fwp%2Fv2%2Ftags&post=129460"}],"curies":[{"name":"wp","href":"https:\/\/api.w.org\/{rel}","templated":true}]}}