{"id":129380,"date":"2018-03-13T22:03:12","date_gmt":"2018-03-14T00:03:12","guid":{"rendered":"http:\/\/aconteceunovale.com.br\/portal\/?p=129380"},"modified":"2018-03-13T22:03:12","modified_gmt":"2018-03-14T00:03:12","slug":"populacao-e-deputados-cobram-pavimentacao-de-trechos-da-mg-220","status":"publish","type":"post","link":"https:\/\/aconteceunovale.com.br\/portal\/?p=129380","title":{"rendered":"Popula\u00e7\u00e3o e deputados cobram pavimenta\u00e7\u00e3o de trechos da MG-220"},"content":{"rendered":"<p>Os trechos da rodovia MG-220 localizados entre Corinto e o distrito de Andrequic\u00e9 (no munic\u00edpio de Tr\u00eas Marias) e entre Monjolos e Diamantina s\u00e3o hoje um entrave para o turismo e o escoamento da produ\u00e7\u00e3o na Regi\u00e3o Central do Estado. Essa foi a principal queixa apresentada por deputados e pol\u00edticos locais nesta ter\u00e7a-feira (13\/3\/18), durante audi\u00eancia da Comiss\u00e3o de Transporte, Comunica\u00e7\u00e3o e Obras P\u00fablicas da Assembleia Legislativa de Minas Gerais (ALMG).<\/p>\n<p>Eles reivindicaram a pavimenta\u00e7\u00e3o urgente desses trechos para o desenvolvimento econ\u00f4mico e social dos munic\u00edpios que margeiam a rodovia. O Governo do Estado reconhece a import\u00e2ncia da MG-220, mas alega que a crise econ\u00f4mica no Pa\u00eds impossibilitou todas as interven\u00e7\u00f5es necess\u00e1rias.<\/p>\n<p>O deputado Anselmo Jos\u00e9 Domingos (PTC), que solicitou a reuni\u00e3o, lembrou que, apesar de nunca ter sa\u00eddo do papel, o asfaltamento desses pontos da estrada foram inclu\u00eddos no programa estadual Caminhos de Minas em 2014.<\/p>\n<p>\u201cDesde ent\u00e3o, o problema vem se agravando. O percurso entre Tr\u00eas Marias e Diamantina \u00e9 uma rota tur\u00edstica. \u00c9 tamb\u00e9m muito importante para a agricultura e a pecu\u00e1ria, que seguraram o PIB do Brasil em 2017\u201d, ressaltou o deputado. O parlamentar tamb\u00e9m cobrou que as interven\u00e7\u00f5es na rodovia sejam prioridade no plano para execu\u00e7\u00e3o de obras que o governo estaria implementando.<\/p>\n<p>Um dos articuladores da audi\u00eancia, o ex-deputado C\u00e9lio Moreira, no entanto, n\u00e3o acredita que haja boa vontade do Poder Executivo para que a pavimenta\u00e7\u00e3o aconte\u00e7a. \u201cFalta compromisso com a cidade de Corinto. O trecho entre Cordisburgo e Caetan\u00f3polis, por exemplo, j\u00e1 est\u00e1 sendo recuperado. O Executivo precisa articular para buscar recursos, mas n\u00e3o tem di\u00e1logo nem com o governo federal\u201d, opinou.<\/p>\n<p>C\u00e9lio Moreira, assim como o deputado Ivair Nogueira (PMDB), salientou que as obras trariam economia de tempo e facilitariam o transporte de mercadorias, levando dinheiro para os munic\u00edpios.<\/p>\n<p><strong>Licita\u00e7\u00e3o<\/strong> &#8211; Ivair Nogueira informou, contudo, que j\u00e1 participou de reuni\u00f5es com o governador Fernando Pimentel sobre o assunto, que resultaram em avan\u00e7os. De acordo com o deputado, j\u00e1 h\u00e1 autoriza\u00e7\u00e3o para a abertura de concorr\u00eancia para a elabora\u00e7\u00e3o de um projeto executivo para o asfaltamento dos cerca de 65 quil\u00f4metros que ligam Monjolos a Diamantina.<\/p>\n<p>A informa\u00e7\u00e3o foi confirmada pelo representante do Departamento de Edifica\u00e7\u00f5es e Estradas de Rodagem (DEER-MG), Haroldo Costa. A licita\u00e7\u00e3o para a formula\u00e7\u00e3o do projeto, or\u00e7ado em R$ 3,4 milh\u00f5es, ser\u00e1 no dia 9 de abril. O prazo estimado para a sua elabora\u00e7\u00e3o \u00e9 de um ano.<\/p>\n<p>Em rela\u00e7\u00e3o ao trecho entre Corinto e Andrequic\u00e9, Haroldo disse que j\u00e1 um projeto para interven\u00e7\u00e3o desde 2013, mas que ainda n\u00e3o foram liberados recursos para que as obras sejam efetivadas.<\/p>\n<p><img decoding=\"async\" src=\"http:\/\/aconteceunovale.com.br\/portal\/wp-content\/uploads\/2018\/03\/asfalto_mg22.jpg\" alt=\"\" \/><em>Lideran\u00e7as pol\u00edticas da Regi\u00e3o Central do Estado abordaram a import\u00e2ncia da pavimenta\u00e7\u00e3o para o turismo e o escoamento da produ\u00e7\u00e3o &#8211; Foto: Sarah Torres\/ALMG<\/em><br \/>\n<\/br><\/p>\n<h4>Pavimenta\u00e7\u00e3o da rodovia \u00e9 um sonho antigo<\/h4>\n<p>Compareceram \u00e0 audi\u00eancia diversos vereadores de munic\u00edpios da Regi\u00e3o Central e o prefeito de Corinto, S\u00f3crates de Lima Filho. Eles relataram o quanto o asfaltamento da rodovia \u00e9 aguardado ansiosamente pela popula\u00e7\u00e3o, que escuta promessas nesse sentido desde que a Usina Hidrel\u00e9trica de Tr\u00eas Marias foi inaugurada, em 1962.<\/p>\n<p>\u201cEu tinha 17 anos quando a usina foi constru\u00edda. Buscavam areia na fazenda da minha fam\u00edlia para as obras. Na \u00e9poca, disseram que em pouco tempo o trecho entre Tr\u00eas Marias e Corinto seria asfaltado. Hoje estou com 78 anos e nada foi feito\u201d, lamentou Paulo Roberto Bernardes, da Cooperativa Agropecu\u00e1ria de Corinto.<\/p>\n<p><strong>Integra\u00e7\u00e3o <\/strong>&#8211; Vereadores do munic\u00edpio e de Diamantina abordaram a for\u00e7a na regi\u00e3o da produ\u00e7\u00e3o de leite, hortifrutigranjeiros, carne su\u00edna e bovina, assim como da explora\u00e7\u00e3o de madeira, para refor\u00e7ar os benef\u00edcios que o asfaltamento da rodovia traria para o com\u00e9rcio dos produtos.<\/p>\n<p>S\u00f3crates de Lima Filho, prefeito de Corinto, entregou \u00e0 comiss\u00e3o um abaixo-assinado a favor das obras com 5 mil assinaturas. Ele destacou que a pavimenta\u00e7\u00e3o seria muito importante para a integra\u00e7\u00e3o entre o Tri\u00e2ngulo Mineiro e os Vales do Jequitinhonha e Mucuri.<\/p>\n<p><strong>Desdobramentos <\/strong>&#8211; A comiss\u00e3o tamb\u00e9m recebeu requerimentos com sugest\u00f5es de provid\u00eancias para que a pavimenta\u00e7\u00e3o dos trechos da MG-220 seja viabilizada. Esses requerimentos ser\u00e3o votados na sua pr\u00f3xima reuni\u00e3o ordin\u00e1ria.<\/p>\n<p><strong>VER PRIMEIRO<\/strong><\/p>\n<p>Receba as not\u00edcias do Aconteceu no Vale em primeira m\u00e3o. Clique em curtir no endere\u00e7o <a href=\"https:\/\/www.facebook.com\/aconteceunovale\" target=\"_blank\"><font color=\"red\">www.facebook.com\/aconteceunovale<\/font><\/a> ou no box abaixo:<\/p>\n<div class=\"fb-like\" data-href=\"https:\/\/www.facebook.com\/aconteceunovale\" data-width=\"120\" data-layout=\"standard\" data-action=\"like\" data-size=\"small\" data-show-faces=\"true\" data-share=\"true\"><\/div>\n<p><\/br><\/p>\n<p><em>(Fonte: ALMG)<\/em><\/p>\n","protected":false},"excerpt":{"rendered":"<p>Os trechos da rodovia MG-220 localizados entre Corinto e o distrito de Andrequic\u00e9 (no munic\u00edpio de Tr\u00eas Marias) e entre Monjolos e Diamantina s\u00e3o hoje um entrave para o turismo e o escoamento da produ\u00e7\u00e3o na Regi\u00e3o Central do Estado. Essa foi a principal queixa apresentada por deputados e pol\u00edticos locais nesta ter\u00e7a-feira (13\/3\/18), durante [&hellip;]<\/p>\n","protected":false},"author":1,"featured_media":129381,"comment_status":"open","ping_status":"closed","sticky":false,"template":"","format":"standard","meta":{"amp_status":"","footnotes":""},"categories":[123,120],"tags":[752,16078,170541,24358,170540,170539,170542,1534,198,170538,4681,170643,1533],"class_list":["post-129380","post","type-post","status-publish","format-standard","has-post-thumbnail","hentry","category-gerais","category-jequi","tag-almg","tag-andrequice","tag-anselmo-jose-domingos","tag-assembleia-legislativa-de-minas-gerais","tag-condicoes-da-mg-220","tag-condicoes-precarias-da-mg-220","tag-condicoes-precarias-da-mg-220-motivam-debate-na-assembleia-de-minas","tag-corinto","tag-diamantina","tag-mg-220","tag-monjolos","tag-populacao-e-deputados-cobram-pavimentacao-de-trechos-da-mg-220","tag-tres-marias"],"_links":{"self":[{"href":"https:\/\/aconteceunovale.com.br\/portal\/index.php?rest_route=\/wp\/v2\/posts\/129380","targetHints":{"allow":["GET"]}}],"collection":[{"href":"https:\/\/aconteceunovale.com.br\/portal\/index.php?rest_route=\/wp\/v2\/posts"}],"about":[{"href":"https:\/\/aconteceunovale.com.br\/portal\/index.php?rest_route=\/wp\/v2\/types\/post"}],"author":[{"embeddable":true,"href":"https:\/\/aconteceunovale.com.br\/portal\/index.php?rest_route=\/wp\/v2\/users\/1"}],"replies":[{"embeddable":true,"href":"https:\/\/aconteceunovale.com.br\/portal\/index.php?rest_route=%2Fwp%2Fv2%2Fcomments&post=129380"}],"version-history":[{"count":0,"href":"https:\/\/aconteceunovale.com.br\/portal\/index.php?rest_route=\/wp\/v2\/posts\/129380\/revisions"}],"wp:featuredmedia":[{"embeddable":true,"href":"https:\/\/aconteceunovale.com.br\/portal\/index.php?rest_route=\/wp\/v2\/media\/129381"}],"wp:attachment":[{"href":"https:\/\/aconteceunovale.com.br\/portal\/index.php?rest_route=%2Fwp%2Fv2%2Fmedia&parent=129380"}],"wp:term":[{"taxonomy":"category","embeddable":true,"href":"https:\/\/aconteceunovale.com.br\/portal\/index.php?rest_route=%2Fwp%2Fv2%2Fcategories&post=129380"},{"taxonomy":"post_tag","embeddable":true,"href":"https:\/\/aconteceunovale.com.br\/portal\/index.php?rest_route=%2Fwp%2Fv2%2Ftags&post=129380"}],"curies":[{"name":"wp","href":"https:\/\/api.w.org\/{rel}","templated":true}]}}