{"id":129377,"date":"2018-03-13T21:22:37","date_gmt":"2018-03-13T23:22:37","guid":{"rendered":"http:\/\/aconteceunovale.com.br\/portal\/?p=129377"},"modified":"2018-03-13T21:22:37","modified_gmt":"2018-03-13T23:22:37","slug":"ratinho-recebe-capelinhense-que-e-a-sua-cara-e-fica-impressionado","status":"publish","type":"post","link":"https:\/\/aconteceunovale.com.br\/portal\/?p=129377","title":{"rendered":"Ratinho recebe capelinhense que \u00e9 a sua cara e fica impressionado"},"content":{"rendered":"<p>O capelinhense Vicente Di Paula deu o que falar em sua segunda participa\u00e7\u00e3o no Programa do Ratinho, no \u00faltimo dia 8 de mar\u00e7o de 2018. O m\u00fasico cultivou um bigode inspirado em Carlos Massa e chamou a aten\u00e7\u00e3o do apresentador.   <\/p>\n<p>A emissora SBT publicou o v\u00eddeo em seus canais de comunica\u00e7\u00e3o na internet. <em>\u201cO Programa do Ratinho da \u00faltima semana reservou um momento tanto quanto hil\u00e1rio. Um dos calouros que foi se apresentar durante o Jornal Rational era, digamos, \u201ca cara\u201d do apresentador Ratinho. O mais curioso disso tudo \u00e9 que foi o pr\u00f3prio apresentador que reparou na semelhan\u00e7a entre os dois.\u201d<\/em>, diz nota divulgada no site oficial.<\/p>\n<p>Ficou curioso para ver? Ent\u00e3o \u00e9 s\u00f3 dar o play no v\u00eddeo:<\/p>\n<p><iframe loading=\"lazy\" width=\"620\" height=\"345\" src=\"https:\/\/www.youtube.com\/embed\/eNQ2S_fa5lw\" frameborder=\"0\" allow=\"autoplay; encrypted-media\" allowfullscreen><\/iframe><br \/>\n<\/br><\/p>\n<p><strong>VER PRIMEIRO<\/strong><\/p>\n<p>Receba as not\u00edcias do Aconteceu no Vale em primeira m\u00e3o. Clique em curtir no endere\u00e7o <a href=\"https:\/\/www.facebook.com\/aconteceunovale\" target=\"_blank\"><font color=\"red\">www.facebook.com\/aconteceunovale<\/font><\/a> ou no box abaixo:<\/p>\n<div class=\"fb-like\" data-href=\"https:\/\/www.facebook.com\/aconteceunovale\" data-width=\"120\" data-layout=\"standard\" data-action=\"like\" data-size=\"small\" data-show-faces=\"true\" data-share=\"true\"><\/div>\n<p><\/br><\/p>\n","protected":false},"excerpt":{"rendered":"<p>O capelinhense Vicente Di Paula deu o que falar em sua segunda participa\u00e7\u00e3o no Programa do Ratinho, no \u00faltimo dia 8 de mar\u00e7o de 2018. O m\u00fasico cultivou um bigode inspirado em Carlos Massa e chamou a aten\u00e7\u00e3o do apresentador. A emissora SBT publicou o v\u00eddeo em seus canais de comunica\u00e7\u00e3o na internet. \u201cO Programa [&hellip;]<\/p>\n","protected":false},"author":1,"featured_media":129378,"comment_status":"open","ping_status":"closed","sticky":false,"template":"","format":"standard","meta":{"amp_status":"","footnotes":""},"categories":[6,120],"tags":[170640,170637,170638,26373,85131,170642,170636,170639,170641],"class_list":["post-129377","post","type-post","status-publish","format-standard","has-post-thumbnail","hentry","category-br","category-jequi","tag-apresentador-ratinho","tag-carlos-massa","tag-irmao-gemeo-do-ratinho","tag-programa-do-ratinho","tag-ratinho","tag-ratinho-recebe-capelinhense-que-e-a-sua-cara-e-fica-impressionado","tag-sosia-do-ratinho","tag-vicente-di-paula","tag-vicente-di-paula-ratinho"],"_links":{"self":[{"href":"https:\/\/aconteceunovale.com.br\/portal\/index.php?rest_route=\/wp\/v2\/posts\/129377","targetHints":{"allow":["GET"]}}],"collection":[{"href":"https:\/\/aconteceunovale.com.br\/portal\/index.php?rest_route=\/wp\/v2\/posts"}],"about":[{"href":"https:\/\/aconteceunovale.com.br\/portal\/index.php?rest_route=\/wp\/v2\/types\/post"}],"author":[{"embeddable":true,"href":"https:\/\/aconteceunovale.com.br\/portal\/index.php?rest_route=\/wp\/v2\/users\/1"}],"replies":[{"embeddable":true,"href":"https:\/\/aconteceunovale.com.br\/portal\/index.php?rest_route=%2Fwp%2Fv2%2Fcomments&post=129377"}],"version-history":[{"count":1,"href":"https:\/\/aconteceunovale.com.br\/portal\/index.php?rest_route=\/wp\/v2\/posts\/129377\/revisions"}],"predecessor-version":[{"id":172067,"href":"https:\/\/aconteceunovale.com.br\/portal\/index.php?rest_route=\/wp\/v2\/posts\/129377\/revisions\/172067"}],"wp:featuredmedia":[{"embeddable":true,"href":"https:\/\/aconteceunovale.com.br\/portal\/index.php?rest_route=\/wp\/v2\/media\/129378"}],"wp:attachment":[{"href":"https:\/\/aconteceunovale.com.br\/portal\/index.php?rest_route=%2Fwp%2Fv2%2Fmedia&parent=129377"}],"wp:term":[{"taxonomy":"category","embeddable":true,"href":"https:\/\/aconteceunovale.com.br\/portal\/index.php?rest_route=%2Fwp%2Fv2%2Fcategories&post=129377"},{"taxonomy":"post_tag","embeddable":true,"href":"https:\/\/aconteceunovale.com.br\/portal\/index.php?rest_route=%2Fwp%2Fv2%2Ftags&post=129377"}],"curies":[{"name":"wp","href":"https:\/\/api.w.org\/{rel}","templated":true}]}}