{"id":129253,"date":"2018-03-09T22:49:50","date_gmt":"2018-03-10T00:49:50","guid":{"rendered":"http:\/\/aconteceunovale.com.br\/portal\/?p=129253"},"modified":"2018-03-09T22:49:50","modified_gmt":"2018-03-10T00:49:50","slug":"cinco-homens-sao-presos-durante-operacao-em-jequitai-no-norte-de-minas","status":"publish","type":"post","link":"https:\/\/aconteceunovale.com.br\/portal\/?p=129253","title":{"rendered":"Cinco homens s\u00e3o presos durante opera\u00e7\u00e3o em Jequita\u00ed, no Norte de Minas"},"content":{"rendered":"<p>Cinco homens, de 20, 25, 33, e 45 anos, foram presos nesta sexta-feira (09\/03\/2018), durante a opera\u00e7\u00e3o Sagarana, realizada em v\u00e1rios bairros de Jequita\u00ed, no Norte de Minas. De acordo com a Pol\u00edcia Militar, o objetivo da a\u00e7\u00e3o \u00e9 coibir os crimes violentos no munic\u00edpio.<\/p>\n<p>Cerca de 50 militares participaram da opera\u00e7\u00e3o, na qual foram cumpridos 13 mandados de busca e apreens\u00e3o. O helic\u00f3ptero da PM de Montes Claros tamb\u00e9m participou da a\u00e7\u00e3o que resultou ainda na apreens\u00e3o de sete armas de fogo, tr\u00eas motocicletas, p\u00e1ssaros silvestres sem registros, muni\u00e7\u00f5es diversas, entre outros materiais.<\/p>\n<p>Ainda de acordo com a PM, os homens presos foram levados para a delegacia de Pirapora.<\/p>\n<p><img decoding=\"async\" src=\"http:\/\/aconteceunovale.com.br\/portal\/wp-content\/uploads\/2018\/03\/op_jequitai.jpeg\" alt=\"\" \/><em>Material apreendido pela pol\u00edcia (Foto: Policia Militar \/ Divulga\u00e7\u00e3o)<\/em><br \/>\n<\/br><\/p>\n<p><strong>VER PRIMEIRO<\/strong><\/p>\n<p>Receba as not\u00edcias do Aconteceu no Vale em primeira m\u00e3o. Clique em curtir no endere\u00e7o <a href=\"https:\/\/www.facebook.com\/aconteceunovale\" target=\"_blank\"><font color=\"red\">www.facebook.com\/aconteceunovale<\/font><\/a> ou no box abaixo:<\/p>\n<div class=\"fb-like\" data-href=\"https:\/\/www.facebook.com\/aconteceunovale\" data-width=\"120\" data-layout=\"standard\" data-action=\"like\" data-size=\"small\" data-show-faces=\"true\" data-share=\"true\"><\/div>\n<p><\/br><\/p>\n<p><em>(Fonte: G1 Grande Minas)<\/em><\/p>\n","protected":false},"excerpt":{"rendered":"<p>Cinco homens, de 20, 25, 33, e 45 anos, foram presos nesta sexta-feira (09\/03\/2018), durante a opera\u00e7\u00e3o Sagarana, realizada em v\u00e1rios bairros de Jequita\u00ed, no Norte de Minas. De acordo com a Pol\u00edcia Militar, o objetivo da a\u00e7\u00e3o \u00e9 coibir os crimes violentos no munic\u00edpio. Cerca de 50 militares participaram da opera\u00e7\u00e3o, na qual foram [&hellip;]<\/p>\n","protected":false},"author":1,"featured_media":129254,"comment_status":"open","ping_status":"closed","sticky":false,"template":"","format":"standard","meta":{"amp_status":"","footnotes":""},"categories":[1236],"tags":[170486,3724,33228,170484,170485,170481,170483,167130,170482],"class_list":["post-129253","post","type-post","status-publish","format-standard","has-post-thumbnail","hentry","category-norte_de_minas","tag-cinco-homens-sao-presos-durante-operacao-em-jequitai","tag-jequitai","tag-no-norte-de-minas","tag-operacao-em-jequitai","tag-operacao-policial-em-jequitai","tag-operacao-sagarana","tag-operacao-sagarana-em-jequitai","tag-presos-em-jequitai","tag-presos-na-operacao-sagarana-em-jequitai"],"_links":{"self":[{"href":"https:\/\/aconteceunovale.com.br\/portal\/index.php?rest_route=\/wp\/v2\/posts\/129253","targetHints":{"allow":["GET"]}}],"collection":[{"href":"https:\/\/aconteceunovale.com.br\/portal\/index.php?rest_route=\/wp\/v2\/posts"}],"about":[{"href":"https:\/\/aconteceunovale.com.br\/portal\/index.php?rest_route=\/wp\/v2\/types\/post"}],"author":[{"embeddable":true,"href":"https:\/\/aconteceunovale.com.br\/portal\/index.php?rest_route=\/wp\/v2\/users\/1"}],"replies":[{"embeddable":true,"href":"https:\/\/aconteceunovale.com.br\/portal\/index.php?rest_route=%2Fwp%2Fv2%2Fcomments&post=129253"}],"version-history":[{"count":0,"href":"https:\/\/aconteceunovale.com.br\/portal\/index.php?rest_route=\/wp\/v2\/posts\/129253\/revisions"}],"wp:featuredmedia":[{"embeddable":true,"href":"https:\/\/aconteceunovale.com.br\/portal\/index.php?rest_route=\/wp\/v2\/media\/129254"}],"wp:attachment":[{"href":"https:\/\/aconteceunovale.com.br\/portal\/index.php?rest_route=%2Fwp%2Fv2%2Fmedia&parent=129253"}],"wp:term":[{"taxonomy":"category","embeddable":true,"href":"https:\/\/aconteceunovale.com.br\/portal\/index.php?rest_route=%2Fwp%2Fv2%2Fcategories&post=129253"},{"taxonomy":"post_tag","embeddable":true,"href":"https:\/\/aconteceunovale.com.br\/portal\/index.php?rest_route=%2Fwp%2Fv2%2Ftags&post=129253"}],"curies":[{"name":"wp","href":"https:\/\/api.w.org\/{rel}","templated":true}]}}