{"id":129249,"date":"2018-03-09T22:28:29","date_gmt":"2018-03-10T00:28:29","guid":{"rendered":"http:\/\/aconteceunovale.com.br\/portal\/?p=129249"},"modified":"2018-03-09T22:28:29","modified_gmt":"2018-03-10T00:28:29","slug":"policia-investiga-confronto-com-ocupantes-de-fazenda-no-norte-de-minas-gerente-e-advogado-da-propriedade-foram-presos","status":"publish","type":"post","link":"https:\/\/aconteceunovale.com.br\/portal\/?p=129249","title":{"rendered":"Pol\u00edcia investiga confronto com ocupantes de fazenda no Norte de Minas; gerente e advogado da propriedade foram presos"},"content":{"rendered":"<p>A Pol\u00edcia Civil informou nesta sexta-feira (09\/03\/2018) que investiga se o empres\u00e1rio Leonardo Andrade, ex-secret\u00e1rio de Desenvolvimento Sustent\u00e1vel de Montes Claros tem participa\u00e7\u00e3o no confronto que deixou um sem-terra baleado e outros cinco feridos na fazenda Norte Am\u00e9rica, em Capit\u00e3o En\u00e9as, na quinta-feira (8). O homem atingido por tiro, identificado como Tiago Coimbra, de 32 anos, passou por cirurgia e segue internado. Os outros feridos j\u00e1 foram liberados pela Santa Casa Nossa Senhora da Guia, no munic\u00edpio onde foi registrada a ocorr\u00eancia. <\/p>\n<p>L\u00e9o Andrade \u00e9 apontado pela pol\u00edcia como o real dono da fazenda, mesmo n\u00e3o tendo o nome registrado em documentos oficiais. &#8220;Para a Pol\u00edcia Civil, ele sempre se apresentou como o propriet\u00e1rio da fazenda. \u00c9 ele quem exerce este papel, que resolve tudo da fazenda&#8221;, afirma o delegado regional, Jurandir Rodrigues. <\/p>\n<p>Leonardo Andrade foi preso no ano de 2016 por suspeita de desvio de verbas p\u00fablicas. Na \u00e9poca, uma investiga\u00e7\u00e3o do Minist\u00e9rio P\u00fablico estadual apontou que o ex-secret\u00e1rio estava envolvido em um esquema de desvios de verbas da Empresa Municipal de Servi\u00e7os, Obras e Urbaniza\u00e7\u00e3o (Esurb). Ele ficou preso por cerca de um m\u00eas e conseguiu um habeas corpus no Superior Tribunal Federal (STF).<\/p>\n<p>O delegado explicou ainda que a fazenda possui outros registros de conflitos entre fazendeiros e sem-terras. &#8220;Ali \u00e9 um palco de v\u00e1rios conflitos agr\u00e1rios. O primeiro foi em abril de 2017 e h\u00e1 um inqu\u00e9rito em curso. Agora, no dia 18 de fevereiro de 2018, houve a invas\u00e3o na sede e dois dias depois ocorreu uma tentativa de homic\u00eddio contra um dos respons\u00e1veis pela fazenda. E, nesta quinta (8), mais um conflito&#8221;.<\/p>\n<p>Nesta sexta-feira a pol\u00edcia tamb\u00e9m confirmou que a gerente da fazenda, Andreia Beatriz da Silva, foi presa em flagrante durante o processo de autos dos outros oito presos, incluindo o advogado da propriedade.<\/p>\n<p><img decoding=\"async\" src=\"http:\/\/aconteceunovale.com.br\/portal\/wp-content\/uploads\/2018\/03\/ataque_fazenda_norte_ameria.jpg\" alt=\"\" \/><em>Conflito agr\u00e1rio deixou seis pessoas feridas (Foto: Reprodu\u00e7\u00e3o\/Estado de Minas)<\/em><br \/>\n<\/br><\/p>\n<h4>Ocorr\u00eancia registrada ontem<\/h4>\n<p>De acordo com a Pol\u00edcia Militar (PM), o confronto come\u00e7ou quando um grupo chegou em um caminh\u00e3o ba\u00fa e desceu do ve\u00edculo atirando contra os ocupantes da fazenda, que revidaram o ataque. Seis funcion\u00e1rios da propriedade foram presos na noite quinta-feira, mas a gerente da propriedade, Andreia Beatriz, afirma que eles foram confundidos com os respons\u00e1veis pelas agress\u00f5es. Segundo ela, eles foram enviados \u00e0 propriedade para pegar ra\u00e7\u00e3o e acabaram sendo presos.<\/p>\n<p>O caso est\u00e1 sendo investigado pela Pol\u00edcia Civil. \u201cAs informa\u00e7\u00f5es preliminares s\u00e3o de que as pessoas armadas, que chegaram no caminh\u00e3o-ba\u00fa, s\u00e3o ligadas aos propriet\u00e1rios da fazenda e seriam jagun\u00e7os contratados por eles. Sete testemunhas, v\u00edtimas e os conduzidos ainda ser\u00e3o ouvidos\u201d, informou o delegado Jurandir Barbosa.<\/p>\n<p>De acordo com ele, o caminh\u00e3o era fretado pelos donos e usado regularmente para fazer a retirada de objetos dos propriet\u00e1rios e produtos agr\u00edcolas produzidos no local. \u201cO motorista disse que tinha se deslocado para a fazenda com essa finalidade, mas h\u00e1 informa\u00e7\u00f5es de que haveria v\u00e1rias pessoas armadas e encapuzadas no compartimento de carga\u201d, explicou.<\/p>\n<p>Equipes da Delegacia Especializada em Conflitos Agr\u00e1rios e do Departamento de Homic\u00eddios e Prote\u00e7\u00e3o \u00e0 Pessoa foram encaminhados \u00e0 regi\u00e3o para dar suporte nas investiga\u00e7\u00f5es.<\/p>\n<h4>Feridos no confronto<\/h4>\n<p>O baleado \u00e9 o coordenador da Frente Nacional de Luta, Tiago Coimbra, de 32 anos. Ele foi atingido na perna e no t\u00f3rax. Tiago foi levado inicialmente ao Hospital e Santa Casa Nossa Senhora da Guia, em Capit\u00e3o En\u00e9as e, em seguida, encaminhado para Montes Claros. Segundo a assessoria da Unidade, ele passou por cirurgia e respira com ajuda de aparelhos. Os outros cinco feridos foram atendidos no hospital de Capit\u00e3o En\u00e9as e j\u00e1 foram liberados.<\/p>\n<p>Dois adolescentes de 15 e 17 anos foram agredidos com coronhadas. As v\u00edtimas contaram que os homens chegaram no local atirando. \u201cEles desceram atirando nos sem-terra. N\u00f3s est\u00e1vamos em casa, corremos e escondemos debaixo da cama. Eles foram l\u00e1, abriram a porta e bateram em n\u00f3s\u201d, disse uma das v\u00edtimas. Ainda segundo eles, os atiradores queimaram os documentos dos ocupantes da fazenda e reviraram os c\u00f4modos da casa.<\/p>\n<p>\u201cA hora que eu sa\u00ed, fui pega pelo cabelo. Me amarrou e come\u00e7ou a bater na minha cabe\u00e7a com um rev\u00f3lver\u201d, afirmou outra v\u00edtima.<\/p>\n<h3>Ocupa\u00e7\u00e3o e conflito<\/h3>\n<p>Cerca de 120 sem terras, integrantes do Movimento Frente Nacional de Luta (FNL), participaram da invas\u00e3o na Fazenda Norte Am\u00e9rica. Logo ap\u00f3s o in\u00edcio da ocupa\u00e7\u00e3o, os administradores da propriedade retiraram animais feridos, entre cavalos de ra\u00e7a e vacas leiteiras; eles estavam com cortes na pele e dermatites. Os animais ficaram sob os cuidados de veterin\u00e1rios em Montes Claros e n\u00e3o h\u00e1 confirma\u00e7\u00e3o oficial da pol\u00edcia se os ferimentos s\u00e3o posteriores \u00e0 ocupa\u00e7\u00e3o.<\/p>\n<p>As ocupa\u00e7\u00f5es e conflitos na propriedade j\u00e1 ocorreram em outros momentos. Em janeiro de 2017, o movimento invadiu a propriedade sob a alega\u00e7\u00e3o que as terras foram adquiridas em um leil\u00e3o e o valor n\u00e3o foi pago, e que apenas parte das terras era utilizada para a cria\u00e7\u00e3o de cavalos de ra\u00e7a. Ainda segundo o movimento, a fazenda \u00e9 improdutiva.<\/p>\n<p>Em abril de 2017, tr\u00eas integrantes do MST foram baleados na Fazenda Norte Am\u00e9rica em consequ\u00eancia de um conflito de terra. Na \u00e9poca, o MST disse que eles foram v\u00edtimas de uma emboscada e que foram recebidos a tiros ao chegarem na sede da fazenda, onde participariam de uma reuni\u00e3o. A dona da fazenda informou que era falsa a informa\u00e7\u00e3o veiculada sobre atos violentos supostamente praticados pela administra\u00e7\u00e3o do local.<\/p>\n<p>Um m\u00eas ap\u00f3s o ocorrido, as pol\u00edcias Civil e Militar apreenderam armas, muni\u00e7\u00f5es e uma caminhonete durante cumprimento de dois mandados de busca e apreens\u00e3o na Fazenda Norte Am\u00e9rica e na Fazenda Canoas, em Montes Claros. Na ocasi\u00e3o, o advogado da Fazenda Norte Am\u00e9rica lamentou o cumprimento de mandado de busca e apreens\u00e3o no local devido ao conflito que ocorre entre a propriedade e integrantes do Movimento dos Sem Terra (MST).<\/p>\n<h4>O que diz o Incra<\/h4>\n<p>Em nota, o Instituto informou que a Fazenda Norte Am\u00e9rica encontra-se hipotecada pelo Banco do Brasil, e que o im\u00f3vel esteve em negocia\u00e7\u00e3o entre 2002 e 2004, mas n\u00e3o houve concord\u00e2ncia do propriet\u00e1rio em rela\u00e7\u00e3o aos valores ofertados pelo Incra e, por isso, n\u00e3o foi poss\u00edvel continuar a negocia\u00e7\u00e3o e o processo foi arquivado.<\/p>\n<p>Ainda segundo o Incra, em maio de 2017, um advogado representando &#8220;um poss\u00edvel propriet\u00e1rio(a) da fazenda&#8221; protocolou pedido na Superintend\u00eancia Regional do Incra em Minas Gerais consultando se a autarquia tinha interesse na aquisi\u00e7\u00e3o do im\u00f3vel, em vista \u00e0s ocupa\u00e7\u00f5es. No mesmo m\u00eas, o Incra respondeu ao pedido, solicitando a documenta\u00e7\u00e3o legal, comprovando a identidade do propriet\u00e1rio para analisar o pedido. Desde ent\u00e3o, o Incra aguarda a apresenta\u00e7\u00e3o da documenta\u00e7\u00e3o exigida por lei, segundo a nota.<\/p>\n<p>&#8220;Com rela\u00e7\u00e3o ao conflito na \u00e1rea, a Ouvidoria Agr\u00e1ria Regional e Nacional do Incra tamb\u00e9m acompanham o caso. Um representante dever\u00e1 se deslocar ao local para auxiliar na media\u00e7\u00e3o do conflito&#8221;.<\/p>\n<p><strong>VER PRIMEIRO<\/strong><\/p>\n<p>Receba as not\u00edcias do Aconteceu no Vale em primeira m\u00e3o. Clique em curtir no endere\u00e7o <a href=\"https:\/\/www.facebook.com\/aconteceunovale\" target=\"_blank\"><font color=\"red\">www.facebook.com\/aconteceunovale<\/font><\/a> ou no box abaixo:<\/p>\n<div class=\"fb-like\" data-href=\"https:\/\/www.facebook.com\/aconteceunovale\" data-width=\"120\" data-layout=\"standard\" data-action=\"like\" data-size=\"small\" data-show-faces=\"true\" data-share=\"true\"><\/div>\n<p><\/br><\/p>\n<p><em>(Fonte: G1 Grande Minas)<\/em><\/p>\n","protected":false},"excerpt":{"rendered":"<p>A Pol\u00edcia Civil informou nesta sexta-feira (09\/03\/2018) que investiga se o empres\u00e1rio Leonardo Andrade, ex-secret\u00e1rio de Desenvolvimento Sustent\u00e1vel de Montes Claros tem participa\u00e7\u00e3o no confronto que deixou um sem-terra baleado e outros cinco feridos na fazenda Norte Am\u00e9rica, em Capit\u00e3o En\u00e9as, na quinta-feira (8). O homem atingido por tiro, identificado como Tiago Coimbra, de 32 [&hellip;]<\/p>\n","protected":false},"author":1,"featured_media":129250,"comment_status":"open","ping_status":"closed","sticky":false,"template":"","format":"standard","meta":{"amp_status":"","footnotes":""},"categories":[1236],"tags":[170475,170477,170478,145325,145330,1429,170473,170472,170471,170469,1018,170467,170466,136322,168041,115465,210,170468,170480,170479,170476,170474,170470],"class_list":["post-129249","post","type-post","status-publish","format-standard","has-post-thumbnail","hentry","category-norte_de_minas","tag-andreia-beatriz-da-silva","tag-ataque-a-invasores-de-fazenda-no-norte-de-minas","tag-ataque-a-trabalhadores-sem-terra-no-norte-de-minas","tag-baleados-em-capitao-eneas","tag-baleados-na-fazenda-norte-america","tag-capitao-eneas","tag-conflito-agrario-em-capitao-eneas","tag-conflito-agrario-na-fazenda-norte-america","tag-conflito-na-fazenda-norte-america","tag-confronto-na-norte-america","tag-destaque","tag-ex-secretario-de-desenvolvimento-sustentavel-de-montes-claros","tag-fazenda-de-leonardo-andrade","tag-fazenda-norte-america","tag-fnl","tag-leonardo-andrade","tag-montes-claros","tag-norte-america","tag-policia-investiga-confronto-com-ocupantes-de-fazenda-no-norte-de-minas","tag-policia-investiga-confronto-com-ocupantes-de-fazenda-no-norte-de-minas-gerente-e-advogado-da-propriedade-foram-presos","tag-robson-lima","tag-sem-terras-baleados-em-capitao-eneas","tag-sem-terras-baleados-na-fazenda-norte-america"],"_links":{"self":[{"href":"https:\/\/aconteceunovale.com.br\/portal\/index.php?rest_route=\/wp\/v2\/posts\/129249","targetHints":{"allow":["GET"]}}],"collection":[{"href":"https:\/\/aconteceunovale.com.br\/portal\/index.php?rest_route=\/wp\/v2\/posts"}],"about":[{"href":"https:\/\/aconteceunovale.com.br\/portal\/index.php?rest_route=\/wp\/v2\/types\/post"}],"author":[{"embeddable":true,"href":"https:\/\/aconteceunovale.com.br\/portal\/index.php?rest_route=\/wp\/v2\/users\/1"}],"replies":[{"embeddable":true,"href":"https:\/\/aconteceunovale.com.br\/portal\/index.php?rest_route=%2Fwp%2Fv2%2Fcomments&post=129249"}],"version-history":[{"count":0,"href":"https:\/\/aconteceunovale.com.br\/portal\/index.php?rest_route=\/wp\/v2\/posts\/129249\/revisions"}],"wp:featuredmedia":[{"embeddable":true,"href":"https:\/\/aconteceunovale.com.br\/portal\/index.php?rest_route=\/wp\/v2\/media\/129250"}],"wp:attachment":[{"href":"https:\/\/aconteceunovale.com.br\/portal\/index.php?rest_route=%2Fwp%2Fv2%2Fmedia&parent=129249"}],"wp:term":[{"taxonomy":"category","embeddable":true,"href":"https:\/\/aconteceunovale.com.br\/portal\/index.php?rest_route=%2Fwp%2Fv2%2Fcategories&post=129249"},{"taxonomy":"post_tag","embeddable":true,"href":"https:\/\/aconteceunovale.com.br\/portal\/index.php?rest_route=%2Fwp%2Fv2%2Ftags&post=129249"}],"curies":[{"name":"wp","href":"https:\/\/api.w.org\/{rel}","templated":true}]}}