{"id":129211,"date":"2018-03-07T16:54:44","date_gmt":"2018-03-07T18:54:44","guid":{"rendered":"http:\/\/aconteceunovale.com.br\/portal\/?p=129211"},"modified":"2018-03-07T16:54:44","modified_gmt":"2018-03-07T18:54:44","slug":"as-palavras-perderam-o-sentido-no-brasil-diz-ministro-luis-roberto-barroso-sobre-sigilo","status":"publish","type":"post","link":"https:\/\/aconteceunovale.com.br\/portal\/?p=129211","title":{"rendered":"As palavras perderam o sentido no Brasil, diz ministro Lu\u00eds Roberto Barroso sobre sigilo"},"content":{"rendered":"<p>O ministro Lu\u00eds Roberto Barroso, do Supremo Tribunal Federal (STF), disse hoje (7) que \u201cas palavras perderam o sentido no Brasil\u201d, ao comentar sua ordem para investigar o vazamento de informa\u00e7\u00f5es sobre uma a\u00e7\u00e3o sigilosa determinada por ele contra o presidente Michel Temer.<\/p>\n<p>&#8220;\u00c9 um procedimento sigiloso&#8221;, reafirmou Barroso, numa breve declara\u00e7\u00e3o antes da sess\u00e3o plen\u00e1ria do STF. Ontem (6), o ministro determinou a abertura de investiga\u00e7\u00e3o para apurar o vazamento da decis\u00e3o em que determinou a quebra do sigilo das movimenta\u00e7\u00f5es financeiras de Temer.<\/p>\n<p>Barroso imp\u00f4s segredo de Justi\u00e7a sobre a quebra do sigilo, cuja ordem foi encaminhada ao Banco Central para cumprimento. A decis\u00e3o, por\u00e9m, foi divulgada pelo\u00a0<em>site<\/em>\u00a0da revista\u00a0<em>Veja<\/em>, embora a publica\u00e7\u00e3o n\u00e3o tenha dado detalhes sobre o teor do documento.<\/p>\n<p>Ap\u00f3s a divulga\u00e7\u00e3o, a defesa de Temer foi ao STF pedir acesso \u00e0 decis\u00e3o. Pouco depois, ao determinar a investiga\u00e7\u00e3o do vazamento, Barroso ressaltou que a peti\u00e7\u00e3o da defesa trazia o n\u00famero referente ao processo no sistema do STF, embora a informa\u00e7\u00e3o se refira a procedimento \u201cabsolutamente sigiloso\u201d.<\/p>\n<p>Ontem (6) \u00e0 noite, a defesa de Temer divulgou nota na qual afirma n\u00e3o ter tido acesso a vazamento de informa\u00e7\u00f5es, uma vez que \u201cos n\u00fameros citados nas peti\u00e7\u00f5es, requerendo acesso a procedimentos de eventual quebra de sigilo banc\u00e1rio, foram obtidos em consulta ao Di\u00e1rio de Justi\u00e7a Eletr\u00f4nico, dispon\u00edvel no\u00a0<em>site\u00a0<\/em>do Excelso Supremo Tribunal Federal\u201d.<\/p>\n<p><strong>Inqu\u00e9rito<\/strong><\/p>\n<p>A quebra do sigilo de Temer foi determinada por Barroso no inqu\u00e9rito sobre o suposto favorecimento da empresa Rodrimar S.A. com a edi\u00e7\u00e3o do decreto do Portos (9.048\/2017), assinado por Temer em maio do ano passado.<\/p>\n<p>O ministro \u00e9 o relator da investiga\u00e7\u00e3o, autorizada por ele em setembro do ano passado a pedido do Minist\u00e9rio P\u00fablico Federal (MPF) e com base nas dela\u00e7\u00f5es premiadas de executivos da empresa JBS.<\/p>\n<p><strong>VER PRIMEIRO<\/strong><\/p>\n<p>Receba as not\u00edcias do Aconteceu no Vale em primeira m\u00e3o. Clique em curtir no endere\u00e7o <a href=\"https:\/\/www.facebook.com\/aconteceunovale\" target=\"_blank\"><font color=\"red\">www.facebook.com\/aconteceunovale<\/font><\/a> ou no box abaixo:<\/p>\n<div class=\"fb-like\" data-href=\"https:\/\/www.facebook.com\/aconteceunovale\" data-width=\"120\" data-layout=\"standard\" data-action=\"like\" data-size=\"small\" data-show-faces=\"true\" data-share=\"true\"><\/div>\n<p><\/br><\/p>\n<p><em>(Fonte: Ag\u00eancia Brasil)<\/em><\/p>\n","protected":false},"excerpt":{"rendered":"<p>O ministro Lu\u00eds Roberto Barroso, do Supremo Tribunal Federal (STF), disse hoje (7) que \u201cas palavras perderam o sentido no Brasil\u201d, ao comentar sua ordem para investigar o vazamento de informa\u00e7\u00f5es sobre uma a\u00e7\u00e3o sigilosa determinada por ele contra o presidente Michel Temer. &#8220;\u00c9 um procedimento sigiloso&#8221;, reafirmou Barroso, numa breve declara\u00e7\u00e3o antes da sess\u00e3o [&hellip;]<\/p>\n","protected":false},"author":1,"featured_media":93647,"comment_status":"open","ping_status":"closed","sticky":false,"template":"","format":"standard","meta":{"amp_status":"","footnotes":""},"categories":[6,40240],"tags":[170406,35138,20181,170407,87499,170405,28511],"class_list":["post-129211","post","type-post","status-publish","format-standard","has-post-thumbnail","hentry","category-br","category-politica-2","tag-as-palavras-perderam-o-sentido-no-brasil","tag-luis-roberto-barroso","tag-michel-temer","tag-ministro-luis-roberto-barroso-sobre-sigilo","tag-segredo-de-justica","tag-sigilo","tag-stf"],"_links":{"self":[{"href":"https:\/\/aconteceunovale.com.br\/portal\/index.php?rest_route=\/wp\/v2\/posts\/129211","targetHints":{"allow":["GET"]}}],"collection":[{"href":"https:\/\/aconteceunovale.com.br\/portal\/index.php?rest_route=\/wp\/v2\/posts"}],"about":[{"href":"https:\/\/aconteceunovale.com.br\/portal\/index.php?rest_route=\/wp\/v2\/types\/post"}],"author":[{"embeddable":true,"href":"https:\/\/aconteceunovale.com.br\/portal\/index.php?rest_route=\/wp\/v2\/users\/1"}],"replies":[{"embeddable":true,"href":"https:\/\/aconteceunovale.com.br\/portal\/index.php?rest_route=%2Fwp%2Fv2%2Fcomments&post=129211"}],"version-history":[{"count":0,"href":"https:\/\/aconteceunovale.com.br\/portal\/index.php?rest_route=\/wp\/v2\/posts\/129211\/revisions"}],"wp:featuredmedia":[{"embeddable":true,"href":"https:\/\/aconteceunovale.com.br\/portal\/index.php?rest_route=\/wp\/v2\/media\/93647"}],"wp:attachment":[{"href":"https:\/\/aconteceunovale.com.br\/portal\/index.php?rest_route=%2Fwp%2Fv2%2Fmedia&parent=129211"}],"wp:term":[{"taxonomy":"category","embeddable":true,"href":"https:\/\/aconteceunovale.com.br\/portal\/index.php?rest_route=%2Fwp%2Fv2%2Fcategories&post=129211"},{"taxonomy":"post_tag","embeddable":true,"href":"https:\/\/aconteceunovale.com.br\/portal\/index.php?rest_route=%2Fwp%2Fv2%2Ftags&post=129211"}],"curies":[{"name":"wp","href":"https:\/\/api.w.org\/{rel}","templated":true}]}}