{"id":129055,"date":"2018-03-05T12:43:38","date_gmt":"2018-03-05T14:43:38","guid":{"rendered":"http:\/\/aconteceunovale.com.br\/portal\/?p=129055"},"modified":"2018-03-05T12:43:38","modified_gmt":"2018-03-05T14:43:38","slug":"comodo-de-casa-e-destruido-por-incendio-em-montes-claros","status":"publish","type":"post","link":"https:\/\/aconteceunovale.com.br\/portal\/?p=129055","title":{"rendered":"C\u00f4modo de casa \u00e9 destru\u00eddo por inc\u00eandio em Montes Claros"},"content":{"rendered":"<p>Um inc\u00eandio destruiu um quarto de uma casa no Bairro Jardim S\u00e3o Luiz, em Montes Claros, na noite desse domingo (04\/03\/2018). De acordo com o Corpo de Bombeiros, n\u00e3o havia ningu\u00e9m no im\u00f3vel no momento em que as chamas come\u00e7aram e todos os objetos do c\u00f4modo ficaram destru\u00eddos. <\/p>\n<p>As causas do inc\u00eandio ainda ser\u00e3o confirmadas, mas segundo os bombeiros, pode ter sido provocado por uma vela acesa. Os militares foram chamados por vizinhos que perceberam a fuma\u00e7a. <\/p>\n<p>O fogo foi controlado por volta das 22h30. Forro de gesso, ar-condicionado, televis\u00e3o, videogame, cama, guarda-roupa e vestu\u00e1rio foram destru\u00eddos. Em outros c\u00f4modos, por causa da do calor, tamb\u00e9m foram danificados televis\u00f5es e outro ar-condicionado.<\/p>\n<p>Foram gastos 500 litros de \u00e1gua no combate ao fogo e o risco de rein\u00edcio do inc\u00eandio foi eliminado antes dos moradores entrarem na casa. Ningu\u00e9m se feriu.<\/p>\n<p><img decoding=\"async\" src=\"http:\/\/aconteceunovale.com.br\/portal\/wp-content\/uploads\/2018\/03\/incendio_moc_1.jpg\" alt=\"\" \/><em>Chamas destru\u00edram um dos c\u00f4modos da casa (Foto: Corpo de Bombeiros\/ Divulga\u00e7\u00e3o)<\/em><br \/>\n<\/br><\/p>\n<p><img decoding=\"async\" src=\"http:\/\/aconteceunovale.com.br\/portal\/wp-content\/uploads\/2018\/03\/incendio_moc_2.jpg\" alt=\"\" \/><em>Foram gastos 500 litros de \u00e1gua para combater o inc\u00eandio (Foto: Corpo de Bombeiros\/ Divulga\u00e7\u00e3o)<\/em><br \/>\n<\/br><\/p>\n<p><strong>VER PRIMEIRO<\/strong><\/p>\n<p>Receba as not\u00edcias do Aconteceu no Vale em primeira m\u00e3o. Clique em curtir no endere\u00e7o <a href=\"https:\/\/www.facebook.com\/aconteceunovale\" target=\"_blank\"><font color=\"red\">www.facebook.com\/aconteceunovale<\/font><\/a> ou no box abaixo:<\/p>\n<div class=\"fb-like\" data-href=\"https:\/\/www.facebook.com\/aconteceunovale\" data-width=\"120\" data-layout=\"standard\" data-action=\"like\" data-size=\"small\" data-show-faces=\"true\" data-share=\"true\"><\/div>\n<p><\/br><\/p>\n<p><em>(Fonte: G1 Grande Minas)<\/em><\/p>\n","protected":false},"excerpt":{"rendered":"<p>Um inc\u00eandio destruiu um quarto de uma casa no Bairro Jardim S\u00e3o Luiz, em Montes Claros, na noite desse domingo (04\/03\/2018). De acordo com o Corpo de Bombeiros, n\u00e3o havia ningu\u00e9m no im\u00f3vel no momento em que as chamas come\u00e7aram e todos os objetos do c\u00f4modo ficaram destru\u00eddos. As causas do inc\u00eandio ainda ser\u00e3o confirmadas, [&hellip;]<\/p>\n","protected":false},"author":1,"featured_media":129057,"comment_status":"open","ping_status":"closed","sticky":false,"template":"","format":"standard","meta":{"amp_status":"","footnotes":""},"categories":[1236],"tags":[116149,170172,37851,143567,60747,210,170173],"class_list":["post-129055","post","type-post","status-publish","format-standard","has-post-thumbnail","hentry","category-norte_de_minas","tag-bombeiros-de-montes-claros","tag-comodo-de-casa-e-destruido-por-incendio-em-montes-claros","tag-corpo-de-bombeiros-de-montes-claros","tag-incendio-em-casa-em-montes-claros","tag-incendio-em-montes-claros","tag-montes-claros","tag-quarto-destruido-por-incendio-em-montes-claros"],"_links":{"self":[{"href":"https:\/\/aconteceunovale.com.br\/portal\/index.php?rest_route=\/wp\/v2\/posts\/129055","targetHints":{"allow":["GET"]}}],"collection":[{"href":"https:\/\/aconteceunovale.com.br\/portal\/index.php?rest_route=\/wp\/v2\/posts"}],"about":[{"href":"https:\/\/aconteceunovale.com.br\/portal\/index.php?rest_route=\/wp\/v2\/types\/post"}],"author":[{"embeddable":true,"href":"https:\/\/aconteceunovale.com.br\/portal\/index.php?rest_route=\/wp\/v2\/users\/1"}],"replies":[{"embeddable":true,"href":"https:\/\/aconteceunovale.com.br\/portal\/index.php?rest_route=%2Fwp%2Fv2%2Fcomments&post=129055"}],"version-history":[{"count":0,"href":"https:\/\/aconteceunovale.com.br\/portal\/index.php?rest_route=\/wp\/v2\/posts\/129055\/revisions"}],"wp:featuredmedia":[{"embeddable":true,"href":"https:\/\/aconteceunovale.com.br\/portal\/index.php?rest_route=\/wp\/v2\/media\/129057"}],"wp:attachment":[{"href":"https:\/\/aconteceunovale.com.br\/portal\/index.php?rest_route=%2Fwp%2Fv2%2Fmedia&parent=129055"}],"wp:term":[{"taxonomy":"category","embeddable":true,"href":"https:\/\/aconteceunovale.com.br\/portal\/index.php?rest_route=%2Fwp%2Fv2%2Fcategories&post=129055"},{"taxonomy":"post_tag","embeddable":true,"href":"https:\/\/aconteceunovale.com.br\/portal\/index.php?rest_route=%2Fwp%2Fv2%2Ftags&post=129055"}],"curies":[{"name":"wp","href":"https:\/\/api.w.org\/{rel}","templated":true}]}}