{"id":129053,"date":"2018-03-05T12:34:15","date_gmt":"2018-03-05T14:34:15","guid":{"rendered":"http:\/\/aconteceunovale.com.br\/portal\/?p=129053"},"modified":"2018-03-05T12:34:15","modified_gmt":"2018-03-05T14:34:15","slug":"delegado-de-partido-e-detido-por-compra-de-voto-em-campo-azul-no-norte-de-minas","status":"publish","type":"post","link":"https:\/\/aconteceunovale.com.br\/portal\/?p=129053","title":{"rendered":"Delegado de partido \u00e9 detido por compra de voto em Campo Azul, no Norte de Minas"},"content":{"rendered":"<p>Um homem de 43 anos foi preso em flagrante durante as elei\u00e7\u00f5es suplementares em Campo Azul, nesse domingo (04\/03\/2018). De acordo com a Pol\u00edcia Militar, ele \u00e9 delegado de um partido e foi flagrado ao entregar R$ 100 para uma eleitora, de 33. O suspeito foi levado para a Delegacia de Janu\u00e1ria e autuado pelo crime de compra de voto.<\/p>\n<p>A pris\u00e3o aconteceu na Rua Manoel Pereira, no Centro, depois do suspeito ser denunciado por uma fiscal de partido. De acordo com a Pol\u00edcia Civil, ele pagou fian\u00e7a no valor de R$ 1 mil, foi liberado e responder\u00e1 pelo crime eleitoral em liberdade.<\/p>\n<p><strong>Resultado das elei\u00e7\u00f5es<\/strong><\/p>\n<p>De acordo com o TRE, o pleito de 2016 em Campo Azul foi anulado pela Justi\u00e7a Eleitoral porque o candidato que recebeu a maioria dos votos v\u00e1lidos teve o registro de candidatura indeferido. Mais de 3 mil eleitores voltaram \u00e0s urnas nesse domingo e elegeram Oseas Almeida J\u00fanior (PSD) com 1686 votos, cerca de 53% dos votos v\u00e1lidos; ele ter\u00e1 Maria Julieta Almeida Amaral (PTB) como vice at\u00e9 o fim de 2020.<\/p>\n<p>O candidato mais votado em 2016 foi Jos\u00e9 Carlos Pereira de Almeida (PTB), da coliga\u00e7\u00e3o &#8220;Coragem Para Mudar Vontade Para Trabalhar&#8221;. Ele teve seu registro impugnado e indeferido ap\u00f3s contas p\u00fablicas de conv\u00eanios, de quando foi prefeito, serem rejeitadas pelo Tribunal de Contas da Uni\u00e3o.<\/p>\n<p><strong>VER PRIMEIRO<\/strong><\/p>\n<p>Receba as not\u00edcias do Aconteceu no Vale em primeira m\u00e3o. Clique em curtir no endere\u00e7o <a href=\"https:\/\/www.facebook.com\/aconteceunovale\" target=\"_blank\"><font color=\"red\">www.facebook.com\/aconteceunovale<\/font><\/a> ou no box abaixo:<\/p>\n<div class=\"fb-like\" data-href=\"https:\/\/www.facebook.com\/aconteceunovale\" data-width=\"120\" data-layout=\"standard\" data-action=\"like\" data-size=\"small\" data-show-faces=\"true\" data-share=\"true\"><\/div>\n<p><\/br><\/p>\n<p><em>(Fonte: G1 Grande Minas)<\/em><\/p>\n","protected":false},"excerpt":{"rendered":"<p>Um homem de 43 anos foi preso em flagrante durante as elei\u00e7\u00f5es suplementares em Campo Azul, nesse domingo (04\/03\/2018). De acordo com a Pol\u00edcia Militar, ele \u00e9 delegado de um partido e foi flagrado ao entregar R$ 100 para uma eleitora, de 33. O suspeito foi levado para a Delegacia de Janu\u00e1ria e autuado pelo [&hellip;]<\/p>\n","protected":false},"author":1,"featured_media":92935,"comment_status":"open","ping_status":"closed","sticky":false,"template":"","format":"standard","meta":{"amp_status":"","footnotes":""},"categories":[1236,40240],"tags":[170122,170128,170123,18473,195,1703,170126,170171,169819,169822,169825,154681,1634,169824,170137,389,33228,169820,169821,167943,165551,169823,167945,170136,170138,169826,170125,170124,927],"class_list":["post-129053","post","type-post","status-publish","format-standard","has-post-thumbnail","hentry","category-norte_de_minas","category-politica-2","tag-aline-de-albertino","tag-aline-de-albertino-e-eleita-prefeita-de-santa-cruz-de-salinas","tag-aline-teixeira","tag-bom-sucesso","tag-brasilia-de-minas","tag-campo-azul","tag-com-apenas-21-anos","tag-delegado-de-partido-e-detido-por-compra-de-voto-em-campo-azul","tag-eleicao-em-campo-azul","tag-eleicao-em-ibituruna-de-minas","tag-eleicao-para-prefeito-em-santa-cruz-de-salinas","tag-eleitores-de-tres-municipios-mineiros-voltam-as-urnas-no-proximo-domingo","tag-ibituruna","tag-ibituruna-de-minas","tag-ibituruna-e-santa-cruz-de-salinas","tag-medina","tag-no-norte-de-minas","tag-nova-eleicao-em-campo-azul","tag-nova-eleicao-em-ibituruna-de-minas","tag-nova-eleicao-em-santa-cruz-de-salinas","tag-nova-eleicao-para-prefeito-em-campo-azul","tag-nova-eleicao-para-prefeito-em-ibituruna-de-minas","tag-nova-eleicao-para-prefeito-em-santa-cruz-de-salinas","tag-novos-prefeitos-sao-eleitos-em-campo-azul","tag-novos-prefeitos-sao-eleitos-em-campo-azul-e-santa-cruz-de-salinas","tag-outras-eleicoes-suplementares","tag-renaldo-diretor","tag-renaldo-teixeira-da-silva","tag-santa-cruz-de-salinas"],"_links":{"self":[{"href":"https:\/\/aconteceunovale.com.br\/portal\/index.php?rest_route=\/wp\/v2\/posts\/129053","targetHints":{"allow":["GET"]}}],"collection":[{"href":"https:\/\/aconteceunovale.com.br\/portal\/index.php?rest_route=\/wp\/v2\/posts"}],"about":[{"href":"https:\/\/aconteceunovale.com.br\/portal\/index.php?rest_route=\/wp\/v2\/types\/post"}],"author":[{"embeddable":true,"href":"https:\/\/aconteceunovale.com.br\/portal\/index.php?rest_route=\/wp\/v2\/users\/1"}],"replies":[{"embeddable":true,"href":"https:\/\/aconteceunovale.com.br\/portal\/index.php?rest_route=%2Fwp%2Fv2%2Fcomments&post=129053"}],"version-history":[{"count":0,"href":"https:\/\/aconteceunovale.com.br\/portal\/index.php?rest_route=\/wp\/v2\/posts\/129053\/revisions"}],"wp:featuredmedia":[{"embeddable":true,"href":"https:\/\/aconteceunovale.com.br\/portal\/index.php?rest_route=\/wp\/v2\/media\/92935"}],"wp:attachment":[{"href":"https:\/\/aconteceunovale.com.br\/portal\/index.php?rest_route=%2Fwp%2Fv2%2Fmedia&parent=129053"}],"wp:term":[{"taxonomy":"category","embeddable":true,"href":"https:\/\/aconteceunovale.com.br\/portal\/index.php?rest_route=%2Fwp%2Fv2%2Fcategories&post=129053"},{"taxonomy":"post_tag","embeddable":true,"href":"https:\/\/aconteceunovale.com.br\/portal\/index.php?rest_route=%2Fwp%2Fv2%2Ftags&post=129053"}],"curies":[{"name":"wp","href":"https:\/\/api.w.org\/{rel}","templated":true}]}}