{"id":129045,"date":"2018-03-04T20:59:39","date_gmt":"2018-03-04T22:59:39","guid":{"rendered":"http:\/\/aconteceunovale.com.br\/portal\/?p=129045"},"modified":"2018-03-05T11:07:02","modified_gmt":"2018-03-05T13:07:02","slug":"capelinhense-que-sofreu-acidente-ha-seis-meses-precisa-de-ajuda-para-custear-procedimentos-cirurgicos","status":"publish","type":"post","link":"https:\/\/aconteceunovale.com.br\/portal\/?p=129045","title":{"rendered":"Capelinhense que sofreu acidente h\u00e1 seis meses precisa de ajuda para custear procedimentos cir\u00fargicos"},"content":{"rendered":"<p>A Prefeitura de Capelinha informou neste domingo (04\/03\/2018) que a Procuradoria Jur\u00eddica Municipal entrou com a\u00e7\u00e3o judicial, na \u00faltima sexta-feira (2), para que o Estado de Minas pague a cirurgia do jovem J\u00fanior Cesar Fernandes da Silva, que precisa passar por dois procedimentos cir\u00fargicos com urg\u00eancia, sendo um no f\u00eamur e outro na perna direita, para retirar o fixador.<\/p>\n<p>De acordo com o Procurador Jur\u00eddico do Munic\u00edpio, Sebasti\u00e3o Martins Cardoso, o pedido foi em \u201ccar\u00e1ter liminar de urg\u00eancia\u201d, dado a situa\u00e7\u00e3o da perna do J\u00fanior. A secret\u00e1ria municipal de Sa\u00fade, C\u00e9lia Pe\u00e7anha de Oliveira, esteve na casa do capelinhense, na Rua Austr\u00e1lia, no Bairro Jardim Aeroporto, na sexta-feira, e horas depois da visita o munic\u00edpio protocolou a a\u00e7\u00e3o judicial contra o Estado.<\/p>\n<p><strong>O QUE J\u00c1 FOI FEITO<\/strong><\/p>\n<p>A secret\u00e1ria de Sa\u00fade, C\u00e9lia, conta que \u201ch\u00e1 quatro meses o munic\u00edpio tenta vaga para a cirurgia do J\u00fanior em Belo Horizonte, mas a resposta \u00e9 sempre a mesma: n\u00e3o tem prestador. Ou seja, n\u00e3o tem m\u00e9dico que aceite fazer a cirurgia pelo valor que o SUS paga. Para se ter uma ideia, na rede particular o valor da cirurgia fica entre 14 mil e 16 mil reais. J\u00e1 o SUS paga ao m\u00e9dico entre 900 reais e 1.200 reais, \u00e9 uma diferen\u00e7a consider\u00e1vel. A tabela do SUS segue sem reajuste j\u00e1 faz 25 anos\u201d.<\/p>\n<p>O n\u00famero de cirurgias na fila de espera \u00e9 gigante, e o munic\u00edpio de Capelinha n\u00e3o tem condi\u00e7\u00f5es financeiras para arcar com os procedimentos. A responsabilidade do Estado e da Uni\u00e3o n\u00e3o vem sendo cumprida para com os munic\u00edpios. Para conseguir pagar todas as cirurgias solicitadas at\u00e9 o momento em Capelinha, o gasto m\u00e9dio seria de R$ 5 milh\u00f5es de reais. Por isso \u00e9 fundamental que a Justi\u00e7a obrigue o Governo do Estado a pagar.<\/p>\n<p><img decoding=\"async\" src=\"http:\/\/aconteceunovale.com.br\/portal\/wp-content\/uploads\/2018\/03\/caso_junior_capelinha2.jpg\" alt=\"\" \/><em>J\u00fanior Cesar Fernandes da Silva mora em Capelinha (Foto: Divulga\u00e7\u00e3o)<\/em><br \/>\n<\/br><\/p>\n<p><strong>REPERCUSS\u00c3O<\/strong><\/p>\n<p>O caso de J\u00fanior, que \u00e9 morador da Rua Austr\u00e1lia, no bairro Jardim Aeroporto, foi amplamente divulgado nas redes sociais neste final de semana: o jovem sofreu um acidente h\u00e1 seis meses e est\u00e1 na cadeira de rodas, situa\u00e7\u00e3o que causou-lhe feridas por ficar sempre na mesma posi\u00e7\u00e3o. Segundo a postagem nas redes sociais, as duas cirurgias pelas quais ele passou logo ap\u00f3s o acidente \u201cforam feitas erradas e os ossos est\u00e3o estourando, atrofiando o corpo, que est\u00e1 rejeitando o fixador\u201d.<\/p>\n<p>Os capelinhenses, como praxe, se mostram solid\u00e1rios ao caso e j\u00e1 come\u00e7aram a se mobilizar para ajudar o rapaz. A fam\u00edlia de J\u00fanior no momento est\u00e1 sem rendimentos, com despesas a serem cobertas, como aluguel, alimenta\u00e7\u00e3o, \u00e1gua, luz, deslocamentos e medicamentos.<\/p>\n<p>Mesmo ap\u00f3s atua\u00e7\u00e3o da Justi\u00e7a no caso, atrav\u00e9s do munic\u00edpio e do Minist\u00e9rio P\u00fablico, J\u00fanior ainda n\u00e3o foi chamado pelo Sistema \u00danico de Sa\u00fade (SUS) para fazer as cirurgias. Por isso, a Prefeitura de Capelinha ingressar\u00e1 com a\u00e7\u00e3o de urg\u00eancia amanh\u00e3, solicitando uma liminar que obrigue o Estado a arcar com as cirurgias.<\/p>\n<p>Ainda assim, quem puder ajudar a fam\u00edlia de J\u00fanior com doa\u00e7\u00f5es em dinheiro auxiliar\u00e1 nas v\u00e1rias despesas decorrentes da situa\u00e7\u00e3o de sa\u00fade dele. Seguem os dados para dep\u00f3sito:<\/p>\n<p>Banco: Caixa<br \/>\nConta: 17815-9<br \/>\nAgencia: 3378 Capelinha\/MG<br \/>\nOpera\u00e7\u00e3o: 013<br \/>\nTitular: J\u00fanior C\u00e9sar Fernandes da Silva<br \/>\nContato para mais informa\u00e7\u00f5es e oferecer ajuda: (33) 9 9144-0755.<\/p>\n<p><strong>VER PRIMEIRO<\/strong><\/p>\n<p>Receba as not\u00edcias do Aconteceu no Vale em primeira m\u00e3o. Clique em curtir no endere\u00e7o <a href=\"https:\/\/www.facebook.com\/aconteceunovale\" target=\"_blank\"><font color=\"red\">www.facebook.com\/aconteceunovale<\/font><\/a> ou no box abaixo:<\/p>\n<div class=\"fb-like\" data-href=\"https:\/\/www.facebook.com\/aconteceunovale\" data-width=\"120\" data-layout=\"standard\" data-action=\"like\" data-size=\"small\" data-show-faces=\"true\" data-share=\"true\"><\/div>\n<p><\/br><\/p>\n<p><em>(Com Ascom Prefeitura de Capelinha)<\/em><\/p>\n","protected":false},"excerpt":{"rendered":"<p>A Prefeitura de Capelinha informou neste domingo (04\/03\/2018) que a Procuradoria Jur\u00eddica Municipal entrou com a\u00e7\u00e3o judicial, na \u00faltima sexta-feira (2), para que o Estado de Minas pague a cirurgia do jovem J\u00fanior Cesar Fernandes da Silva, que precisa passar por dois procedimentos cir\u00fargicos com urg\u00eancia, sendo um no f\u00eamur e outro na perna direita, [&hellip;]<\/p>\n","protected":false},"author":1,"featured_media":129046,"comment_status":"open","ping_status":"closed","sticky":false,"template":"","format":"standard","meta":{"amp_status":"","footnotes":""},"categories":[120],"tags":[132,170163,170164,170162,170165,1018,170161],"class_list":["post-129045","post","type-post","status-publish","format-standard","has-post-thumbnail","hentry","category-jequi","tag-capelinha","tag-capelinhense-que-sofreu-acidente-ha-seis-meses-precisa-de-ajuda-para-custear-procedimentos-cirurgicos","tag-caso-de-capelinhense-que-sofreu-acidente","tag-caso-de-junior-cesar-fernandes-da-silva","tag-caso-de-morador-de-capelinha-que-sofreu-acidente","tag-destaque","tag-junior-cesar-fernandes-da-silva"],"_links":{"self":[{"href":"https:\/\/aconteceunovale.com.br\/portal\/index.php?rest_route=\/wp\/v2\/posts\/129045","targetHints":{"allow":["GET"]}}],"collection":[{"href":"https:\/\/aconteceunovale.com.br\/portal\/index.php?rest_route=\/wp\/v2\/posts"}],"about":[{"href":"https:\/\/aconteceunovale.com.br\/portal\/index.php?rest_route=\/wp\/v2\/types\/post"}],"author":[{"embeddable":true,"href":"https:\/\/aconteceunovale.com.br\/portal\/index.php?rest_route=\/wp\/v2\/users\/1"}],"replies":[{"embeddable":true,"href":"https:\/\/aconteceunovale.com.br\/portal\/index.php?rest_route=%2Fwp%2Fv2%2Fcomments&post=129045"}],"version-history":[{"count":0,"href":"https:\/\/aconteceunovale.com.br\/portal\/index.php?rest_route=\/wp\/v2\/posts\/129045\/revisions"}],"wp:featuredmedia":[{"embeddable":true,"href":"https:\/\/aconteceunovale.com.br\/portal\/index.php?rest_route=\/wp\/v2\/media\/129046"}],"wp:attachment":[{"href":"https:\/\/aconteceunovale.com.br\/portal\/index.php?rest_route=%2Fwp%2Fv2%2Fmedia&parent=129045"}],"wp:term":[{"taxonomy":"category","embeddable":true,"href":"https:\/\/aconteceunovale.com.br\/portal\/index.php?rest_route=%2Fwp%2Fv2%2Fcategories&post=129045"},{"taxonomy":"post_tag","embeddable":true,"href":"https:\/\/aconteceunovale.com.br\/portal\/index.php?rest_route=%2Fwp%2Fv2%2Ftags&post=129045"}],"curies":[{"name":"wp","href":"https:\/\/api.w.org\/{rel}","templated":true}]}}