{"id":129042,"date":"2018-03-05T10:39:31","date_gmt":"2018-03-05T12:39:31","guid":{"rendered":"http:\/\/aconteceunovale.com.br\/portal\/?p=129042"},"modified":"2018-03-05T10:39:31","modified_gmt":"2018-03-05T12:39:31","slug":"gilson-e-seus-teclados-se-apresenta-no-programa-do-ratinho-nesta-segunda-feira","status":"publish","type":"post","link":"https:\/\/aconteceunovale.com.br\/portal\/?p=129042","title":{"rendered":"Gilson e Seus Teclados se apresenta no Programa do Ratinho nesta segunda-feira"},"content":{"rendered":"<p>O cantor capelinhense Gilson e Seus Teclados \u00e9 uma das atra\u00e7\u00f5es do quadro \u201cDez ou Mil\u201d que vai ao ar nesta segunda-feira (05\/03\/2018) no programa do Ratinho, para todo o Brasil, no SBT. <\/p>\n<p>O programa come\u00e7a \u00e0s 22h e, conforme apurado pelo Aconteceu no Vale, o forrozeiro capelinhense vai apresentar a m\u00fasica \u201cBambu Lascado\u201d, que o fez ficar conhecido em Minas Gerais e outros estados vizinhos. <\/p>\n<p>O clipe da m\u00fasica \u201cBambu Lascado\u201d j\u00e1 conta com cerca de 300 mil visualiza\u00e7\u00f5es no Youtube e mais de um milh\u00e3o no Facebook, sendo mais de 600 mil somente na p\u00e1gina &#8220;Radinho Sertanejo &#8211; S\u00f3 Cl\u00e1ssicos&#8221;. O sucesso tamb\u00e9m foi regravado por v\u00e1rias bandas de forr\u00f3.<\/p>\n<p><img decoding=\"async\" src=\"http:\/\/aconteceunovale.com.br\/portal\/wp-content\/uploads\/2018\/03\/gilson_bambu_lascado.jpg\" alt=\"\" \/><em>Gilson \u00e9 o compositor da m\u00fasica \u201cBambu Lascado\u201d (Foto: Divulga\u00e7\u00e3o)<\/em><br \/>\n<\/br><\/p>\n<h4>V\u00eddeo publicado no Youtube<\/h4>\n<p><iframe loading=\"lazy\" width=\"620\" height=\"345\" src=\"https:\/\/www.youtube.com\/embed\/RW2DZkjz8FE\" frameborder=\"0\" allow=\"autoplay; encrypted-media\" allowfullscreen><\/iframe><br \/>\n<\/br><\/p>\n<h4>V\u00eddeo publicado no Facebook<\/h4>\n<p><iframe loading=\"lazy\" src=\"https:\/\/www.facebook.com\/plugins\/video.php?href=https%3A%2F%2Fwww.facebook.com%2Fradinhosertanejo%2Fvideos%2F1628226663898210%2F&#038;show_text=0&#038;width=620\" width=\"620\" height=\"345\" style=\"border:none;overflow:hidden\" scrolling=\"no\" frameborder=\"0\" allowTransparency=\"true\" allowFullScreen=\"true\"><\/iframe><br \/>\n<\/br><\/p>\n<p><strong>VER PRIMEIRO<\/strong><\/p>\n<p>Receba as not\u00edcias do Aconteceu no Vale em primeira m\u00e3o. Clique em curtir no endere\u00e7o <a href=\"https:\/\/www.facebook.com\/aconteceunovale\" target=\"_blank\"><font color=\"red\">www.facebook.com\/aconteceunovale<\/font><\/a> ou no box abaixo:<\/p>\n<div class=\"fb-like\" data-href=\"https:\/\/www.facebook.com\/aconteceunovale\" data-width=\"120\" data-layout=\"standard\" data-action=\"like\" data-size=\"small\" data-show-faces=\"true\" data-share=\"true\"><\/div>\n<p><\/br><\/p>\n","protected":false},"excerpt":{"rendered":"<p>O cantor capelinhense Gilson e Seus Teclados \u00e9 uma das atra\u00e7\u00f5es do quadro \u201cDez ou Mil\u201d que vai ao ar nesta segunda-feira (05\/03\/2018) no programa do Ratinho, para todo o Brasil, no SBT. O programa come\u00e7a \u00e0s 22h e, conforme apurado pelo Aconteceu no Vale, o forrozeiro capelinhense vai apresentar a m\u00fasica \u201cBambu Lascado\u201d, que [&hellip;]<\/p>\n","protected":false},"author":1,"featured_media":129043,"comment_status":"open","ping_status":"closed","sticky":false,"template":"","format":"standard","meta":{"amp_status":"","footnotes":""},"categories":[120],"tags":[170157,1018,170156,170159,170154,170160,170151,170153,170152,170150,170149,170155,170158,26373],"class_list":["post-129042","post","type-post","status-publish","format-standard","has-post-thumbnail","hentry","category-jequi","tag-bambu-lascado-programa-do-ratinho","tag-destaque","tag-forro-do-bambu-lascado","tag-forro-do-bambu-lascado-programa-do-ratinho","tag-gilson-bambu-lascado","tag-gilson-bambu-lascado-se-apresenta-no-programa-do-ratinho-nesta-segunda-feira","tag-gilson-e-seus-teclados","tag-gilson-e-seus-teclados-no-programa-do-ratinho","tag-gilson-e-seus-teclados-no-ratinho","tag-gilson-e-seus-teclados-se-apresenta-no-programa-do-ratinho","tag-gilson-e-seus-teclados-se-apresenta-no-programa-do-ratinho-nesta-segunda-feira","tag-musica-bambu-lascado","tag-musica-bambu-lascado-programa-do-ratinho","tag-programa-do-ratinho"],"_links":{"self":[{"href":"https:\/\/aconteceunovale.com.br\/portal\/index.php?rest_route=\/wp\/v2\/posts\/129042","targetHints":{"allow":["GET"]}}],"collection":[{"href":"https:\/\/aconteceunovale.com.br\/portal\/index.php?rest_route=\/wp\/v2\/posts"}],"about":[{"href":"https:\/\/aconteceunovale.com.br\/portal\/index.php?rest_route=\/wp\/v2\/types\/post"}],"author":[{"embeddable":true,"href":"https:\/\/aconteceunovale.com.br\/portal\/index.php?rest_route=\/wp\/v2\/users\/1"}],"replies":[{"embeddable":true,"href":"https:\/\/aconteceunovale.com.br\/portal\/index.php?rest_route=%2Fwp%2Fv2%2Fcomments&post=129042"}],"version-history":[{"count":0,"href":"https:\/\/aconteceunovale.com.br\/portal\/index.php?rest_route=\/wp\/v2\/posts\/129042\/revisions"}],"wp:featuredmedia":[{"embeddable":true,"href":"https:\/\/aconteceunovale.com.br\/portal\/index.php?rest_route=\/wp\/v2\/media\/129043"}],"wp:attachment":[{"href":"https:\/\/aconteceunovale.com.br\/portal\/index.php?rest_route=%2Fwp%2Fv2%2Fmedia&parent=129042"}],"wp:term":[{"taxonomy":"category","embeddable":true,"href":"https:\/\/aconteceunovale.com.br\/portal\/index.php?rest_route=%2Fwp%2Fv2%2Fcategories&post=129042"},{"taxonomy":"post_tag","embeddable":true,"href":"https:\/\/aconteceunovale.com.br\/portal\/index.php?rest_route=%2Fwp%2Fv2%2Ftags&post=129042"}],"curies":[{"name":"wp","href":"https:\/\/api.w.org\/{rel}","templated":true}]}}