{"id":129036,"date":"2018-03-04T22:42:04","date_gmt":"2018-03-05T00:42:04","guid":{"rendered":"http:\/\/aconteceunovale.com.br\/portal\/?p=129036"},"modified":"2018-03-04T22:42:04","modified_gmt":"2018-03-05T00:42:04","slug":"temporal-causa-diversos-estragos-em-montes-claros-familia-fica-presa-dentro-de-veiculo-atingido-por-arvore","status":"publish","type":"post","link":"https:\/\/aconteceunovale.com.br\/portal\/?p=129036","title":{"rendered":"Temporal causa diversos estragos em Montes Claros; fam\u00edlia fica presa dentro de ve\u00edculo atingido por \u00e1rvore"},"content":{"rendered":"<p>Uma forte chuva, acompanhada de vento e de raios, provocou danos e assustou moradores de Montes Claros, no Norte de Minas Gerais, na tarde deste domingo (04\/03\/2018). O temporal durou cerca de meia hora, mas causou muitos estragos. Dezenas de \u00e1rvores foram derrubadas em avenidas, ruas e pra\u00e7as. O Corpo de Bombeiros registrou cerca de 30 ocorr\u00eancias e, na mais complexa, quatro pessoas \u2013 entre elas duas crian\u00e7as \u2013 da mesma fam\u00edlia ficaram presas por cerca de tr\u00eas horas dentro de um carro atingido por uma \u00e1rvore frondosa, derrubada pela for\u00e7a do vento.<\/p>\n<p>O acidente aconteceu na Avenida Floriano Neiva, em frente \u00e0 sede do Departamento de Edifica\u00e7\u00f5es e Estradas de Rodagem (DEER-MG), onde moradores costumam buscar \u00e1gua em um po\u00e7o tubular. A \u00e1rvore de grande porte rompeu a rede el\u00e9trica e atingiu o carro, no qual estavam o banc\u00e1rio Andr\u00e9 Freilandes, de 37 anos, a mulher dele, a dona de casa H\u00e9rika Dur\u00e3es, de 35, e os dois filhos do casal, Anita Freilandes, de 7, e Jo\u00e3o Pedro, de apenas 1 ano e 8 meses.<\/p>\n<p>Por sorte, o casal e os filhos n\u00e3o tiveram ferimentos, mas ficaram presos dentro do carro, bloqueado pelo tronco e pelos galhos da \u00e1rvore. A fam\u00edlia foi orientada a n\u00e3o tentar sair at\u00e9 que a que a energia el\u00e9trica fosse interrompida por uma equipe da Cemig.<\/p>\n<p>O banc\u00e1rio, a mulher e os dois filhos somente foram resgatados tr\u00eas horas depois do temporal, quando os bombeiros serraram os galhos da \u00e1rvore e conseguiram abrir uma das portas traseiras. Os quatro passavam bem, apesar de assustados. As duas crian\u00e7as foram as primeiras a serem retiradas do carro. <\/p>\n<p><img decoding=\"async\" src=\"http:\/\/aconteceunovale.com.br\/portal\/wp-content\/uploads\/2018\/03\/chuva_moc_4marc_1.png\" alt=\"\" \/><em>\u00c1rvore atingiu ve\u00edculo em Montes Claros (Foto: Reprodu\u00e7\u00e3o\/Estado de Minas)<\/em><br \/>\n<\/br><\/p>\n<p>Ainda em decorr\u00eancia do temporal, na Pra\u00e7a de Esportes, no Centro de Montes Claros, uma \u00e1rvore caiu em cima de um \u00f4nibus de uma empresa do transporte coletivo urbano que estava estacionado e vazio. Outra grande \u00e1rvore foi arrancada pela raiz ao lado de um restaurante no Bairro Todos Santos, bem no local onde s\u00e3o colocadas mesas e cadeiras do estabelecimento, mas no momento da tempestade n\u00e3o havia ningu\u00e9m.<\/p>\n<p>Na Avenida Dulce Sarmento, pr\u00f3ximo \u00e0 regi\u00e3o central da cidade, um raio atingiu a rede el\u00e9trica e uma palmeira pegou fogo. O fato foi registrado por moradores em v\u00eddeos que circulam nas redes sociais. Ningu\u00e9m se feriu. A ventania tamb\u00e9m derrubou muitas \u00e1rvores na MG-308 (Estrada Montes Claros\/Juramento), que ficou parcialmente interditada na tarde deste domingo. <\/p>\n<p>At\u00e9 o in\u00edcio da noite deste domingo, de acordo com os bombeiros, a corpora\u00e7\u00e3o n\u00e3o havia recebido nenhum acionamento para atender ocorr\u00eancia de pessoas feridas durante a chuva.<\/p>\n<p>O coordenador da Defesa Civil Municipal, Eduardo Marques, afirmou que o \u00f3rg\u00e3o n\u00e3o registrou nenhuma ocorr\u00eancia de risco. &#8220;Apesar de ter muitos casos de quedas de \u00e1rvores, a Defesa Civil n\u00e3o foi acionada. Neste primeiro momento \u00e9 comum que o Corpo de Bombeiro seja chamado, como foi o caso desta fam\u00edlia aqui, no bairro S\u00e3o Jos\u00e9&#8221;.<\/p>\n<p>O n\u00famero de \u00e1rvores que ca\u00edram provocou tamb\u00e9m a interrup\u00e7\u00e3o do fornecimento de energia em diversos bairros da cidade. Segundo a Cemig, os locais com maior n\u00famero de ocorr\u00eancias foram nos Bairros S\u00e3o Jos\u00e9, Alto S\u00e3o Jo\u00e3o, Alto Boa Vista, Santo Ant\u00f4nio, Edgar Pereira, Vila Ipiranga e Bairro de Lourdes.<\/p>\n<p>A previs\u00e3o, segundo a companhia, \u00e9 que at\u00e9 o fim da noite deste domingo o fornecimento seja restabelecido nestes locais.<\/p>\n<p><img decoding=\"async\" src=\"http:\/\/aconteceunovale.com.br\/portal\/wp-content\/uploads\/2018\/03\/chuva_moc_4marc_2.jpg\" alt=\"\" \/><em>Fam\u00edlia ficou presa em carro em Montes Claros (Foto: Corpo de Bombeiros\/Divulga\u00e7\u00e3o)<\/em><br \/>\n<\/br><\/p>\n<p><strong>VER PRIMEIRO<\/strong><\/p>\n<p>Receba as not\u00edcias do Aconteceu no Vale em primeira m\u00e3o. Clique em curtir no endere\u00e7o <a href=\"https:\/\/www.facebook.com\/aconteceunovale\" target=\"_blank\"><font color=\"red\">www.facebook.com\/aconteceunovale<\/font><\/a> ou no box abaixo:<\/p>\n<div class=\"fb-like\" data-href=\"https:\/\/www.facebook.com\/aconteceunovale\" data-width=\"120\" data-layout=\"standard\" data-action=\"like\" data-size=\"small\" data-show-faces=\"true\" data-share=\"true\"><\/div>\n<p><\/br><\/p>\n<p><em>(Fonte: Estado de Minas e G1 Grande Minas)<\/em><\/p>\n","protected":false},"excerpt":{"rendered":"<p>Uma forte chuva, acompanhada de vento e de raios, provocou danos e assustou moradores de Montes Claros, no Norte de Minas Gerais, na tarde deste domingo (04\/03\/2018). O temporal durou cerca de meia hora, mas causou muitos estragos. Dezenas de \u00e1rvores foram derrubadas em avenidas, ruas e pra\u00e7as. O Corpo de Bombeiros registrou cerca de [&hellip;]<\/p>\n","protected":false},"author":1,"featured_media":129037,"comment_status":"open","ping_status":"closed","sticky":false,"template":"","format":"standard","meta":{"amp_status":"","footnotes":""},"categories":[1236],"tags":[170139,166406,20795,73721,170140,210,170143,170141,170144,67062,170142],"class_list":["post-129036","post","type-post","status-publish","format-standard","has-post-thumbnail","hentry","category-norte_de_minas","tag-andre-freilandes","tag-carro-atingido-por-arvore-em-montes-claros","tag-chuva-em-montes-claros","tag-forte-chuva-em-montes-claros","tag-herika-duraes","tag-montes-claros","tag-onibus-atingido-por-arvore-em-montes-claros","tag-queda-de-arvores-em-montes-claros","tag-temporal-causa-diversos-estragos-em-montes-claros-familia-fica-presa-dentro-de-veiculo-atingido-por-arvore","tag-temporal-em-montes-claros","tag-veiculo-atingido-por-arvore-em-montes-claros"],"_links":{"self":[{"href":"https:\/\/aconteceunovale.com.br\/portal\/index.php?rest_route=\/wp\/v2\/posts\/129036","targetHints":{"allow":["GET"]}}],"collection":[{"href":"https:\/\/aconteceunovale.com.br\/portal\/index.php?rest_route=\/wp\/v2\/posts"}],"about":[{"href":"https:\/\/aconteceunovale.com.br\/portal\/index.php?rest_route=\/wp\/v2\/types\/post"}],"author":[{"embeddable":true,"href":"https:\/\/aconteceunovale.com.br\/portal\/index.php?rest_route=\/wp\/v2\/users\/1"}],"replies":[{"embeddable":true,"href":"https:\/\/aconteceunovale.com.br\/portal\/index.php?rest_route=%2Fwp%2Fv2%2Fcomments&post=129036"}],"version-history":[{"count":0,"href":"https:\/\/aconteceunovale.com.br\/portal\/index.php?rest_route=\/wp\/v2\/posts\/129036\/revisions"}],"wp:featuredmedia":[{"embeddable":true,"href":"https:\/\/aconteceunovale.com.br\/portal\/index.php?rest_route=\/wp\/v2\/media\/129037"}],"wp:attachment":[{"href":"https:\/\/aconteceunovale.com.br\/portal\/index.php?rest_route=%2Fwp%2Fv2%2Fmedia&parent=129036"}],"wp:term":[{"taxonomy":"category","embeddable":true,"href":"https:\/\/aconteceunovale.com.br\/portal\/index.php?rest_route=%2Fwp%2Fv2%2Fcategories&post=129036"},{"taxonomy":"post_tag","embeddable":true,"href":"https:\/\/aconteceunovale.com.br\/portal\/index.php?rest_route=%2Fwp%2Fv2%2Ftags&post=129036"}],"curies":[{"name":"wp","href":"https:\/\/api.w.org\/{rel}","templated":true}]}}