{"id":129032,"date":"2018-03-04T21:42:53","date_gmt":"2018-03-04T23:42:53","guid":{"rendered":"http:\/\/aconteceunovale.com.br\/portal\/?p=129032"},"modified":"2018-03-04T21:42:53","modified_gmt":"2018-03-04T23:42:53","slug":"novos-prefeitos-sao-eleitos-em-campo-azul-ibituruna-e-santa-cruz-de-salinas","status":"publish","type":"post","link":"https:\/\/aconteceunovale.com.br\/portal\/?p=129032","title":{"rendered":"Novos prefeitos s\u00e3o eleitos em Campo Azul, Ibituruna e Santa Cruz de Salinas"},"content":{"rendered":"<p>Os tr\u00eas munic\u00edpios mineiros que passaram por elei\u00e7\u00f5es suplementares neste domingo (04\/03\/2018) j\u00e1 t\u00eam novos prefeitos eleitos. Em Campo Azul (50\u00aa Zona Eleitoral, de Bras\u00edlia de Minas), foi eleito o candidato Oseas Almeida Junior (PSD), o J\u00fanior de Oseas, vice Maria Julieta Almeida Amaral (PTB), pela Coliga\u00e7\u00e3o \u201cUni\u00e3o, Paz e Responsabilidade para Trabalhar\u201d (PSD\/PTB), com 1.686 votos (53,27%). <\/p>\n<p>Em Ibituruna (46\u00aa Zona Eleitoral, de Bom Sucesso), Heitor Camilo dos Santos (PP), o Heitor, vice Marli Aparecida de Oliveira (PSDB), pela Coliga\u00e7\u00e3o \u201cIbituruna em Boas M\u00e3os\u201d (PP\/PSDB), \u00e9 o prefeito eleito com 1.239 votos (61,09%). <\/p>\n<p>Em Santa Cruz de Salinas (175\u00aa Zona Eleitoral, de Medina), venceu nas urnas  Aline Teixeira (PPS), a Aline de Albertino, vice Vilmar Jos\u00e9 dos Santos (PPS), pela Coliga\u00e7\u00e3o \u201cJuntos com o Povo, para Santa Cruz Crescer de Novo\u201d (PDT\/PPS),  com 1.764 votos (60,81%). <\/p>\n<p>A totaliza\u00e7\u00e3o dos votos foi encerrada \u00e0s 18h08\u201930\u201d em Ibituruna, \u00e0s 18h26\u201916\u2019\u2019 em Campo Azul, e \u00e0s 19h01\u201938\u201d em Santa Cruz de Salinas.  <\/p>\n<p>As elei\u00e7\u00f5es suplementares correram de forma tranquila nos tr\u00eas munic\u00edpios, sem ocorr\u00eancias policiais ou outros acontecimentos que pudessem comprometer a normalidade dos trabalhos. N\u00e3o houve substitui\u00e7\u00e3o de urna nas tr\u00eas elei\u00e7\u00f5es. <\/p>\n<p>Em Campo Azul, votaram 3.248 eleitores (82,31% do eleitorado). Foram 23  votos em branco (0,71%)  e 60 nulos (1,85%). <\/p>\n<p>Em Ibituruna (foto), foram 2.099 eleitores (82,64% do eleitorado) que compareceram \u00e0s urnas. Foram 22 votos em branco (1,05%) e 49 votos nulos (2,33%). <\/p>\n<p>Em Santa Cruz de Salinas, 3.063 eleitores votaram (70,92% do eleitorado). Foram  36 votos em branco (1,18%) e 126 nulos (4,11%). <\/p>\n<p>Os tr\u00eas candidatos eleitos tiveram seus registros deferidos pela Justi\u00e7a Eleitoral. Os ju\u00edzes eleitorais de cada munic\u00edpio t\u00eam at\u00e9 o dia 23 de mar\u00e7o para diplomar os candidatos eleitos. A partir da diploma\u00e7\u00e3o, os candidatos podem tomar posse. <\/p>\n<p>Os eleitores de Campo Azul, Ibituruna e Santa Cruz de Salinas que n\u00e3o compareceram \u00e0s urnas neste domingo t\u00eam at\u00e9 3 de maio de 2018 \u2013 60 dias ap\u00f3s as elei\u00e7\u00f5es \u2013 para justificarem sua aus\u00eancia. A justificativa deve ser feita, preferencialmente, nos cart\u00f3rios eleitorais dos munic\u00edpios.<\/p>\n<p><img decoding=\"async\" src=\"http:\/\/aconteceunovale.com.br\/portal\/wp-content\/uploads\/2018\/03\/prefeitos_eleitos.jpg\" alt=\"\" \/><em>Prefeitos eleitos em Ibituruna, Santa Cruz de Salinas e Campo Azul (Divulga\u00e7\u00e3o)<\/em><br \/>\n<\/br><\/p>\n<p><strong>VER PRIMEIRO<\/strong><\/p>\n<p>Receba as not\u00edcias do Aconteceu no Vale em primeira m\u00e3o. Clique em curtir no endere\u00e7o <a href=\"https:\/\/www.facebook.com\/aconteceunovale\" target=\"_blank\"><font color=\"red\">www.facebook.com\/aconteceunovale<\/font><\/a> ou no box abaixo:<\/p>\n<div class=\"fb-like\" data-href=\"https:\/\/www.facebook.com\/aconteceunovale\" data-width=\"120\" data-layout=\"standard\" data-action=\"like\" data-size=\"small\" data-show-faces=\"true\" data-share=\"true\"><\/div>\n<p><\/br><\/p>\n<p><em>(Fonte: TRE-MG)<\/em><\/p>\n","protected":false},"excerpt":{"rendered":"<p>Os tr\u00eas munic\u00edpios mineiros que passaram por elei\u00e7\u00f5es suplementares neste domingo (04\/03\/2018) j\u00e1 t\u00eam novos prefeitos eleitos. Em Campo Azul (50\u00aa Zona Eleitoral, de Bras\u00edlia de Minas), foi eleito o candidato Oseas Almeida Junior (PSD), o J\u00fanior de Oseas, vice Maria Julieta Almeida Amaral (PTB), pela Coliga\u00e7\u00e3o \u201cUni\u00e3o, Paz e Responsabilidade para Trabalhar\u201d (PSD\/PTB), com [&hellip;]<\/p>\n","protected":false},"author":1,"featured_media":129034,"comment_status":"open","ping_status":"closed","sticky":false,"template":"","format":"standard","meta":{"amp_status":"","footnotes":""},"categories":[123,1236,40240],"tags":[170122,170128,170123,18473,195,1703,170126,169819,169822,169825,154681,1634,169824,170137,389,169820,169821,167943,165551,169823,167945,170136,170138,169826,170125,170124,927],"class_list":["post-129032","post","type-post","status-publish","format-standard","has-post-thumbnail","hentry","category-gerais","category-norte_de_minas","category-politica-2","tag-aline-de-albertino","tag-aline-de-albertino-e-eleita-prefeita-de-santa-cruz-de-salinas","tag-aline-teixeira","tag-bom-sucesso","tag-brasilia-de-minas","tag-campo-azul","tag-com-apenas-21-anos","tag-eleicao-em-campo-azul","tag-eleicao-em-ibituruna-de-minas","tag-eleicao-para-prefeito-em-santa-cruz-de-salinas","tag-eleitores-de-tres-municipios-mineiros-voltam-as-urnas-no-proximo-domingo","tag-ibituruna","tag-ibituruna-de-minas","tag-ibituruna-e-santa-cruz-de-salinas","tag-medina","tag-nova-eleicao-em-campo-azul","tag-nova-eleicao-em-ibituruna-de-minas","tag-nova-eleicao-em-santa-cruz-de-salinas","tag-nova-eleicao-para-prefeito-em-campo-azul","tag-nova-eleicao-para-prefeito-em-ibituruna-de-minas","tag-nova-eleicao-para-prefeito-em-santa-cruz-de-salinas","tag-novos-prefeitos-sao-eleitos-em-campo-azul","tag-novos-prefeitos-sao-eleitos-em-campo-azul-e-santa-cruz-de-salinas","tag-outras-eleicoes-suplementares","tag-renaldo-diretor","tag-renaldo-teixeira-da-silva","tag-santa-cruz-de-salinas"],"_links":{"self":[{"href":"https:\/\/aconteceunovale.com.br\/portal\/index.php?rest_route=\/wp\/v2\/posts\/129032","targetHints":{"allow":["GET"]}}],"collection":[{"href":"https:\/\/aconteceunovale.com.br\/portal\/index.php?rest_route=\/wp\/v2\/posts"}],"about":[{"href":"https:\/\/aconteceunovale.com.br\/portal\/index.php?rest_route=\/wp\/v2\/types\/post"}],"author":[{"embeddable":true,"href":"https:\/\/aconteceunovale.com.br\/portal\/index.php?rest_route=\/wp\/v2\/users\/1"}],"replies":[{"embeddable":true,"href":"https:\/\/aconteceunovale.com.br\/portal\/index.php?rest_route=%2Fwp%2Fv2%2Fcomments&post=129032"}],"version-history":[{"count":0,"href":"https:\/\/aconteceunovale.com.br\/portal\/index.php?rest_route=\/wp\/v2\/posts\/129032\/revisions"}],"wp:featuredmedia":[{"embeddable":true,"href":"https:\/\/aconteceunovale.com.br\/portal\/index.php?rest_route=\/wp\/v2\/media\/129034"}],"wp:attachment":[{"href":"https:\/\/aconteceunovale.com.br\/portal\/index.php?rest_route=%2Fwp%2Fv2%2Fmedia&parent=129032"}],"wp:term":[{"taxonomy":"category","embeddable":true,"href":"https:\/\/aconteceunovale.com.br\/portal\/index.php?rest_route=%2Fwp%2Fv2%2Fcategories&post=129032"},{"taxonomy":"post_tag","embeddable":true,"href":"https:\/\/aconteceunovale.com.br\/portal\/index.php?rest_route=%2Fwp%2Fv2%2Ftags&post=129032"}],"curies":[{"name":"wp","href":"https:\/\/api.w.org\/{rel}","templated":true}]}}