{"id":129027,"date":"2018-03-04T20:13:43","date_gmt":"2018-03-04T22:13:43","guid":{"rendered":"http:\/\/aconteceunovale.com.br\/portal\/?p=129027"},"modified":"2018-03-04T20:13:43","modified_gmt":"2018-03-04T22:13:43","slug":"com-apenas-21-anos-aline-de-albertino-e-eleita-prefeita-de-santa-cruz-de-salinas","status":"publish","type":"post","link":"https:\/\/aconteceunovale.com.br\/portal\/?p=129027","title":{"rendered":"Com apenas 21 anos, Aline de Albertino \u00e9 eleita prefeita de Santa Cruz de Salinas"},"content":{"rendered":"<p>A servidora p\u00fablica municipal Aline Teixeira, a Aline de Albertino (PPS), de 21 anos, est\u00e1 eleita prefeita de Santa Cruz de Salinas (Norte de Minas). Com 100% das se\u00e7\u00f5es apuradas, a candidata recebeu 1.764 (60,81%) dos votos v\u00e1lidos e venceu o diretor de estabelecimento de ensino Renaldo Teixeira da Silva (PSDB), que obteve 1.137 (39,19%). <\/p>\n<p>Aline de Albertino disputou a elei\u00e7\u00e3o suplementar de Santa Cruz de Salinas, neste domingo (04\/03\/2018), pela coliga\u00e7\u00e3o &#8220;Junto com o povo, para Santa Cruz crescer de novo&#8221;, formada pelos partidos Democr\u00e1tico Trabalhista (PDT) e Popular Socialista (PPS). O vice da chapa \u00e9 o trabalhador rural Vilmar Jos\u00e9 dos Santos, popularmente conhecido como Chic\u00e3o, de 40 anos.<\/p>\n<p>De acordo com informa\u00e7\u00f5es divulgadas pelo Tribunal Superior Eleitoral (TSE), Santa Cruz de Salinas possui 4.319 eleitores. Destes, 1.256 (29,08%) n\u00e3o compareceram para votar neste domingo. 36 (1,18%) votaram em branco e outros 126 (4,11%) anularam o voto.<\/p>\n<p><img decoding=\"async\" src=\"http:\/\/aconteceunovale.com.br\/portal\/wp-content\/uploads\/2018\/03\/eleicao_suplementar_scs_1.jpg\" alt=\"\" \/><em>Aline de Albertino e Chic\u00e3o formam a chapa vencedora em Santa Cruz de Salinas (Fotos: Divulga\u00e7\u00e3o\/TSE)<\/em><br \/>\n<\/br><\/p>\n<p><strong>VER PRIMEIRO<\/strong><\/p>\n<p>Receba as not\u00edcias do Aconteceu no Vale em primeira m\u00e3o. Clique em curtir no endere\u00e7o <a href=\"https:\/\/www.facebook.com\/aconteceunovale\" target=\"_blank\"><font color=\"red\">www.facebook.com\/aconteceunovale<\/font><\/a> ou no box abaixo:<\/p>\n<div class=\"fb-like\" data-href=\"https:\/\/www.facebook.com\/aconteceunovale\" data-width=\"120\" data-layout=\"standard\" data-action=\"like\" data-size=\"small\" data-show-faces=\"true\" data-share=\"true\"><\/div>\n<p><\/br><\/p>\n","protected":false},"excerpt":{"rendered":"<p>A servidora p\u00fablica municipal Aline Teixeira, a Aline de Albertino (PPS), de 21 anos, est\u00e1 eleita prefeita de Santa Cruz de Salinas (Norte de Minas). Com 100% das se\u00e7\u00f5es apuradas, a candidata recebeu 1.764 (60,81%) dos votos v\u00e1lidos e venceu o diretor de estabelecimento de ensino Renaldo Teixeira da Silva (PSDB), que obteve 1.137 (39,19%). [&hellip;]<\/p>\n","protected":false},"author":1,"featured_media":129021,"comment_status":"open","ping_status":"closed","sticky":false,"template":"","format":"standard","meta":{"amp_status":"","footnotes":""},"categories":[1236,40240],"tags":[170122,170128,170123,18473,195,1703,170126,1018,169819,169822,169825,154681,1634,169824,389,169820,169821,167943,165551,169823,167945,169826,170125,170124,927],"class_list":["post-129027","post","type-post","status-publish","format-standard","has-post-thumbnail","hentry","category-norte_de_minas","category-politica-2","tag-aline-de-albertino","tag-aline-de-albertino-e-eleita-prefeita-de-santa-cruz-de-salinas","tag-aline-teixeira","tag-bom-sucesso","tag-brasilia-de-minas","tag-campo-azul","tag-com-apenas-21-anos","tag-destaque","tag-eleicao-em-campo-azul","tag-eleicao-em-ibituruna-de-minas","tag-eleicao-para-prefeito-em-santa-cruz-de-salinas","tag-eleitores-de-tres-municipios-mineiros-voltam-as-urnas-no-proximo-domingo","tag-ibituruna","tag-ibituruna-de-minas","tag-medina","tag-nova-eleicao-em-campo-azul","tag-nova-eleicao-em-ibituruna-de-minas","tag-nova-eleicao-em-santa-cruz-de-salinas","tag-nova-eleicao-para-prefeito-em-campo-azul","tag-nova-eleicao-para-prefeito-em-ibituruna-de-minas","tag-nova-eleicao-para-prefeito-em-santa-cruz-de-salinas","tag-outras-eleicoes-suplementares","tag-renaldo-diretor","tag-renaldo-teixeira-da-silva","tag-santa-cruz-de-salinas"],"_links":{"self":[{"href":"https:\/\/aconteceunovale.com.br\/portal\/index.php?rest_route=\/wp\/v2\/posts\/129027","targetHints":{"allow":["GET"]}}],"collection":[{"href":"https:\/\/aconteceunovale.com.br\/portal\/index.php?rest_route=\/wp\/v2\/posts"}],"about":[{"href":"https:\/\/aconteceunovale.com.br\/portal\/index.php?rest_route=\/wp\/v2\/types\/post"}],"author":[{"embeddable":true,"href":"https:\/\/aconteceunovale.com.br\/portal\/index.php?rest_route=\/wp\/v2\/users\/1"}],"replies":[{"embeddable":true,"href":"https:\/\/aconteceunovale.com.br\/portal\/index.php?rest_route=%2Fwp%2Fv2%2Fcomments&post=129027"}],"version-history":[{"count":0,"href":"https:\/\/aconteceunovale.com.br\/portal\/index.php?rest_route=\/wp\/v2\/posts\/129027\/revisions"}],"wp:featuredmedia":[{"embeddable":true,"href":"https:\/\/aconteceunovale.com.br\/portal\/index.php?rest_route=\/wp\/v2\/media\/129021"}],"wp:attachment":[{"href":"https:\/\/aconteceunovale.com.br\/portal\/index.php?rest_route=%2Fwp%2Fv2%2Fmedia&parent=129027"}],"wp:term":[{"taxonomy":"category","embeddable":true,"href":"https:\/\/aconteceunovale.com.br\/portal\/index.php?rest_route=%2Fwp%2Fv2%2Fcategories&post=129027"},{"taxonomy":"post_tag","embeddable":true,"href":"https:\/\/aconteceunovale.com.br\/portal\/index.php?rest_route=%2Fwp%2Fv2%2Ftags&post=129027"}],"curies":[{"name":"wp","href":"https:\/\/api.w.org\/{rel}","templated":true}]}}