{"id":129023,"date":"2018-03-04T19:56:40","date_gmt":"2018-03-04T21:56:40","guid":{"rendered":"http:\/\/aconteceunovale.com.br\/portal\/?p=129023"},"modified":"2018-03-04T19:56:40","modified_gmt":"2018-03-04T21:56:40","slug":"junior-de-oseas-e-eleito-prefeito-de-campo-azul-no-norte-de-minas","status":"publish","type":"post","link":"https:\/\/aconteceunovale.com.br\/portal\/?p=129023","title":{"rendered":"J\u00fanior de Oseas \u00e9 eleito prefeito de Campo Azul, no Norte de Minas"},"content":{"rendered":"<p>O produtor agropecu\u00e1rio Oseas Almeida J\u00fanior, o J\u00fanior de Oseas (PSD), de 46 anos, est\u00e1 eleito prefeito de Campo Azul (50\u00aa Zona Eleitoral, de Bras\u00edlia de Minas, no Norte do Estado). Com 100% das se\u00e7\u00f5es apuradas, o candidato recebeu 1.686 (53,27%) dos votos v\u00e1lidos e venceu o vereador Geraldo Costa J\u00fanior (PODE), conhecido como Costinha, que obteve 1.479 (46,73%). <\/p>\n<p>J\u00fanior de Oseas disputou a elei\u00e7\u00e3o suplementar de Campo Azul, neste domingo (04\/03\/2018), pela coliga\u00e7\u00e3o &#8220;Uni\u00e3o, paz e responsabilidade para trabalhar&#8221;, formada pelos partidos Social Democr\u00e1tico (PSD) e Trabalhista Brasileiro (PTB). O vice da chapa \u00e9 a jovem engenheira Maria Julieta Almeida Amaral, popularmente conhecida como Maria Julieta de Carlim de Cirilo, de 24 anos.<\/p>\n<p>De acordo com informa\u00e7\u00f5es divulgadas pelo Tribunal Superior Eleitoral (TSE), Campo Azul possui 3.946 eleitores. Destes, 698 (17,69%) n\u00e3o compareceram para votar neste domingo. 23 (0,71%) votaram em branco e outros 60 (1,85%) anularam o voto.<\/p>\n<p><img decoding=\"async\" src=\"http:\/\/aconteceunovale.com.br\/portal\/wp-content\/uploads\/2018\/03\/prefeito_eleito_campoazul_1.jpg\" alt=\"\" \/><em>J\u00fanior de Oseas e Maria Julieta de Carlim de Cirilo (Fotos: Divulga\u00e7\u00e3o\/TSE)<\/em><br \/>\n<\/br><\/p>\n<h4>Elei\u00e7\u00e3o em Campo Azul<\/h4>\n<p>O munic\u00edpio tem 13 se\u00e7\u00f5es eleitorais, distribu\u00eddas por sete locais de vota\u00e7\u00e3o. Foram utilizadas 13 urnas eletr\u00f4nicas e, para organizar os trabalhos de vota\u00e7\u00e3o, 52 mes\u00e1rios trabalharam neste domingo. <\/p>\n<p>Em Campo Azul, o candidato mais votado nas elei\u00e7\u00f5es de 2016, Jos\u00e9 Carlos Pereira de Almeida, teve seu registro indeferido por ter tido contas p\u00fablicas de conv\u00eanios, quando foi prefeito, rejeitadas pelo Tribunal de Contas da Uni\u00e3o. A inelegibilidade que fundamentou o indeferimento \u00e9 a do artigo 1\u00ba, I, g, da Lei Complementar n\u00ba 64\/1990.<\/p>\n<p><strong>VER PRIMEIRO<\/strong><\/p>\n<p><strong>Receba as not\u00edcias do Aconteceu no Vale em primeira m\u00e3o. Clique em curtir no endere\u00e7o <a href=\"https:\/\/www.facebook.com\/aconteceunovale\" target=\"_blank\"><font color=\"red\">www.facebook.com\/aconteceunovale<\/font><\/a> ou no box abaixo:<\/strong><\/p>\n<div class=\"fb-like\" data-href=\"https:\/\/www.facebook.com\/aconteceunovale\" data-width=\"120\" data-layout=\"standard\" data-action=\"like\" data-size=\"small\" data-show-faces=\"true\" data-share=\"true\"><\/div>\n<p><\/br><\/p>\n","protected":false},"excerpt":{"rendered":"<p>O produtor agropecu\u00e1rio Oseas Almeida J\u00fanior, o J\u00fanior de Oseas (PSD), de 46 anos, est\u00e1 eleito prefeito de Campo Azul (50\u00aa Zona Eleitoral, de Bras\u00edlia de Minas, no Norte do Estado). Com 100% das se\u00e7\u00f5es apuradas, o candidato recebeu 1.686 (53,27%) dos votos v\u00e1lidos e venceu o vereador Geraldo Costa J\u00fanior (PODE), conhecido como Costinha, [&hellip;]<\/p>\n","protected":false},"author":1,"featured_media":129024,"comment_status":"open","ping_status":"closed","sticky":false,"template":"","format":"standard","meta":{"amp_status":"","footnotes":""},"categories":[1236,40240],"tags":[18473,195,1703,169819,169822,169825,154681,1634,169824,170121,389,33228,169820,169821,167943,165551,169823,167945,169826,927],"class_list":["post-129023","post","type-post","status-publish","format-standard","has-post-thumbnail","hentry","category-norte_de_minas","category-politica-2","tag-bom-sucesso","tag-brasilia-de-minas","tag-campo-azul","tag-eleicao-em-campo-azul","tag-eleicao-em-ibituruna-de-minas","tag-eleicao-para-prefeito-em-santa-cruz-de-salinas","tag-eleitores-de-tres-municipios-mineiros-voltam-as-urnas-no-proximo-domingo","tag-ibituruna","tag-ibituruna-de-minas","tag-junior-de-oseas-e-eleito-prefeito-de-campo-azul","tag-medina","tag-no-norte-de-minas","tag-nova-eleicao-em-campo-azul","tag-nova-eleicao-em-ibituruna-de-minas","tag-nova-eleicao-em-santa-cruz-de-salinas","tag-nova-eleicao-para-prefeito-em-campo-azul","tag-nova-eleicao-para-prefeito-em-ibituruna-de-minas","tag-nova-eleicao-para-prefeito-em-santa-cruz-de-salinas","tag-outras-eleicoes-suplementares","tag-santa-cruz-de-salinas"],"_links":{"self":[{"href":"https:\/\/aconteceunovale.com.br\/portal\/index.php?rest_route=\/wp\/v2\/posts\/129023","targetHints":{"allow":["GET"]}}],"collection":[{"href":"https:\/\/aconteceunovale.com.br\/portal\/index.php?rest_route=\/wp\/v2\/posts"}],"about":[{"href":"https:\/\/aconteceunovale.com.br\/portal\/index.php?rest_route=\/wp\/v2\/types\/post"}],"author":[{"embeddable":true,"href":"https:\/\/aconteceunovale.com.br\/portal\/index.php?rest_route=\/wp\/v2\/users\/1"}],"replies":[{"embeddable":true,"href":"https:\/\/aconteceunovale.com.br\/portal\/index.php?rest_route=%2Fwp%2Fv2%2Fcomments&post=129023"}],"version-history":[{"count":0,"href":"https:\/\/aconteceunovale.com.br\/portal\/index.php?rest_route=\/wp\/v2\/posts\/129023\/revisions"}],"wp:featuredmedia":[{"embeddable":true,"href":"https:\/\/aconteceunovale.com.br\/portal\/index.php?rest_route=\/wp\/v2\/media\/129024"}],"wp:attachment":[{"href":"https:\/\/aconteceunovale.com.br\/portal\/index.php?rest_route=%2Fwp%2Fv2%2Fmedia&parent=129023"}],"wp:term":[{"taxonomy":"category","embeddable":true,"href":"https:\/\/aconteceunovale.com.br\/portal\/index.php?rest_route=%2Fwp%2Fv2%2Fcategories&post=129023"},{"taxonomy":"post_tag","embeddable":true,"href":"https:\/\/aconteceunovale.com.br\/portal\/index.php?rest_route=%2Fwp%2Fv2%2Ftags&post=129023"}],"curies":[{"name":"wp","href":"https:\/\/api.w.org\/{rel}","templated":true}]}}