{"id":129010,"date":"2018-03-04T18:22:25","date_gmt":"2018-03-04T20:22:25","guid":{"rendered":"http:\/\/aconteceunovale.com.br\/portal\/?p=129010"},"modified":"2018-03-04T18:22:25","modified_gmt":"2018-03-04T20:22:25","slug":"dezesseis-orgaos-publicos-abrem-inscricoes-para-mais-de-3-mil-vagas-nesta-semana-2","status":"publish","type":"post","link":"https:\/\/aconteceunovale.com.br\/portal\/?p=129010","title":{"rendered":"Dezesseis \u00f3rg\u00e3os p\u00fablicos abrem inscri\u00e7\u00f5es para mais de 3 mil vagas nesta semana"},"content":{"rendered":"<p>Dezesseis \u00f3rg\u00e3os p\u00fablicos abrem inscri\u00e7\u00f5es nesta semana para preencher mais de 3 mil vagas e forma\u00e7\u00e3o de cadastro de reserva. As vagas s\u00e3o para trabalhar em diversos estados, com oportunidades para profissionais de todos os n\u00edveis de escolaridade.<\/p>\n<p>Somente na Prefeitura de Mara\u00e3 (AM), h\u00e1 1.239 vagas para profissionais com ensino fundamental, m\u00e9dio e superior. Os sal\u00e1rios chegam a R$ 30 mil. J\u00e1 na Aeron\u00e1utica, h\u00e1 dois concursos abertos que, somados, oferecem 822 vagas nos estados do Amazonas, Par\u00e1, Maranh\u00e3o e Minas Gerais, para profissionais com ensino m\u00e9dio completo.<\/p>\n<p>Na Universidade Federal de Santa Maria (RS), os sal\u00e1rios chegam a R$ 18.895,71. O concurso tem 7 vagas para profissionais com ensino superior.<\/p>\n<div>\n<h4>Veja abaixo os concursos que abrem inscri\u00e7\u00f5es nesta segunda (5):<\/h4>\n<\/div>\n<div data-block-type=\"unstyled\" data-block-weight=\"1\" data-block-id=\"7\">\n<p data-track-category=\"Link no Texto\" data-track-links=\"\">Aeron\u00e1utica<\/p>\n<\/div>\n<div data-block-type=\"raw\" data-block-weight=\"17\" data-block-id=\"8\">\n<ul>\n<li>Encerramento: 23\/03\/18<\/li>\n<li>Vagas: 822<\/li>\n<li>Escolaridade: m\u00e9dio<\/li>\n<li>Local: Manaus, Bel\u00e9m, S\u00e3o Lu\u00eds e Confins (MG)<\/li>\n<li><span style=\"color: #ff0000;\"><a href=\"https:\/\/www.decea.gov.br\/static\/uploads\/2018\/02\/QSCON-TCT-BCA-24.pdf\" target=\"_blank\"><span style=\"color: #ff0000;\">Veja o edital<\/span><\/a><\/span><\/li>\n<\/ul>\n<\/div>\n<div data-block-type=\"unstyled\" data-block-weight=\"6\" data-block-id=\"9\">\n<p data-track-category=\"Link no Texto\" data-track-links=\"\">C\u00e2mara Municipal de Nova Odessa (SP)<\/p>\n<\/div>\n<div data-block-type=\"raw\" data-block-weight=\"19\" data-block-id=\"10\">\n<ul>\n<li>Encerramento: 05\/04\/18<\/li>\n<li>Vagas: 37<\/li>\n<li>SalarioR$ 8.680,62<\/li>\n<li>Escolaridade: fundamental, m\u00e9dio, t\u00e9cnico e superior<\/li>\n<li>Local: Nova Odessa<\/li>\n<li><span style=\"color: #ff0000;\"><a href=\"https:\/\/www.vunesp.com.br\/CMNO1701\" target=\"_blank\"><span style=\"color: #ff0000;\">Veja o edital<\/span><\/a><\/span><\/li>\n<\/ul>\n<\/div>\n<div data-block-type=\"unstyled\" data-block-weight=\"3\" data-block-id=\"11\">\n<p data-track-category=\"Link no Texto\" data-track-links=\"\">Instituto Federal Fluminense<\/p>\n<\/div>\n<div data-block-type=\"raw\" data-block-weight=\"18\" data-block-id=\"12\">\n<ul>\n<li>Encerramento: 30\/03\/18<\/li>\n<li>Vagas: 48<\/li>\n<li>Salario: R$ 4.455,22<\/li>\n<li>Escolaridade: m\u00e9dio e superior<\/li>\n<li>Local: Rio de Janeiro<\/li>\n<li><span style=\"color: #ff0000;\"><a href=\"http:\/\/portal1.iff.edu.br\/reitoria\/noticias\/iffluminense-divulga-novo-concurso-publico\" target=\"_blank\"><span style=\"color: #ff0000;\">Veja o edital<\/span><\/a><\/span><\/li>\n<\/ul>\n<\/div>\n<div data-block-type=\"unstyled\" data-block-weight=\"5\" data-block-id=\"13\">\n<p data-track-category=\"Link no Texto\" data-track-links=\"\">Prefeitura de \u00c1gua Boa (MT)<\/p>\n<\/div>\n<div data-block-type=\"raw\" data-block-weight=\"16\" data-block-id=\"14\">\n<ul>\n<li>Encerramento: 13\/03\/18<\/li>\n<li>Sal\u00e1rio: R$ 4.006,45<\/li>\n<li>Escolaridade: fundamental, m\u00e9dio e superior<\/li>\n<li>Local: \u00c1gua Boa<\/li>\n<li><span style=\"color: #ff0000;\"><a href=\"http:\/\/www.aguaboa.mt.gov.br\/administracao\/2178-prefeitura-divulga-editais-para-processo-seletivo-publico-e-processo-seletivo-simplificado\" target=\"_blank\"><span style=\"color: #ff0000;\">Veja o edital<\/span><\/a><\/span><\/li>\n<\/ul>\n<\/div>\n<div data-block-type=\"unstyled\" data-block-weight=\"5\" data-block-id=\"15\">\n<p data-track-category=\"Link no Texto\" data-track-links=\"\">Prefeitura de El\u00f3i Mendes (MG)<\/p>\n<\/div>\n<div data-block-type=\"raw\" data-block-weight=\"18\" data-block-id=\"16\">\n<ul>\n<li>Encerramento: 05\/04\/18<\/li>\n<li>Vagas: 97<\/li>\n<li>Sal\u00e1rio: R$ 9.137,00<\/li>\n<li>Escolaridade: fundamental, m\u00e9dio e superior<\/li>\n<li>Local: El\u00f3i Mendes<\/li>\n<li><span style=\"color: #ff0000;\"><a href=\"http:\/\/exameconsultores.com.br\/v3\/concurso\/348\" target=\"_blank\"><span style=\"color: #ff0000;\">Veja o edital<\/span><\/a><\/span><\/li>\n<\/ul>\n<\/div>\n<div data-block-type=\"unstyled\" data-block-weight=\"7\" data-block-id=\"18\">\n<p data-track-category=\"Link no Texto\" data-track-links=\"\">Prefeitura de S\u00e3o Louren\u00e7o do Oeste (SC)<\/p>\n<\/div>\n<div data-block-type=\"raw\" data-block-weight=\"19\" data-block-id=\"19\">\n<ul>\n<li>Encerramento: 09\/03\/18<\/li>\n<li>Vagas: 7<\/li>\n<li>Sal\u00e1rio: R$ 2.226,53<\/li>\n<li>Escolaridade: m\u00e9dio e superior<\/li>\n<li>Local: S\u00e3o Louren\u00e7o do Oeste<\/li>\n<li><span style=\"color: #ff0000;\"><a href=\"http:\/\/www.saolourenco.sc.gov.br\/noticia\/3490\" target=\"_blank\"><span style=\"color: #ff0000;\">Veja o edital<\/span><\/a><\/span><\/li>\n<\/ul>\n<\/div>\n<div data-block-type=\"unstyled\" data-block-weight=\"5\" data-block-id=\"20\">\n<p data-track-category=\"Link no Texto\" data-track-links=\"\">Prefeitura de V\u00e1rzea Paulista (SP)<\/p>\n<\/div>\n<div data-block-type=\"raw\" data-block-weight=\"17\" data-block-id=\"21\">\n<ul>\n<li>Encerramento: 09\/03\/18<\/li>\n<li>Vagas: 8<\/li>\n<li>Sal\u00e1rio: R$ 5.049,45<\/li>\n<li>Escolaridade: superior<\/li>\n<li>Local: S\u00e3o Louren\u00e7o do Oeste<\/li>\n<li><span style=\"color: #ff0000;\"><a href=\"http:\/\/gove.varzeapaulista.sp.gov.br\/include\/concursos_publicos\/pdfs\/ps_164_1054.pdf\" target=\"_blank\"><span style=\"color: #ff0000;\">Veja o edital<\/span><\/a><\/span><\/li>\n<\/ul>\n<\/div>\n<div data-block-type=\"unstyled\" data-block-weight=\"6\" data-block-id=\"22\">\n<p data-track-category=\"Link no Texto\" data-track-links=\"\">Prefeitura Municipal de Serafina Corr\u00eaa (RS)<\/p>\n<\/div>\n<div data-block-type=\"raw\" data-block-weight=\"17\" data-block-id=\"23\">\n<ul>\n<li>Encerramento: 14\/03\/18<\/li>\n<li>Vagas: 32<\/li>\n<li>Sal\u00e1rio: R$ 3.955,00<\/li>\n<li>Escolaridade: fundamental e superior<\/li>\n<li>Local: Serafina Correa<\/li>\n<li><span style=\"color: #ff0000;\"><a href=\"http:\/\/www.serafinacorrea.rs.gov.br\/site\/conteudo\/?gCdConteudo=90\" target=\"_blank\"><span style=\"color: #ff0000;\">Veja o edital<\/span><\/a><\/span><\/li>\n<\/ul>\n<\/div>\n<div data-block-type=\"unstyled\" data-block-weight=\"6\" data-block-id=\"24\">\n<p data-track-category=\"Link no Texto\" data-track-links=\"\">Universidade Federal de Campina Grande (UFCG)<\/p>\n<\/div>\n<div data-block-type=\"raw\" data-block-weight=\"14\" data-block-id=\"25\">\n<ul>\n<li>Encerramento: 23\/03\/18<\/li>\n<li>Vagas: 3<\/li>\n<li>Sal\u00e1rio: R$ 6.627,43<\/li>\n<li>Escolaridade: superior<\/li>\n<li>Local: Pombal<\/li>\n<li><span style=\"color: #ff0000;\"><a href=\"http:\/\/www.ufcg.edu.br\" target=\"_blank\"><span style=\"color: #ff0000;\">Veja o edital<\/span><\/a><\/span><\/li>\n<\/ul>\n<\/div>\n<div data-block-type=\"unstyled\" data-block-weight=\"6\" data-block-id=\"26\">\n<p data-track-category=\"Link no Texto\" data-track-links=\"\">Universidade Federal de Santa Maria (RS)<\/p>\n<\/div>\n<div data-block-type=\"raw\" data-block-weight=\"15\" data-block-id=\"27\">\n<ul>\n<li>Encerramento: 23\/03\/18<\/li>\n<li>Vagas: 7<\/li>\n<li>Sal\u00e1rio: R$ 18.895,71<\/li>\n<li>Escolaridade: superior<\/li>\n<li>Local: Santa Maria<\/li>\n<li><span style=\"color: #ff0000;\"><a href=\"http:\/\/site.ufsm.br\/arquivos\/uploaded\/editais\/4a5b7c31-b94f-4a3b-9ae6-9b7fdb4980ba.pdf\" target=\"_blank\"><span style=\"color: #ff0000;\">Veja o edital<\/span><\/a><\/span><\/li>\n<\/ul>\n<\/div>\n<div data-block-type=\"raw\" data-block-weight=\"10\" data-block-id=\"28\">\n<div>\n<h4>Veja abaixo os concursos que abrem inscri\u00e7\u00f5es nesta ter\u00e7a (6):<\/h4>\n<\/div>\n<\/div>\n<div data-block-type=\"unstyled\" data-block-weight=\"4\" data-block-id=\"29\">\n<p data-track-category=\"Link no Texto\" data-track-links=\"\">Prefeitura de Firmin\u00f3polis (GO)<\/p>\n<\/div>\n<div data-block-type=\"raw\" data-block-weight=\"17\" data-block-id=\"30\">\n<ul>\n<li>Encerramento: 28\/03\/18<\/li>\n<li>Vagas: 185<\/li>\n<li>Sal\u00e1rio: R$ 7.382,00<\/li>\n<li>Escolaridade: fundamental, m\u00e9dio e superior<\/li>\n<li>Local: Firmin\u00f3polis<\/li>\n<li><span style=\"color: #ff0000;\"><a href=\"http:\/\/www.itame.com.br\/site\/concurso_detalhes.aspx?conid=46\" target=\"_blank\"><span style=\"color: #ff0000;\">Veja o edital<\/span><\/a><\/span><\/li>\n<\/ul>\n<\/div>\n<div data-block-type=\"unstyled\" data-block-weight=\"4\" data-block-id=\"31\">\n<p data-track-category=\"Link no Texto\" data-track-links=\"\">Prefeitura de Mara\u00e3 (AM)<\/p>\n<\/div>\n<div data-block-type=\"raw\" data-block-weight=\"17\" data-block-id=\"32\">\n<ul>\n<li>Encerramento: 12\/03\/18<\/li>\n<li>Vagas: 1.239<\/li>\n<li>Sal\u00e1rio: R$ 30.000,00<\/li>\n<li>Escolaridade: fundamental, m\u00e9dio e superior<\/li>\n<li>Local: Mara\u00e3<\/li>\n<li><span style=\"color: #ff0000;\"><a href=\"http:\/\/www.diariomunicipal.com.br\/aam\/\" target=\"_blank\"><span style=\"color: #ff0000;\">Veja o edital<\/span><\/a><\/span><\/li>\n<\/ul>\n<\/div>\n<div data-block-type=\"unstyled\" data-block-weight=\"4\" data-block-id=\"33\">\n<p data-track-category=\"Link no Texto\" data-track-links=\"\">Prefeitura de Pirapemas (MA)<\/p>\n<\/div>\n<div data-block-type=\"raw\" data-block-weight=\"17\" data-block-id=\"34\">\n<ul>\n<li>Encerramento: 01\/04\/18<\/li>\n<li>Vagas: 111<\/li>\n<li>Sal\u00e1rio: R$ 5.140,00<\/li>\n<li>Escolaridade: fundamental, m\u00e9dio e superior<\/li>\n<li>Local: Pirapemas<\/li>\n<li><span style=\"color: #ff0000;\"><a href=\"http:\/\/www.funvapi.com.br\/concursos-em-andamento.php\" target=\"_blank\"><span style=\"color: #ff0000;\">Veja o edital<\/span><\/a><\/span><\/li>\n<\/ul>\n<\/div>\n<div data-block-type=\"raw\" data-block-weight=\"9\" data-block-id=\"35\">\n<div>\n<h4>Veja abaixo concurso que abre inscri\u00e7\u00f5es nesta quarta (7)<\/h4>\n<\/div>\n<\/div>\n<div data-block-type=\"unstyled\" data-block-weight=\"4\" data-block-id=\"36\">\n<p data-track-category=\"Link no Texto\" data-track-links=\"\">Prefeitura de Tacaratu (PE)<\/p>\n<\/div>\n<div data-block-type=\"raw\" data-block-weight=\"9\" data-block-id=\"37\">\n<ul>\n<li>Encerramento: 30\/04\/18<\/li>\n<li>Vagas: 294<\/li>\n<li>Local: Tacaratu<\/li>\n<li><span style=\"color: #ff0000;\"><a href=\"http:\/\/site.admtec.org.br\/prefeitura-de-tacaratu-pe\" target=\"_blank\"><span style=\"color: #ff0000;\">Veja o edital<\/span><\/a><\/span><\/li>\n<\/ul>\n<\/div>\n<div data-block-type=\"raw\" data-block-weight=\"9\" data-block-id=\"38\">\n<div>\n<h4>Veja abaixo concurso que abre inscri\u00e7\u00f5es nesta quinta (8)<\/h4>\n<\/div>\n<\/div>\n<div data-block-type=\"unstyled\" data-block-weight=\"5\" data-block-id=\"39\">\n<p data-track-category=\"Link no Texto\" data-track-links=\"\">C\u00e2mara Municipal de Guaruj\u00e1 (SP)<\/p>\n<\/div>\n<div data-block-type=\"raw\" data-block-weight=\"16\" data-block-id=\"40\">\n<ul>\n<li>Encerramento: 06\/04\/18<\/li>\n<li>Vagas: 15<\/li>\n<li>Sal\u00e1rio: R$ 7.122,00<\/li>\n<li>Escolaridade: m\u00e9dio e superior<\/li>\n<li>Local: Guaruj\u00e1<\/li>\n<li><span style=\"color: #ff0000;\"><a href=\"http:\/\/www.indepac.org.br\/concursos\/concurso\/show\/id\/22\" target=\"_blank\"><span style=\"color: #ff0000;\">Veja o edital<\/span><\/a><\/span><\/li>\n<\/ul>\n<\/div>\n<div data-block-type=\"raw\" data-block-weight=\"9\" data-block-id=\"41\">\n<div>\n<h4>Veja abaixo concurso que abre inscri\u00e7\u00f5es nesta sexta (9)<\/h4>\n<\/div>\n<\/div>\n<div data-block-type=\"unstyled\" data-block-weight=\"4\" data-block-id=\"42\">\n<p data-track-category=\"Link no Texto\" data-track-links=\"\">Prefeitura de Aurora (CE)<\/p>\n<\/div>\n<div data-track-category=\"fim do conteudo\" data-track-action=\"ultimo chunk conteudo\" data-track-noninteraction=\"false\" data-track-scroll=\"entrada completa viewport\">\n<div data-block-type=\"raw\" data-block-weight=\"17\" data-block-id=\"43\">\n<ul>\n<li>Encerramento: 12\/03\/18<\/li>\n<li>Vagas: 179<\/li>\n<li>Sal\u00e1rio: R$ 10.000,00<\/li>\n<li>Escolaridade: fundamental, m\u00e9dio e superior<\/li>\n<li>Local: Aurora<\/li>\n<li><span style=\"color: #ff0000;\"><a href=\"http:\/\/www.aurora.ce.gov.br\/arquivos\/540\/EDITAL%20DO%20PROCESSO%20SELETIVO__2018_0000002.pdf\" target=\"_blank\"><span style=\"color: #ff0000;\">Veja o edital<\/span><\/a><\/span><\/li>\n<\/ul>\n<\/div>\n<\/div>\n<p><strong>VER PRIMEIRO<\/strong><\/p>\n<p>Receba as not\u00edcias do Aconteceu no Vale em primeira m\u00e3o. Clique em curtir no endere\u00e7o <a href=\"https:\/\/www.facebook.com\/aconteceunovale\" target=\"_blank\"><font color=\"red\">www.facebook.com\/aconteceunovale<\/font><\/a> ou no box abaixo:<\/p>\n<div class=\"fb-like\" data-href=\"https:\/\/www.facebook.com\/aconteceunovale\" data-width=\"120\" data-layout=\"standard\" data-action=\"like\" data-size=\"small\" data-show-faces=\"true\" data-share=\"true\"><\/div>\n<p><\/br><\/p>\n<p><em>(Fonte: G1 Concursos e Emprego)<\/em><\/p>\n","protected":false},"excerpt":{"rendered":"<p>Dezesseis \u00f3rg\u00e3os p\u00fablicos abrem inscri\u00e7\u00f5es nesta semana para preencher mais de 3 mil vagas e forma\u00e7\u00e3o de cadastro de reserva. As vagas s\u00e3o para trabalhar em diversos estados, com oportunidades para profissionais de todos os n\u00edveis de escolaridade. Somente na Prefeitura de Mara\u00e3 (AM), h\u00e1 1.239 vagas para profissionais com ensino fundamental, m\u00e9dio e superior. [&hellip;]<\/p>\n","protected":false},"author":1,"featured_media":13951,"comment_status":"open","ping_status":"closed","sticky":false,"template":"","format":"standard","meta":{"amp_status":"","footnotes":""},"categories":[6,40237,40236],"tags":[29584,130,92024,170110,170088,9517,138469,104403,170111,170089,85273,170091,170092,170113,170094,170100,170103,170106,170095,170109,128719,170097,85309,85308,113969,97731,145303,83929,170087,14490,170099,7247,170090,170102,91076,170105,42354,170112,170093,170098,170101,170104,21517,170107,128718,170096,21518,139505,170108,27313,27312,113968,91098],"class_list":["post-129010","post","type-post","status-publish","format-standard","has-post-thumbnail","hentry","category-br","category-concursos","category-empregos-2","tag-aeronautica","tag-agua-boa","tag-aurora","tag-camara-municipal-de-guaruja","tag-camara-municipal-de-nova-odessa","tag-campina-grande","tag-concurso-aberto-em-minas-gerais","tag-concurso-aeronautica","tag-concurso-camara-municipal-de-guaruja","tag-concurso-camara-municipal-de-nova-odessa","tag-concurso-com-inscricao-aberta","tag-concurso-instituto-federal-fluminense","tag-concurso-prefeitura-de-agua-boa","tag-concurso-prefeitura-de-aurora","tag-concurso-prefeitura-de-eloi-mendes","tag-concurso-prefeitura-de-firminopolis","tag-concurso-prefeitura-de-maraa","tag-concurso-prefeitura-de-pirapemas","tag-concurso-prefeitura-de-sao-lourenco-do-oeste","tag-concurso-prefeitura-de-tacaratu","tag-concurso-prefeitura-de-varzea-paulista","tag-concurso-prefeitura-municipal-de-serafina-correa","tag-concurso-ufcg","tag-concurso-universidade-federal-de-campina-grande","tag-concurso-universidade-federal-de-santa-maria","tag-concursos-abertos","tag-concursos-abertos-em-minas-gerais","tag-concursos-com-inscricoes-abertas","tag-dezesseis-orgaos-publicos-abrem-inscricoes-para-mais-de-3-mil-vagas-nesta-semana","tag-eloi-mendes","tag-firminopolis","tag-guaruja","tag-instituto-federal-fluminense","tag-maraa","tag-nova-odessa","tag-pirapemas","tag-prefeitura-de-agua-boa","tag-prefeitura-de-aurora","tag-prefeitura-de-eloi-mendes","tag-prefeitura-de-firminopolis","tag-prefeitura-de-maraa","tag-prefeitura-de-pirapemas","tag-prefeitura-de-sao-lourenco-do-oeste","tag-prefeitura-de-tacaratu","tag-prefeitura-de-varzea-paulista","tag-prefeitura-municipal-de-serafina-correa","tag-sao-lourenco-do-oeste","tag-serafina-correa","tag-tacaratu","tag-ufcg","tag-universidade-federal-de-campina-grande","tag-universidade-federal-de-santa-maria","tag-varzea-paulista"],"yoast_head":"<!-- This site is optimized with the Yoast SEO plugin v28.3 - https:\/\/yoast.com\/product\/yoast-seo-wordpress\/ -->\n<title>Dezesseis \u00f3rg\u00e3os p\u00fablicos abrem inscri\u00e7\u00f5es para mais de 3 mil vagas nesta semana - Aconteceu no Vale<\/title>\n<meta name=\"robots\" content=\"index, follow, max-snippet:-1, max-image-preview:large, max-video-preview:-1\" \/>\n<link rel=\"canonical\" href=\"https:\/\/aconteceunovale.com.br\/portal\/?p=129010\" \/>\n<meta property=\"og:locale\" content=\"pt_BR\" \/>\n<meta property=\"og:type\" content=\"article\" \/>\n<meta property=\"og:title\" content=\"Dezesseis \u00f3rg\u00e3os p\u00fablicos abrem inscri\u00e7\u00f5es para mais de 3 mil vagas nesta semana - Aconteceu no Vale\" \/>\n<meta property=\"og:description\" content=\"Dezesseis \u00f3rg\u00e3os p\u00fablicos abrem inscri\u00e7\u00f5es nesta semana para preencher mais de 3 mil vagas e forma\u00e7\u00e3o de cadastro de reserva. As vagas s\u00e3o para trabalhar em diversos estados, com oportunidades para profissionais de todos os n\u00edveis de escolaridade. Somente na Prefeitura de Mara\u00e3 (AM), h\u00e1 1.239 vagas para profissionais com ensino fundamental, m\u00e9dio e superior. [&hellip;]\" \/>\n<meta property=\"og:url\" content=\"https:\/\/aconteceunovale.com.br\/portal\/?p=129010\" \/>\n<meta property=\"og:site_name\" content=\"Aconteceu no Vale\" \/>\n<meta property=\"article:publisher\" content=\"https:\/\/www.facebook.com\/aconteceunovale\/\" \/>\n<meta property=\"article:published_time\" content=\"2018-03-04T20:22:25+00:00\" \/>\n<meta property=\"og:image\" content=\"https:\/\/aconteceunovale.com.br\/portal\/wp-content\/uploads\/2013\/11\/concurso_publico_angelandia.jpg\" \/>\n\t<meta property=\"og:image:width\" content=\"650\" \/>\n\t<meta property=\"og:image:height\" content=\"400\" \/>\n\t<meta property=\"og:image:type\" content=\"image\/jpeg\" \/>\n<meta name=\"author\" content=\"Aconteceu no Vale\" \/>\n<meta name=\"twitter:card\" content=\"summary_large_image\" \/>\n<meta name=\"twitter:creator\" content=\"@noticiadosvales\" \/>\n<meta name=\"twitter:site\" content=\"@noticiadosvales\" \/>\n<meta name=\"twitter:label1\" content=\"Escrito por\" \/>\n\t<meta name=\"twitter:data1\" content=\"Aconteceu no Vale\" \/>\n\t<meta name=\"twitter:label2\" content=\"Est. tempo de leitura\" \/>\n\t<meta name=\"twitter:data2\" content=\"3 minutos\" \/>\n<script type=\"application\/ld+json\" class=\"yoast-schema-graph\">{\"@context\":\"https:\\\/\\\/schema.org\",\"@graph\":[{\"@type\":\"Article\",\"@id\":\"https:\\\/\\\/aconteceunovale.com.br\\\/portal\\\/?p=129010#article\",\"isPartOf\":{\"@id\":\"https:\\\/\\\/aconteceunovale.com.br\\\/portal\\\/?p=129010\"},\"author\":{\"name\":\"Aconteceu no Vale\",\"@id\":\"https:\\\/\\\/aconteceunovale.com.br\\\/portal\\\/#\\\/schema\\\/person\\\/633529146f2c94272bef50ac2953d589\"},\"headline\":\"Dezesseis \u00f3rg\u00e3os p\u00fablicos abrem inscri\u00e7\u00f5es para mais de 3 mil vagas nesta semana\",\"datePublished\":\"2018-03-04T20:22:25+00:00\",\"mainEntityOfPage\":{\"@id\":\"https:\\\/\\\/aconteceunovale.com.br\\\/portal\\\/?p=129010\"},\"wordCount\":548,\"commentCount\":0,\"image\":{\"@id\":\"https:\\\/\\\/aconteceunovale.com.br\\\/portal\\\/?p=129010#primaryimage\"},\"thumbnailUrl\":\"https:\\\/\\\/aconteceunovale.com.br\\\/portal\\\/wp-content\\\/uploads\\\/2013\\\/11\\\/concurso_publico_angelandia.jpg\",\"keywords\":[\"Aeron\u00e1utica\",\"\u00c1gua Boa\",\"Aurora\",\"C\u00e2mara Municipal de Guaruj\u00e1\",\"C\u00e2mara Municipal de Nova Odessa\",\"campina grande\",\"Concurso aberto em Minas Gerais\",\"Concurso Aeron\u00e1utica\",\"Concurso C\u00e2mara Municipal de Guaruj\u00e1\",\"Concurso C\u00e2mara Municipal de Nova Odessa\",\"concurso com inscri\u00e7\u00e3o aberta\",\"Concurso Instituto Federal Fluminense\",\"Concurso Prefeitura de \u00c1gua Boa\",\"Concurso Prefeitura de Aurora\",\"Concurso Prefeitura de El\u00f3i Mendes\",\"Concurso Prefeitura de Firmin\u00f3polis\",\"Concurso Prefeitura de Mara\u00e3\",\"Concurso Prefeitura de Pirapemas\",\"Concurso Prefeitura de S\u00e3o Louren\u00e7o do Oeste\",\"Concurso Prefeitura de Tacaratu\",\"Concurso Prefeitura de V\u00e1rzea Paulista\",\"Concurso Prefeitura Municipal de Serafina Corr\u00eaa\",\"Concurso UFCG\",\"Concurso Universidade Federal de Campina Grande\",\"Concurso Universidade Federal de Santa Maria\",\"concursos abertos\",\"Concursos abertos em Minas Gerais\",\"Concursos com inscri\u00e7\u00f5es abertas\",\"Dezesseis \u00f3rg\u00e3os p\u00fablicos abrem inscri\u00e7\u00f5es para mais de 3 mil vagas nesta semana\",\"El\u00f3i Mendes\",\"Firmin\u00f3polis\",\"Guaruj\u00e1\",\"Instituto Federal Fluminense\",\"Mara\u00e3\",\"Nova Odessa\",\"Pirapemas\",\"Prefeitura de \u00c1gua Boa\",\"Prefeitura de Aurora\",\"Prefeitura de El\u00f3i Mendes\",\"Prefeitura de Firmin\u00f3polis\",\"Prefeitura de Mara\u00e3\",\"Prefeitura de Pirapemas\",\"Prefeitura de S\u00e3o Louren\u00e7o do Oeste\",\"Prefeitura de Tacaratu\",\"Prefeitura de V\u00e1rzea Paulista\",\"Prefeitura Municipal de Serafina Corr\u00eaa\",\"S\u00e3o Louren\u00e7o do Oeste\",\"Serafina Corr\u00eaa\",\"Tacaratu\",\"UFCG\",\"Universidade Federal de Campina Grande\",\"Universidade Federal de Santa Maria\",\"V\u00e1rzea Paulista\"],\"articleSection\":[\"Brasil\",\"Concursos\",\"Empregos\"],\"inLanguage\":\"pt-BR\",\"potentialAction\":[{\"@type\":\"CommentAction\",\"name\":\"Comment\",\"target\":[\"https:\\\/\\\/aconteceunovale.com.br\\\/portal\\\/?p=129010#respond\"]}]},{\"@type\":\"WebPage\",\"@id\":\"https:\\\/\\\/aconteceunovale.com.br\\\/portal\\\/?p=129010\",\"url\":\"https:\\\/\\\/aconteceunovale.com.br\\\/portal\\\/?p=129010\",\"name\":\"Dezesseis \u00f3rg\u00e3os p\u00fablicos abrem inscri\u00e7\u00f5es para mais de 3 mil vagas nesta semana - Aconteceu no Vale\",\"isPartOf\":{\"@id\":\"https:\\\/\\\/aconteceunovale.com.br\\\/portal\\\/#website\"},\"primaryImageOfPage\":{\"@id\":\"https:\\\/\\\/aconteceunovale.com.br\\\/portal\\\/?p=129010#primaryimage\"},\"image\":{\"@id\":\"https:\\\/\\\/aconteceunovale.com.br\\\/portal\\\/?p=129010#primaryimage\"},\"thumbnailUrl\":\"https:\\\/\\\/aconteceunovale.com.br\\\/portal\\\/wp-content\\\/uploads\\\/2013\\\/11\\\/concurso_publico_angelandia.jpg\",\"datePublished\":\"2018-03-04T20:22:25+00:00\",\"author\":{\"@id\":\"https:\\\/\\\/aconteceunovale.com.br\\\/portal\\\/#\\\/schema\\\/person\\\/633529146f2c94272bef50ac2953d589\"},\"breadcrumb\":{\"@id\":\"https:\\\/\\\/aconteceunovale.com.br\\\/portal\\\/?p=129010#breadcrumb\"},\"inLanguage\":\"pt-BR\",\"potentialAction\":[{\"@type\":\"ReadAction\",\"target\":[\"https:\\\/\\\/aconteceunovale.com.br\\\/portal\\\/?p=129010\"]}]},{\"@type\":\"ImageObject\",\"inLanguage\":\"pt-BR\",\"@id\":\"https:\\\/\\\/aconteceunovale.com.br\\\/portal\\\/?p=129010#primaryimage\",\"url\":\"https:\\\/\\\/aconteceunovale.com.br\\\/portal\\\/wp-content\\\/uploads\\\/2013\\\/11\\\/concurso_publico_angelandia.jpg\",\"contentUrl\":\"https:\\\/\\\/aconteceunovale.com.br\\\/portal\\\/wp-content\\\/uploads\\\/2013\\\/11\\\/concurso_publico_angelandia.jpg\",\"width\":650,\"height\":400},{\"@type\":\"BreadcrumbList\",\"@id\":\"https:\\\/\\\/aconteceunovale.com.br\\\/portal\\\/?p=129010#breadcrumb\",\"itemListElement\":[{\"@type\":\"ListItem\",\"position\":1,\"name\":\"In\u00edcio\",\"item\":\"https:\\\/\\\/aconteceunovale.com.br\\\/portal\\\/\"},{\"@type\":\"ListItem\",\"position\":2,\"name\":\"Dezesseis \u00f3rg\u00e3os p\u00fablicos abrem inscri\u00e7\u00f5es para mais de 3 mil vagas nesta semana\"}]},{\"@type\":\"WebSite\",\"@id\":\"https:\\\/\\\/aconteceunovale.com.br\\\/portal\\\/#website\",\"url\":\"https:\\\/\\\/aconteceunovale.com.br\\\/portal\\\/\",\"name\":\"Aconteceu no Vale\",\"description\":\"Portal de Not\u00edcias\",\"potentialAction\":[{\"@type\":\"SearchAction\",\"target\":{\"@type\":\"EntryPoint\",\"urlTemplate\":\"https:\\\/\\\/aconteceunovale.com.br\\\/portal\\\/?s={search_term_string}\"},\"query-input\":{\"@type\":\"PropertyValueSpecification\",\"valueRequired\":true,\"valueName\":\"search_term_string\"}}],\"inLanguage\":\"pt-BR\"},{\"@type\":\"Person\",\"@id\":\"https:\\\/\\\/aconteceunovale.com.br\\\/portal\\\/#\\\/schema\\\/person\\\/633529146f2c94272bef50ac2953d589\",\"name\":\"Aconteceu no Vale\",\"description\":\"Equipe de reportagem do Aconteceu no Vale, portal de not\u00edcias do Vale do Jequitinhonha, em Minas Gerais. Cobrimos as 51 cidades do Vale desde 2013. Sugest\u00f5es de pauta e pedidos de corre\u00e7\u00e3o: contato@aconteceunovale.com.br\",\"sameAs\":[\"http:\\\/\\\/www.aconteceunovale.com.br\"],\"url\":\"https:\\\/\\\/aconteceunovale.com.br\\\/portal\\\/?author=1\"}]}<\/script>\n<!-- \/ Yoast SEO plugin. -->","yoast_head_json":{"title":"Dezesseis \u00f3rg\u00e3os p\u00fablicos abrem inscri\u00e7\u00f5es para mais de 3 mil vagas nesta semana - Aconteceu no Vale","robots":{"index":"index","follow":"follow","max-snippet":"max-snippet:-1","max-image-preview":"max-image-preview:large","max-video-preview":"max-video-preview:-1"},"canonical":"https:\/\/aconteceunovale.com.br\/portal\/?p=129010","og_locale":"pt_BR","og_type":"article","og_title":"Dezesseis \u00f3rg\u00e3os p\u00fablicos abrem inscri\u00e7\u00f5es para mais de 3 mil vagas nesta semana - Aconteceu no Vale","og_description":"Dezesseis \u00f3rg\u00e3os p\u00fablicos abrem inscri\u00e7\u00f5es nesta semana para preencher mais de 3 mil vagas e forma\u00e7\u00e3o de cadastro de reserva. As vagas s\u00e3o para trabalhar em diversos estados, com oportunidades para profissionais de todos os n\u00edveis de escolaridade. Somente na Prefeitura de Mara\u00e3 (AM), h\u00e1 1.239 vagas para profissionais com ensino fundamental, m\u00e9dio e superior. [&hellip;]","og_url":"https:\/\/aconteceunovale.com.br\/portal\/?p=129010","og_site_name":"Aconteceu no Vale","article_publisher":"https:\/\/www.facebook.com\/aconteceunovale\/","article_published_time":"2018-03-04T20:22:25+00:00","og_image":[{"width":650,"height":400,"url":"https:\/\/aconteceunovale.com.br\/portal\/wp-content\/uploads\/2013\/11\/concurso_publico_angelandia.jpg","type":"image\/jpeg"}],"author":"Aconteceu no Vale","twitter_card":"summary_large_image","twitter_creator":"@noticiadosvales","twitter_site":"@noticiadosvales","twitter_misc":{"Escrito por":"Aconteceu no Vale","Est. tempo de leitura":"3 minutos"},"schema":{"@context":"https:\/\/schema.org","@graph":[{"@type":"Article","@id":"https:\/\/aconteceunovale.com.br\/portal\/?p=129010#article","isPartOf":{"@id":"https:\/\/aconteceunovale.com.br\/portal\/?p=129010"},"author":{"name":"Aconteceu no Vale","@id":"https:\/\/aconteceunovale.com.br\/portal\/#\/schema\/person\/633529146f2c94272bef50ac2953d589"},"headline":"Dezesseis \u00f3rg\u00e3os p\u00fablicos abrem inscri\u00e7\u00f5es para mais de 3 mil vagas nesta semana","datePublished":"2018-03-04T20:22:25+00:00","mainEntityOfPage":{"@id":"https:\/\/aconteceunovale.com.br\/portal\/?p=129010"},"wordCount":548,"commentCount":0,"image":{"@id":"https:\/\/aconteceunovale.com.br\/portal\/?p=129010#primaryimage"},"thumbnailUrl":"https:\/\/aconteceunovale.com.br\/portal\/wp-content\/uploads\/2013\/11\/concurso_publico_angelandia.jpg","keywords":["Aeron\u00e1utica","\u00c1gua Boa","Aurora","C\u00e2mara Municipal de Guaruj\u00e1","C\u00e2mara Municipal de Nova Odessa","campina grande","Concurso aberto em Minas Gerais","Concurso Aeron\u00e1utica","Concurso C\u00e2mara Municipal de Guaruj\u00e1","Concurso C\u00e2mara Municipal de Nova Odessa","concurso com inscri\u00e7\u00e3o aberta","Concurso Instituto Federal Fluminense","Concurso Prefeitura de \u00c1gua Boa","Concurso Prefeitura de Aurora","Concurso Prefeitura de El\u00f3i Mendes","Concurso Prefeitura de Firmin\u00f3polis","Concurso Prefeitura de Mara\u00e3","Concurso Prefeitura de Pirapemas","Concurso Prefeitura de S\u00e3o Louren\u00e7o do Oeste","Concurso Prefeitura de Tacaratu","Concurso Prefeitura de V\u00e1rzea Paulista","Concurso Prefeitura Municipal de Serafina Corr\u00eaa","Concurso UFCG","Concurso Universidade Federal de Campina Grande","Concurso Universidade Federal de Santa Maria","concursos abertos","Concursos abertos em Minas Gerais","Concursos com inscri\u00e7\u00f5es abertas","Dezesseis \u00f3rg\u00e3os p\u00fablicos abrem inscri\u00e7\u00f5es para mais de 3 mil vagas nesta semana","El\u00f3i Mendes","Firmin\u00f3polis","Guaruj\u00e1","Instituto Federal Fluminense","Mara\u00e3","Nova Odessa","Pirapemas","Prefeitura de \u00c1gua Boa","Prefeitura de Aurora","Prefeitura de El\u00f3i Mendes","Prefeitura de Firmin\u00f3polis","Prefeitura de Mara\u00e3","Prefeitura de Pirapemas","Prefeitura de S\u00e3o Louren\u00e7o do Oeste","Prefeitura de Tacaratu","Prefeitura de V\u00e1rzea Paulista","Prefeitura Municipal de Serafina Corr\u00eaa","S\u00e3o Louren\u00e7o do Oeste","Serafina Corr\u00eaa","Tacaratu","UFCG","Universidade Federal de Campina Grande","Universidade Federal de Santa Maria","V\u00e1rzea Paulista"],"articleSection":["Brasil","Concursos","Empregos"],"inLanguage":"pt-BR","potentialAction":[{"@type":"CommentAction","name":"Comment","target":["https:\/\/aconteceunovale.com.br\/portal\/?p=129010#respond"]}]},{"@type":"WebPage","@id":"https:\/\/aconteceunovale.com.br\/portal\/?p=129010","url":"https:\/\/aconteceunovale.com.br\/portal\/?p=129010","name":"Dezesseis \u00f3rg\u00e3os p\u00fablicos abrem inscri\u00e7\u00f5es para mais de 3 mil vagas nesta semana - Aconteceu no Vale","isPartOf":{"@id":"https:\/\/aconteceunovale.com.br\/portal\/#website"},"primaryImageOfPage":{"@id":"https:\/\/aconteceunovale.com.br\/portal\/?p=129010#primaryimage"},"image":{"@id":"https:\/\/aconteceunovale.com.br\/portal\/?p=129010#primaryimage"},"thumbnailUrl":"https:\/\/aconteceunovale.com.br\/portal\/wp-content\/uploads\/2013\/11\/concurso_publico_angelandia.jpg","datePublished":"2018-03-04T20:22:25+00:00","author":{"@id":"https:\/\/aconteceunovale.com.br\/portal\/#\/schema\/person\/633529146f2c94272bef50ac2953d589"},"breadcrumb":{"@id":"https:\/\/aconteceunovale.com.br\/portal\/?p=129010#breadcrumb"},"inLanguage":"pt-BR","potentialAction":[{"@type":"ReadAction","target":["https:\/\/aconteceunovale.com.br\/portal\/?p=129010"]}]},{"@type":"ImageObject","inLanguage":"pt-BR","@id":"https:\/\/aconteceunovale.com.br\/portal\/?p=129010#primaryimage","url":"https:\/\/aconteceunovale.com.br\/portal\/wp-content\/uploads\/2013\/11\/concurso_publico_angelandia.jpg","contentUrl":"https:\/\/aconteceunovale.com.br\/portal\/wp-content\/uploads\/2013\/11\/concurso_publico_angelandia.jpg","width":650,"height":400},{"@type":"BreadcrumbList","@id":"https:\/\/aconteceunovale.com.br\/portal\/?p=129010#breadcrumb","itemListElement":[{"@type":"ListItem","position":1,"name":"In\u00edcio","item":"https:\/\/aconteceunovale.com.br\/portal\/"},{"@type":"ListItem","position":2,"name":"Dezesseis \u00f3rg\u00e3os p\u00fablicos abrem inscri\u00e7\u00f5es para mais de 3 mil vagas nesta semana"}]},{"@type":"WebSite","@id":"https:\/\/aconteceunovale.com.br\/portal\/#website","url":"https:\/\/aconteceunovale.com.br\/portal\/","name":"Aconteceu no Vale","description":"Portal de Not\u00edcias","potentialAction":[{"@type":"SearchAction","target":{"@type":"EntryPoint","urlTemplate":"https:\/\/aconteceunovale.com.br\/portal\/?s={search_term_string}"},"query-input":{"@type":"PropertyValueSpecification","valueRequired":true,"valueName":"search_term_string"}}],"inLanguage":"pt-BR"},{"@type":"Person","@id":"https:\/\/aconteceunovale.com.br\/portal\/#\/schema\/person\/633529146f2c94272bef50ac2953d589","name":"Aconteceu no Vale","description":"Equipe de reportagem do Aconteceu no Vale, portal de not\u00edcias do Vale do Jequitinhonha, em Minas Gerais. Cobrimos as 51 cidades do Vale desde 2013. Sugest\u00f5es de pauta e pedidos de corre\u00e7\u00e3o: contato@aconteceunovale.com.br","sameAs":["http:\/\/www.aconteceunovale.com.br"],"url":"https:\/\/aconteceunovale.com.br\/portal\/?author=1"}]}},"_links":{"self":[{"href":"https:\/\/aconteceunovale.com.br\/portal\/index.php?rest_route=\/wp\/v2\/posts\/129010","targetHints":{"allow":["GET"]}}],"collection":[{"href":"https:\/\/aconteceunovale.com.br\/portal\/index.php?rest_route=\/wp\/v2\/posts"}],"about":[{"href":"https:\/\/aconteceunovale.com.br\/portal\/index.php?rest_route=\/wp\/v2\/types\/post"}],"author":[{"embeddable":true,"href":"https:\/\/aconteceunovale.com.br\/portal\/index.php?rest_route=\/wp\/v2\/users\/1"}],"replies":[{"embeddable":true,"href":"https:\/\/aconteceunovale.com.br\/portal\/index.php?rest_route=%2Fwp%2Fv2%2Fcomments&post=129010"}],"version-history":[{"count":0,"href":"https:\/\/aconteceunovale.com.br\/portal\/index.php?rest_route=\/wp\/v2\/posts\/129010\/revisions"}],"wp:featuredmedia":[{"embeddable":true,"href":"https:\/\/aconteceunovale.com.br\/portal\/index.php?rest_route=\/wp\/v2\/media\/13951"}],"wp:attachment":[{"href":"https:\/\/aconteceunovale.com.br\/portal\/index.php?rest_route=%2Fwp%2Fv2%2Fmedia&parent=129010"}],"wp:term":[{"taxonomy":"category","embeddable":true,"href":"https:\/\/aconteceunovale.com.br\/portal\/index.php?rest_route=%2Fwp%2Fv2%2Fcategories&post=129010"},{"taxonomy":"post_tag","embeddable":true,"href":"https:\/\/aconteceunovale.com.br\/portal\/index.php?rest_route=%2Fwp%2Fv2%2Ftags&post=129010"}],"curies":[{"name":"wp","href":"https:\/\/api.w.org\/{rel}","templated":true}]}}