{"id":128995,"date":"2018-03-04T17:10:11","date_gmt":"2018-03-04T19:10:11","guid":{"rendered":"http:\/\/aconteceunovale.com.br\/portal\/?p=128995"},"modified":"2018-03-04T17:10:11","modified_gmt":"2018-03-04T19:10:11","slug":"invasao-de-cobras-assusta-moradores-de-resplendor-no-vale-do-rio-doce","status":"publish","type":"post","link":"https:\/\/aconteceunovale.com.br\/portal\/?p=128995","title":{"rendered":"Invas\u00e3o de cobras assusta moradores de Resplendor, no Vale do Rio Doce"},"content":{"rendered":"<p>A apari\u00e7\u00e3o intensa de cobras em Resplendor, no Vale do Rio Doce, tem preocupado a popula\u00e7\u00e3o e o poder p\u00fablico. Nesta sexta-feira (2), foi determinada uma for\u00e7a-tarefa entre as secretarias de Meio Ambiente, Obras e Sa\u00fade para conter o avan\u00e7o dos animais pela cidade e tentar tranquilizar os moradores.<\/p>\n<p>O secret\u00e1rio municipal de Meio Ambiente, Oseas Teixeira Freitas, explica que ainda n\u00e3o se sabe a causa da apari\u00e7\u00e3o das cobras, mas que a\u00e7\u00f5es tiveram que ser pensadas para dar resposta \u00e0s reclama\u00e7\u00f5es dos moradores. \u201cFelizmente at\u00e9 o momento ningu\u00e9m se feriu, mas temos recebido diversos chamados. De fato tem sido algo at\u00edpico. J\u00e1 aconteceu em outros anos de aparecer esses animais, mas n\u00e3o na propor\u00e7\u00e3o que est\u00e1 agora\u201d.<\/p>\n<p>Moradora da parte norte da cidade, no Bairro Nossa Senhora de F\u00e1tima, uma dona de casa que n\u00e3o quis se identificar disse que h\u00e1 cerca de duas semanas apareceram tr\u00eas cobras no quintal da casa dela. \u201cEu morei aqui minha vida toda e nunca vi desse jeito. Da primeira vez, ela estava prestes a atacar nosso gato, e meu marido teve que matar. Na rua tamb\u00e9m j\u00e1 apareceram outras. A gente fica preocupado porque tem muita crian\u00e7a e idoso por aqui, \u00e9 perigoso. No Centro da cidade tem aparecido; outro dia no fim da missa at\u00e9 o padre mandou ter cuidado\u201d, conta a moradora.<\/p>\n<p><img decoding=\"async\" src=\"http:\/\/aconteceunovale.com.br\/portal\/wp-content\/uploads\/2018\/03\/cobras_resplendor_1.jpeg\" alt=\"\" \/><em>Cobras est\u00e3o aparecendo em v\u00e1rios bairros (Foto: Prefeitura de Resplendor\/Divulga\u00e7\u00e3o)<\/em><br \/>\n<\/br><\/p>\n<h3>A\u00e7\u00f5es e cuidados<\/h3>\n<p>De acordo com a Prefeitura, ser\u00e3o intensificadas as a\u00e7\u00f5es de limpeza na cidade, bem como de captura dos animais. Quem encontrar uma cobra deve acionar a secretaria de Meio Ambiente pelo telefone (33) 3263-2574, ou a Vigil\u00e2ncia Sanit\u00e1ria pelo n\u00famero (33) 3263-2005.<\/p>\n<p>Ainda segundo a Prefeitura, caso algu\u00e9m seja picado por um desses animais deve procurar imediatamente o Hospital Municipal para receber dose de soro antiof\u00eddico. Segundo o Corpo de Bombeiros, at\u00e9 o momento n\u00e3o h\u00e1 ocorr\u00eancias com pessoas feridas.<\/p>\n<p><img decoding=\"async\" src=\"http:\/\/aconteceunovale.com.br\/portal\/wp-content\/uploads\/2018\/03\/cobras_resplendor_2.jpeg\" alt=\"\" \/><em>Moradores mataram algumas cobras (Foto: Prefeitura de Resplendor\/Divulga\u00e7\u00e3o)<\/em><br \/>\n<\/br><\/p>\n<p><strong>VER PRIMEIRO<\/strong><\/p>\n<p>Receba as not\u00edcias do Aconteceu no Vale em primeira m\u00e3o. Clique em curtir no endere\u00e7o <a href=\"https:\/\/www.facebook.com\/aconteceunovale\" target=\"_blank\"><font color=\"red\">www.facebook.com\/aconteceunovale<\/font><\/a> ou no box abaixo:<\/p>\n<div class=\"fb-like\" data-href=\"https:\/\/www.facebook.com\/aconteceunovale\" data-width=\"120\" data-layout=\"standard\" data-action=\"like\" data-size=\"small\" data-show-faces=\"true\" data-share=\"true\"><\/div>\n<p><\/br><\/p>\n<p><em>(Fonte: G1 Vales)<\/em><\/p>\n","protected":false},"excerpt":{"rendered":"<p>A apari\u00e7\u00e3o intensa de cobras em Resplendor, no Vale do Rio Doce, tem preocupado a popula\u00e7\u00e3o e o poder p\u00fablico. Nesta sexta-feira (2), foi determinada uma for\u00e7a-tarefa entre as secretarias de Meio Ambiente, Obras e Sa\u00fade para conter o avan\u00e7o dos animais pela cidade e tentar tranquilizar os moradores. O secret\u00e1rio municipal de Meio Ambiente, [&hellip;]<\/p>\n","protected":false},"author":1,"featured_media":128996,"comment_status":"open","ping_status":"closed","sticky":false,"template":"","format":"standard","meta":{"amp_status":"","footnotes":""},"categories":[121],"tags":[170082,170081,1018,170085,170083,58056,170084,309],"class_list":["post-128995","post","type-post","status-publish","format-standard","has-post-thumbnail","hentry","category-leste","tag-aparicao-de-cobras-em-resplendor","tag-cobras-resplendor","tag-destaque","tag-invasao-de-cobras-assusta-moradores-de-resplendor","tag-invasao-de-cobras-em-resplendor","tag-no-vale-do-rio-doce","tag-oseas-teixeira-freitas","tag-resplendor"],"yoast_head":"<!-- This site is optimized with the Yoast SEO plugin v28.3 - https:\/\/yoast.com\/product\/yoast-seo-wordpress\/ -->\n<title>Invas\u00e3o de cobras assusta moradores de Resplendor, no Vale do Rio Doce - Aconteceu no Vale<\/title>\n<meta name=\"robots\" content=\"index, follow, max-snippet:-1, max-image-preview:large, max-video-preview:-1\" \/>\n<link rel=\"canonical\" href=\"https:\/\/aconteceunovale.com.br\/portal\/?p=128995\" \/>\n<meta property=\"og:locale\" content=\"pt_BR\" \/>\n<meta property=\"og:type\" content=\"article\" \/>\n<meta property=\"og:title\" content=\"Invas\u00e3o de cobras assusta moradores de Resplendor, no Vale do Rio Doce - Aconteceu no Vale\" \/>\n<meta property=\"og:description\" content=\"A apari\u00e7\u00e3o intensa de cobras em Resplendor, no Vale do Rio Doce, tem preocupado a popula\u00e7\u00e3o e o poder p\u00fablico. Nesta sexta-feira (2), foi determinada uma for\u00e7a-tarefa entre as secretarias de Meio Ambiente, Obras e Sa\u00fade para conter o avan\u00e7o dos animais pela cidade e tentar tranquilizar os moradores. O secret\u00e1rio municipal de Meio Ambiente, [&hellip;]\" \/>\n<meta property=\"og:url\" content=\"https:\/\/aconteceunovale.com.br\/portal\/?p=128995\" \/>\n<meta property=\"og:site_name\" content=\"Aconteceu no Vale\" \/>\n<meta property=\"article:publisher\" content=\"https:\/\/www.facebook.com\/aconteceunovale\/\" \/>\n<meta property=\"article:published_time\" content=\"2018-03-04T19:10:11+00:00\" \/>\n<meta property=\"og:image\" content=\"https:\/\/aconteceunovale.com.br\/portal\/wp-content\/uploads\/2018\/03\/cobras_resplendor_2.jpeg\" \/>\n\t<meta property=\"og:image:width\" content=\"669\" \/>\n\t<meta property=\"og:image:height\" content=\"450\" \/>\n\t<meta property=\"og:image:type\" content=\"image\/jpeg\" \/>\n<meta name=\"author\" content=\"Aconteceu no Vale\" \/>\n<meta name=\"twitter:card\" content=\"summary_large_image\" \/>\n<meta name=\"twitter:creator\" content=\"@noticiadosvales\" \/>\n<meta name=\"twitter:site\" content=\"@noticiadosvales\" \/>\n<meta name=\"twitter:label1\" content=\"Escrito por\" \/>\n\t<meta name=\"twitter:data1\" content=\"Aconteceu no Vale\" \/>\n\t<meta name=\"twitter:label2\" content=\"Est. tempo de leitura\" \/>\n\t<meta name=\"twitter:data2\" content=\"2 minutos\" \/>\n<script type=\"application\/ld+json\" class=\"yoast-schema-graph\">{\"@context\":\"https:\\\/\\\/schema.org\",\"@graph\":[{\"@type\":\"Article\",\"@id\":\"https:\\\/\\\/aconteceunovale.com.br\\\/portal\\\/?p=128995#article\",\"isPartOf\":{\"@id\":\"https:\\\/\\\/aconteceunovale.com.br\\\/portal\\\/?p=128995\"},\"author\":{\"name\":\"Aconteceu no Vale\",\"@id\":\"https:\\\/\\\/aconteceunovale.com.br\\\/portal\\\/#\\\/schema\\\/person\\\/633529146f2c94272bef50ac2953d589\"},\"headline\":\"Invas\u00e3o de cobras assusta moradores de Resplendor, no Vale do Rio Doce\",\"datePublished\":\"2018-03-04T19:10:11+00:00\",\"mainEntityOfPage\":{\"@id\":\"https:\\\/\\\/aconteceunovale.com.br\\\/portal\\\/?p=128995\"},\"wordCount\":399,\"commentCount\":0,\"image\":{\"@id\":\"https:\\\/\\\/aconteceunovale.com.br\\\/portal\\\/?p=128995#primaryimage\"},\"thumbnailUrl\":\"https:\\\/\\\/aconteceunovale.com.br\\\/portal\\\/wp-content\\\/uploads\\\/2018\\\/03\\\/cobras_resplendor_2.jpeg\",\"keywords\":[\"Apari\u00e7\u00e3o de cobras em Resplendor\",\"Cobras Resplendor\",\"destaque\",\"Invas\u00e3o de cobras assusta moradores de Resplendor\",\"Invas\u00e3o de cobras em Resplendor\",\"no Vale do Rio Doce\",\"Oseas Teixeira Freitas\",\"Resplendor\"],\"articleSection\":[\"Leste de Minas\"],\"inLanguage\":\"pt-BR\",\"potentialAction\":[{\"@type\":\"CommentAction\",\"name\":\"Comment\",\"target\":[\"https:\\\/\\\/aconteceunovale.com.br\\\/portal\\\/?p=128995#respond\"]}]},{\"@type\":\"WebPage\",\"@id\":\"https:\\\/\\\/aconteceunovale.com.br\\\/portal\\\/?p=128995\",\"url\":\"https:\\\/\\\/aconteceunovale.com.br\\\/portal\\\/?p=128995\",\"name\":\"Invas\u00e3o de cobras assusta moradores de Resplendor, no Vale do Rio Doce - Aconteceu no Vale\",\"isPartOf\":{\"@id\":\"https:\\\/\\\/aconteceunovale.com.br\\\/portal\\\/#website\"},\"primaryImageOfPage\":{\"@id\":\"https:\\\/\\\/aconteceunovale.com.br\\\/portal\\\/?p=128995#primaryimage\"},\"image\":{\"@id\":\"https:\\\/\\\/aconteceunovale.com.br\\\/portal\\\/?p=128995#primaryimage\"},\"thumbnailUrl\":\"https:\\\/\\\/aconteceunovale.com.br\\\/portal\\\/wp-content\\\/uploads\\\/2018\\\/03\\\/cobras_resplendor_2.jpeg\",\"datePublished\":\"2018-03-04T19:10:11+00:00\",\"author\":{\"@id\":\"https:\\\/\\\/aconteceunovale.com.br\\\/portal\\\/#\\\/schema\\\/person\\\/633529146f2c94272bef50ac2953d589\"},\"breadcrumb\":{\"@id\":\"https:\\\/\\\/aconteceunovale.com.br\\\/portal\\\/?p=128995#breadcrumb\"},\"inLanguage\":\"pt-BR\",\"potentialAction\":[{\"@type\":\"ReadAction\",\"target\":[\"https:\\\/\\\/aconteceunovale.com.br\\\/portal\\\/?p=128995\"]}]},{\"@type\":\"ImageObject\",\"inLanguage\":\"pt-BR\",\"@id\":\"https:\\\/\\\/aconteceunovale.com.br\\\/portal\\\/?p=128995#primaryimage\",\"url\":\"https:\\\/\\\/aconteceunovale.com.br\\\/portal\\\/wp-content\\\/uploads\\\/2018\\\/03\\\/cobras_resplendor_2.jpeg\",\"contentUrl\":\"https:\\\/\\\/aconteceunovale.com.br\\\/portal\\\/wp-content\\\/uploads\\\/2018\\\/03\\\/cobras_resplendor_2.jpeg\",\"width\":669,\"height\":450},{\"@type\":\"BreadcrumbList\",\"@id\":\"https:\\\/\\\/aconteceunovale.com.br\\\/portal\\\/?p=128995#breadcrumb\",\"itemListElement\":[{\"@type\":\"ListItem\",\"position\":1,\"name\":\"In\u00edcio\",\"item\":\"https:\\\/\\\/aconteceunovale.com.br\\\/portal\\\/\"},{\"@type\":\"ListItem\",\"position\":2,\"name\":\"Invas\u00e3o de cobras assusta moradores de Resplendor, no Vale do Rio Doce\"}]},{\"@type\":\"WebSite\",\"@id\":\"https:\\\/\\\/aconteceunovale.com.br\\\/portal\\\/#website\",\"url\":\"https:\\\/\\\/aconteceunovale.com.br\\\/portal\\\/\",\"name\":\"Aconteceu no Vale\",\"description\":\"Portal de Not\u00edcias\",\"potentialAction\":[{\"@type\":\"SearchAction\",\"target\":{\"@type\":\"EntryPoint\",\"urlTemplate\":\"https:\\\/\\\/aconteceunovale.com.br\\\/portal\\\/?s={search_term_string}\"},\"query-input\":{\"@type\":\"PropertyValueSpecification\",\"valueRequired\":true,\"valueName\":\"search_term_string\"}}],\"inLanguage\":\"pt-BR\"},{\"@type\":\"Person\",\"@id\":\"https:\\\/\\\/aconteceunovale.com.br\\\/portal\\\/#\\\/schema\\\/person\\\/633529146f2c94272bef50ac2953d589\",\"name\":\"Aconteceu no Vale\",\"description\":\"Equipe de reportagem do Aconteceu no Vale, portal de not\u00edcias do Vale do Jequitinhonha, em Minas Gerais. Cobrimos as 51 cidades do Vale desde 2013. Sugest\u00f5es de pauta e pedidos de corre\u00e7\u00e3o: contato@aconteceunovale.com.br\",\"sameAs\":[\"http:\\\/\\\/www.aconteceunovale.com.br\"],\"url\":\"https:\\\/\\\/aconteceunovale.com.br\\\/portal\\\/?author=1\"}]}<\/script>\n<!-- \/ Yoast SEO plugin. -->","yoast_head_json":{"title":"Invas\u00e3o de cobras assusta moradores de Resplendor, no Vale do Rio Doce - Aconteceu no Vale","robots":{"index":"index","follow":"follow","max-snippet":"max-snippet:-1","max-image-preview":"max-image-preview:large","max-video-preview":"max-video-preview:-1"},"canonical":"https:\/\/aconteceunovale.com.br\/portal\/?p=128995","og_locale":"pt_BR","og_type":"article","og_title":"Invas\u00e3o de cobras assusta moradores de Resplendor, no Vale do Rio Doce - Aconteceu no Vale","og_description":"A apari\u00e7\u00e3o intensa de cobras em Resplendor, no Vale do Rio Doce, tem preocupado a popula\u00e7\u00e3o e o poder p\u00fablico. Nesta sexta-feira (2), foi determinada uma for\u00e7a-tarefa entre as secretarias de Meio Ambiente, Obras e Sa\u00fade para conter o avan\u00e7o dos animais pela cidade e tentar tranquilizar os moradores. O secret\u00e1rio municipal de Meio Ambiente, [&hellip;]","og_url":"https:\/\/aconteceunovale.com.br\/portal\/?p=128995","og_site_name":"Aconteceu no Vale","article_publisher":"https:\/\/www.facebook.com\/aconteceunovale\/","article_published_time":"2018-03-04T19:10:11+00:00","og_image":[{"width":669,"height":450,"url":"https:\/\/aconteceunovale.com.br\/portal\/wp-content\/uploads\/2018\/03\/cobras_resplendor_2.jpeg","type":"image\/jpeg"}],"author":"Aconteceu no Vale","twitter_card":"summary_large_image","twitter_creator":"@noticiadosvales","twitter_site":"@noticiadosvales","twitter_misc":{"Escrito por":"Aconteceu no Vale","Est. tempo de leitura":"2 minutos"},"schema":{"@context":"https:\/\/schema.org","@graph":[{"@type":"Article","@id":"https:\/\/aconteceunovale.com.br\/portal\/?p=128995#article","isPartOf":{"@id":"https:\/\/aconteceunovale.com.br\/portal\/?p=128995"},"author":{"name":"Aconteceu no Vale","@id":"https:\/\/aconteceunovale.com.br\/portal\/#\/schema\/person\/633529146f2c94272bef50ac2953d589"},"headline":"Invas\u00e3o de cobras assusta moradores de Resplendor, no Vale do Rio Doce","datePublished":"2018-03-04T19:10:11+00:00","mainEntityOfPage":{"@id":"https:\/\/aconteceunovale.com.br\/portal\/?p=128995"},"wordCount":399,"commentCount":0,"image":{"@id":"https:\/\/aconteceunovale.com.br\/portal\/?p=128995#primaryimage"},"thumbnailUrl":"https:\/\/aconteceunovale.com.br\/portal\/wp-content\/uploads\/2018\/03\/cobras_resplendor_2.jpeg","keywords":["Apari\u00e7\u00e3o de cobras em Resplendor","Cobras Resplendor","destaque","Invas\u00e3o de cobras assusta moradores de Resplendor","Invas\u00e3o de cobras em Resplendor","no Vale do Rio Doce","Oseas Teixeira Freitas","Resplendor"],"articleSection":["Leste de Minas"],"inLanguage":"pt-BR","potentialAction":[{"@type":"CommentAction","name":"Comment","target":["https:\/\/aconteceunovale.com.br\/portal\/?p=128995#respond"]}]},{"@type":"WebPage","@id":"https:\/\/aconteceunovale.com.br\/portal\/?p=128995","url":"https:\/\/aconteceunovale.com.br\/portal\/?p=128995","name":"Invas\u00e3o de cobras assusta moradores de Resplendor, no Vale do Rio Doce - Aconteceu no Vale","isPartOf":{"@id":"https:\/\/aconteceunovale.com.br\/portal\/#website"},"primaryImageOfPage":{"@id":"https:\/\/aconteceunovale.com.br\/portal\/?p=128995#primaryimage"},"image":{"@id":"https:\/\/aconteceunovale.com.br\/portal\/?p=128995#primaryimage"},"thumbnailUrl":"https:\/\/aconteceunovale.com.br\/portal\/wp-content\/uploads\/2018\/03\/cobras_resplendor_2.jpeg","datePublished":"2018-03-04T19:10:11+00:00","author":{"@id":"https:\/\/aconteceunovale.com.br\/portal\/#\/schema\/person\/633529146f2c94272bef50ac2953d589"},"breadcrumb":{"@id":"https:\/\/aconteceunovale.com.br\/portal\/?p=128995#breadcrumb"},"inLanguage":"pt-BR","potentialAction":[{"@type":"ReadAction","target":["https:\/\/aconteceunovale.com.br\/portal\/?p=128995"]}]},{"@type":"ImageObject","inLanguage":"pt-BR","@id":"https:\/\/aconteceunovale.com.br\/portal\/?p=128995#primaryimage","url":"https:\/\/aconteceunovale.com.br\/portal\/wp-content\/uploads\/2018\/03\/cobras_resplendor_2.jpeg","contentUrl":"https:\/\/aconteceunovale.com.br\/portal\/wp-content\/uploads\/2018\/03\/cobras_resplendor_2.jpeg","width":669,"height":450},{"@type":"BreadcrumbList","@id":"https:\/\/aconteceunovale.com.br\/portal\/?p=128995#breadcrumb","itemListElement":[{"@type":"ListItem","position":1,"name":"In\u00edcio","item":"https:\/\/aconteceunovale.com.br\/portal\/"},{"@type":"ListItem","position":2,"name":"Invas\u00e3o de cobras assusta moradores de Resplendor, no Vale do Rio Doce"}]},{"@type":"WebSite","@id":"https:\/\/aconteceunovale.com.br\/portal\/#website","url":"https:\/\/aconteceunovale.com.br\/portal\/","name":"Aconteceu no Vale","description":"Portal de Not\u00edcias","potentialAction":[{"@type":"SearchAction","target":{"@type":"EntryPoint","urlTemplate":"https:\/\/aconteceunovale.com.br\/portal\/?s={search_term_string}"},"query-input":{"@type":"PropertyValueSpecification","valueRequired":true,"valueName":"search_term_string"}}],"inLanguage":"pt-BR"},{"@type":"Person","@id":"https:\/\/aconteceunovale.com.br\/portal\/#\/schema\/person\/633529146f2c94272bef50ac2953d589","name":"Aconteceu no Vale","description":"Equipe de reportagem do Aconteceu no Vale, portal de not\u00edcias do Vale do Jequitinhonha, em Minas Gerais. Cobrimos as 51 cidades do Vale desde 2013. Sugest\u00f5es de pauta e pedidos de corre\u00e7\u00e3o: contato@aconteceunovale.com.br","sameAs":["http:\/\/www.aconteceunovale.com.br"],"url":"https:\/\/aconteceunovale.com.br\/portal\/?author=1"}]}},"_links":{"self":[{"href":"https:\/\/aconteceunovale.com.br\/portal\/index.php?rest_route=\/wp\/v2\/posts\/128995","targetHints":{"allow":["GET"]}}],"collection":[{"href":"https:\/\/aconteceunovale.com.br\/portal\/index.php?rest_route=\/wp\/v2\/posts"}],"about":[{"href":"https:\/\/aconteceunovale.com.br\/portal\/index.php?rest_route=\/wp\/v2\/types\/post"}],"author":[{"embeddable":true,"href":"https:\/\/aconteceunovale.com.br\/portal\/index.php?rest_route=\/wp\/v2\/users\/1"}],"replies":[{"embeddable":true,"href":"https:\/\/aconteceunovale.com.br\/portal\/index.php?rest_route=%2Fwp%2Fv2%2Fcomments&post=128995"}],"version-history":[{"count":0,"href":"https:\/\/aconteceunovale.com.br\/portal\/index.php?rest_route=\/wp\/v2\/posts\/128995\/revisions"}],"wp:featuredmedia":[{"embeddable":true,"href":"https:\/\/aconteceunovale.com.br\/portal\/index.php?rest_route=\/wp\/v2\/media\/128996"}],"wp:attachment":[{"href":"https:\/\/aconteceunovale.com.br\/portal\/index.php?rest_route=%2Fwp%2Fv2%2Fmedia&parent=128995"}],"wp:term":[{"taxonomy":"category","embeddable":true,"href":"https:\/\/aconteceunovale.com.br\/portal\/index.php?rest_route=%2Fwp%2Fv2%2Fcategories&post=128995"},{"taxonomy":"post_tag","embeddable":true,"href":"https:\/\/aconteceunovale.com.br\/portal\/index.php?rest_route=%2Fwp%2Fv2%2Ftags&post=128995"}],"curies":[{"name":"wp","href":"https:\/\/api.w.org\/{rel}","templated":true}]}}