{"id":128987,"date":"2018-03-04T16:25:08","date_gmt":"2018-03-04T18:25:08","guid":{"rendered":"http:\/\/aconteceunovale.com.br\/portal\/?p=128987"},"modified":"2018-03-04T16:25:08","modified_gmt":"2018-03-04T18:25:08","slug":"igreja-catolica-e-arrombada-em-janauba","status":"publish","type":"post","link":"https:\/\/aconteceunovale.com.br\/portal\/?p=128987","title":{"rendered":"Igreja cat\u00f3lica \u00e9 arrombada em Jana\u00faba"},"content":{"rendered":"<p>A Igreja Matriz da Par\u00f3quia de Santo Afonso de Maria Lig\u00f3rio, em Jana\u00faba, foi invadida na madrugada de sexta-feira (02\/03\/2018). O criminoso arrombou uma porta lateral para entrar no templo cat\u00f3lico e se dirigiu ao sacr\u00e1rio. Ele furtou tr\u00eas \u00e2mbulas (um tipo de casti\u00e7al onde h\u00f3stias consagradas ficam guardadas) e forros, e ainda jogou as h\u00f3stias ao ch\u00e3o.<\/p>\n<p>Junto \u00e0s \u00e2mbulas levadas pelo autor, estavam outras de vidro, mas ele optou somente pelas douradas. Segundo o p\u00e1roco, Manoel Idalmo Damasceno, a igreja, que fica no Bairro Rio Novo, possui sistema de monitoramento eletr\u00f4nico, mas ele n\u00e3o disparou durante a a\u00e7\u00e3o criminosa.<\/p>\n<p>&#8220;Creio que ele andou baixinho at\u00e9 chegar ao sacr\u00e1rio. Por isso n\u00e3o disparou. As h\u00f3stias que foram jogadas ao ch\u00e3o foram separadas e consumidas pelo bispo da cidade. Este \u00e9 um procedimento normal; pode ser feita pelo pr\u00f3prio padre&#8221;, explica.<\/p>\n<p>O autor foi identificado e preso pela Pol\u00edcia Militar ainda na manh\u00e3 desta sexta-feira. A PM informou que o criminoso \u00e9 um rapaz de 24 anos, que possui outras passagens pela pol\u00edcia.<\/p>\n<p><img decoding=\"async\" src=\"http:\/\/aconteceunovale.com.br\/portal\/wp-content\/uploads\/2018\/03\/roubo_igreja_janauba.jpg\" alt=\"\" \/><em>\u00c2mbulas foram recuperadas com o autor (Foto: Pol\u00edcia Militar\/Divulga\u00e7\u00e3o)<\/em><br \/>\n<\/br><\/p>\n<p><strong>VER PRIMEIRO<\/strong><\/p>\n<p>Receba as not\u00edcias do Aconteceu no Vale em primeira m\u00e3o. Clique em curtir no endere\u00e7o <a href=\"https:\/\/www.facebook.com\/aconteceunovale\" target=\"_blank\"><font color=\"red\">www.facebook.com\/aconteceunovale<\/font><\/a> ou no box abaixo:<\/p>\n<div class=\"fb-like\" data-href=\"https:\/\/www.facebook.com\/aconteceunovale\" data-width=\"120\" data-layout=\"standard\" data-action=\"like\" data-size=\"small\" data-show-faces=\"true\" data-share=\"true\"><\/div>\n<p><\/br><\/p>\n<p><em>(Fonte: G1 Grande Minas)<\/em><\/p>\n","protected":false},"excerpt":{"rendered":"<p>A Igreja Matriz da Par\u00f3quia de Santo Afonso de Maria Lig\u00f3rio, em Jana\u00faba, foi invadida na madrugada de sexta-feira (02\/03\/2018). O criminoso arrombou uma porta lateral para entrar no templo cat\u00f3lico e se dirigiu ao sacr\u00e1rio. Ele furtou tr\u00eas \u00e2mbulas (um tipo de casti\u00e7al onde h\u00f3stias consagradas ficam guardadas) e forros, e ainda jogou as [&hellip;]<\/p>\n","protected":false},"author":1,"featured_media":128988,"comment_status":"open","ping_status":"closed","sticky":false,"template":"","format":"standard","meta":{"amp_status":"","footnotes":""},"categories":[1236],"tags":[170068,170066,170071,170072,170069,204,170067,121345,170070],"class_list":["post-128987","post","type-post","status-publish","format-standard","has-post-thumbnail","hentry","category-norte_de_minas","tag-furto-em-igreja-em-janauba","tag-furto-em-janauba","tag-furto-igreja-matriz-da-paroquia-de-santo-afonso-de-maria-ligorio","tag-igreja-catolica-e-arrombada-em-janauba","tag-igreja-matriz-da-paroquia-de-santo-afonso-de-maria-ligorio","tag-janauba","tag-roubo-em-igreja-de-janauba","tag-roubo-em-janauba","tag-roubo-igreja-matriz-da-paroquia-de-santo-afonso-de-maria-ligorio"],"yoast_head":"<!-- This site is optimized with the Yoast SEO plugin v28.3 - https:\/\/yoast.com\/product\/yoast-seo-wordpress\/ -->\n<title>Igreja cat\u00f3lica \u00e9 arrombada em Jana\u00faba - Aconteceu no Vale<\/title>\n<meta name=\"robots\" content=\"index, follow, max-snippet:-1, max-image-preview:large, max-video-preview:-1\" \/>\n<link rel=\"canonical\" href=\"https:\/\/aconteceunovale.com.br\/portal\/?p=128987\" \/>\n<meta property=\"og:locale\" content=\"pt_BR\" \/>\n<meta property=\"og:type\" content=\"article\" \/>\n<meta property=\"og:title\" content=\"Igreja cat\u00f3lica \u00e9 arrombada em Jana\u00faba - Aconteceu no Vale\" \/>\n<meta property=\"og:description\" content=\"A Igreja Matriz da Par\u00f3quia de Santo Afonso de Maria Lig\u00f3rio, em Jana\u00faba, foi invadida na madrugada de sexta-feira (02\/03\/2018). O criminoso arrombou uma porta lateral para entrar no templo cat\u00f3lico e se dirigiu ao sacr\u00e1rio. Ele furtou tr\u00eas \u00e2mbulas (um tipo de casti\u00e7al onde h\u00f3stias consagradas ficam guardadas) e forros, e ainda jogou as [&hellip;]\" \/>\n<meta property=\"og:url\" content=\"https:\/\/aconteceunovale.com.br\/portal\/?p=128987\" \/>\n<meta property=\"og:site_name\" content=\"Aconteceu no Vale\" \/>\n<meta property=\"article:publisher\" content=\"https:\/\/www.facebook.com\/aconteceunovale\/\" \/>\n<meta property=\"article:published_time\" content=\"2018-03-04T18:25:08+00:00\" \/>\n<meta property=\"og:image\" content=\"https:\/\/aconteceunovale.com.br\/portal\/wp-content\/uploads\/2018\/03\/roubo_igreja_janauba.jpg\" \/>\n\t<meta property=\"og:image:width\" content=\"651\" \/>\n\t<meta property=\"og:image:height\" content=\"450\" \/>\n\t<meta property=\"og:image:type\" content=\"image\/jpeg\" \/>\n<meta name=\"author\" content=\"Aconteceu no Vale\" \/>\n<meta name=\"twitter:card\" content=\"summary_large_image\" \/>\n<meta name=\"twitter:creator\" content=\"@noticiadosvales\" \/>\n<meta name=\"twitter:site\" content=\"@noticiadosvales\" \/>\n<meta name=\"twitter:label1\" content=\"Escrito por\" \/>\n\t<meta name=\"twitter:data1\" content=\"Aconteceu no Vale\" \/>\n\t<meta name=\"twitter:label2\" content=\"Est. tempo de leitura\" \/>\n\t<meta name=\"twitter:data2\" content=\"1 minuto\" \/>\n<script type=\"application\/ld+json\" class=\"yoast-schema-graph\">{\"@context\":\"https:\\\/\\\/schema.org\",\"@graph\":[{\"@type\":\"Article\",\"@id\":\"https:\\\/\\\/aconteceunovale.com.br\\\/portal\\\/?p=128987#article\",\"isPartOf\":{\"@id\":\"https:\\\/\\\/aconteceunovale.com.br\\\/portal\\\/?p=128987\"},\"author\":{\"name\":\"Aconteceu no Vale\",\"@id\":\"https:\\\/\\\/aconteceunovale.com.br\\\/portal\\\/#\\\/schema\\\/person\\\/633529146f2c94272bef50ac2953d589\"},\"headline\":\"Igreja cat\u00f3lica \u00e9 arrombada em Jana\u00faba\",\"datePublished\":\"2018-03-04T18:25:08+00:00\",\"mainEntityOfPage\":{\"@id\":\"https:\\\/\\\/aconteceunovale.com.br\\\/portal\\\/?p=128987\"},\"wordCount\":241,\"commentCount\":0,\"image\":{\"@id\":\"https:\\\/\\\/aconteceunovale.com.br\\\/portal\\\/?p=128987#primaryimage\"},\"thumbnailUrl\":\"https:\\\/\\\/aconteceunovale.com.br\\\/portal\\\/wp-content\\\/uploads\\\/2018\\\/03\\\/roubo_igreja_janauba.jpg\",\"keywords\":[\"Furto em igreja em Jana\u00faba\",\"Furto em Jana\u00faba\",\"Furto Igreja Matriz da Par\u00f3quia de Santo Afonso de Maria Lig\u00f3rio\",\"Igreja cat\u00f3lica \u00e9 arrombada em Jana\u00faba\",\"Igreja Matriz da Par\u00f3quia de Santo Afonso de Maria Lig\u00f3rio\",\"Jana\u00faba\",\"Roubo em igreja de Jana\u00faba\",\"Roubo em Jana\u00faba\",\"Roubo Igreja Matriz da Par\u00f3quia de Santo Afonso de Maria Lig\u00f3rio\"],\"articleSection\":[\"Norte de Minas\"],\"inLanguage\":\"pt-BR\",\"potentialAction\":[{\"@type\":\"CommentAction\",\"name\":\"Comment\",\"target\":[\"https:\\\/\\\/aconteceunovale.com.br\\\/portal\\\/?p=128987#respond\"]}]},{\"@type\":\"WebPage\",\"@id\":\"https:\\\/\\\/aconteceunovale.com.br\\\/portal\\\/?p=128987\",\"url\":\"https:\\\/\\\/aconteceunovale.com.br\\\/portal\\\/?p=128987\",\"name\":\"Igreja cat\u00f3lica \u00e9 arrombada em Jana\u00faba - Aconteceu no Vale\",\"isPartOf\":{\"@id\":\"https:\\\/\\\/aconteceunovale.com.br\\\/portal\\\/#website\"},\"primaryImageOfPage\":{\"@id\":\"https:\\\/\\\/aconteceunovale.com.br\\\/portal\\\/?p=128987#primaryimage\"},\"image\":{\"@id\":\"https:\\\/\\\/aconteceunovale.com.br\\\/portal\\\/?p=128987#primaryimage\"},\"thumbnailUrl\":\"https:\\\/\\\/aconteceunovale.com.br\\\/portal\\\/wp-content\\\/uploads\\\/2018\\\/03\\\/roubo_igreja_janauba.jpg\",\"datePublished\":\"2018-03-04T18:25:08+00:00\",\"author\":{\"@id\":\"https:\\\/\\\/aconteceunovale.com.br\\\/portal\\\/#\\\/schema\\\/person\\\/633529146f2c94272bef50ac2953d589\"},\"breadcrumb\":{\"@id\":\"https:\\\/\\\/aconteceunovale.com.br\\\/portal\\\/?p=128987#breadcrumb\"},\"inLanguage\":\"pt-BR\",\"potentialAction\":[{\"@type\":\"ReadAction\",\"target\":[\"https:\\\/\\\/aconteceunovale.com.br\\\/portal\\\/?p=128987\"]}]},{\"@type\":\"ImageObject\",\"inLanguage\":\"pt-BR\",\"@id\":\"https:\\\/\\\/aconteceunovale.com.br\\\/portal\\\/?p=128987#primaryimage\",\"url\":\"https:\\\/\\\/aconteceunovale.com.br\\\/portal\\\/wp-content\\\/uploads\\\/2018\\\/03\\\/roubo_igreja_janauba.jpg\",\"contentUrl\":\"https:\\\/\\\/aconteceunovale.com.br\\\/portal\\\/wp-content\\\/uploads\\\/2018\\\/03\\\/roubo_igreja_janauba.jpg\",\"width\":651,\"height\":450},{\"@type\":\"BreadcrumbList\",\"@id\":\"https:\\\/\\\/aconteceunovale.com.br\\\/portal\\\/?p=128987#breadcrumb\",\"itemListElement\":[{\"@type\":\"ListItem\",\"position\":1,\"name\":\"In\u00edcio\",\"item\":\"https:\\\/\\\/aconteceunovale.com.br\\\/portal\\\/\"},{\"@type\":\"ListItem\",\"position\":2,\"name\":\"Igreja cat\u00f3lica \u00e9 arrombada em Jana\u00faba\"}]},{\"@type\":\"WebSite\",\"@id\":\"https:\\\/\\\/aconteceunovale.com.br\\\/portal\\\/#website\",\"url\":\"https:\\\/\\\/aconteceunovale.com.br\\\/portal\\\/\",\"name\":\"Aconteceu no Vale\",\"description\":\"Portal de Not\u00edcias\",\"potentialAction\":[{\"@type\":\"SearchAction\",\"target\":{\"@type\":\"EntryPoint\",\"urlTemplate\":\"https:\\\/\\\/aconteceunovale.com.br\\\/portal\\\/?s={search_term_string}\"},\"query-input\":{\"@type\":\"PropertyValueSpecification\",\"valueRequired\":true,\"valueName\":\"search_term_string\"}}],\"inLanguage\":\"pt-BR\"},{\"@type\":\"Person\",\"@id\":\"https:\\\/\\\/aconteceunovale.com.br\\\/portal\\\/#\\\/schema\\\/person\\\/633529146f2c94272bef50ac2953d589\",\"name\":\"Aconteceu no Vale\",\"description\":\"Equipe de reportagem do Aconteceu no Vale, portal de not\u00edcias do Vale do Jequitinhonha, em Minas Gerais. Cobrimos as 51 cidades do Vale desde 2013. Sugest\u00f5es de pauta e pedidos de corre\u00e7\u00e3o: contato@aconteceunovale.com.br\",\"sameAs\":[\"http:\\\/\\\/www.aconteceunovale.com.br\"],\"url\":\"https:\\\/\\\/aconteceunovale.com.br\\\/portal\\\/?author=1\"}]}<\/script>\n<!-- \/ Yoast SEO plugin. -->","yoast_head_json":{"title":"Igreja cat\u00f3lica \u00e9 arrombada em Jana\u00faba - Aconteceu no Vale","robots":{"index":"index","follow":"follow","max-snippet":"max-snippet:-1","max-image-preview":"max-image-preview:large","max-video-preview":"max-video-preview:-1"},"canonical":"https:\/\/aconteceunovale.com.br\/portal\/?p=128987","og_locale":"pt_BR","og_type":"article","og_title":"Igreja cat\u00f3lica \u00e9 arrombada em Jana\u00faba - Aconteceu no Vale","og_description":"A Igreja Matriz da Par\u00f3quia de Santo Afonso de Maria Lig\u00f3rio, em Jana\u00faba, foi invadida na madrugada de sexta-feira (02\/03\/2018). O criminoso arrombou uma porta lateral para entrar no templo cat\u00f3lico e se dirigiu ao sacr\u00e1rio. Ele furtou tr\u00eas \u00e2mbulas (um tipo de casti\u00e7al onde h\u00f3stias consagradas ficam guardadas) e forros, e ainda jogou as [&hellip;]","og_url":"https:\/\/aconteceunovale.com.br\/portal\/?p=128987","og_site_name":"Aconteceu no Vale","article_publisher":"https:\/\/www.facebook.com\/aconteceunovale\/","article_published_time":"2018-03-04T18:25:08+00:00","og_image":[{"width":651,"height":450,"url":"https:\/\/aconteceunovale.com.br\/portal\/wp-content\/uploads\/2018\/03\/roubo_igreja_janauba.jpg","type":"image\/jpeg"}],"author":"Aconteceu no Vale","twitter_card":"summary_large_image","twitter_creator":"@noticiadosvales","twitter_site":"@noticiadosvales","twitter_misc":{"Escrito por":"Aconteceu no Vale","Est. tempo de leitura":"1 minuto"},"schema":{"@context":"https:\/\/schema.org","@graph":[{"@type":"Article","@id":"https:\/\/aconteceunovale.com.br\/portal\/?p=128987#article","isPartOf":{"@id":"https:\/\/aconteceunovale.com.br\/portal\/?p=128987"},"author":{"name":"Aconteceu no Vale","@id":"https:\/\/aconteceunovale.com.br\/portal\/#\/schema\/person\/633529146f2c94272bef50ac2953d589"},"headline":"Igreja cat\u00f3lica \u00e9 arrombada em Jana\u00faba","datePublished":"2018-03-04T18:25:08+00:00","mainEntityOfPage":{"@id":"https:\/\/aconteceunovale.com.br\/portal\/?p=128987"},"wordCount":241,"commentCount":0,"image":{"@id":"https:\/\/aconteceunovale.com.br\/portal\/?p=128987#primaryimage"},"thumbnailUrl":"https:\/\/aconteceunovale.com.br\/portal\/wp-content\/uploads\/2018\/03\/roubo_igreja_janauba.jpg","keywords":["Furto em igreja em Jana\u00faba","Furto em Jana\u00faba","Furto Igreja Matriz da Par\u00f3quia de Santo Afonso de Maria Lig\u00f3rio","Igreja cat\u00f3lica \u00e9 arrombada em Jana\u00faba","Igreja Matriz da Par\u00f3quia de Santo Afonso de Maria Lig\u00f3rio","Jana\u00faba","Roubo em igreja de Jana\u00faba","Roubo em Jana\u00faba","Roubo Igreja Matriz da Par\u00f3quia de Santo Afonso de Maria Lig\u00f3rio"],"articleSection":["Norte de Minas"],"inLanguage":"pt-BR","potentialAction":[{"@type":"CommentAction","name":"Comment","target":["https:\/\/aconteceunovale.com.br\/portal\/?p=128987#respond"]}]},{"@type":"WebPage","@id":"https:\/\/aconteceunovale.com.br\/portal\/?p=128987","url":"https:\/\/aconteceunovale.com.br\/portal\/?p=128987","name":"Igreja cat\u00f3lica \u00e9 arrombada em Jana\u00faba - Aconteceu no Vale","isPartOf":{"@id":"https:\/\/aconteceunovale.com.br\/portal\/#website"},"primaryImageOfPage":{"@id":"https:\/\/aconteceunovale.com.br\/portal\/?p=128987#primaryimage"},"image":{"@id":"https:\/\/aconteceunovale.com.br\/portal\/?p=128987#primaryimage"},"thumbnailUrl":"https:\/\/aconteceunovale.com.br\/portal\/wp-content\/uploads\/2018\/03\/roubo_igreja_janauba.jpg","datePublished":"2018-03-04T18:25:08+00:00","author":{"@id":"https:\/\/aconteceunovale.com.br\/portal\/#\/schema\/person\/633529146f2c94272bef50ac2953d589"},"breadcrumb":{"@id":"https:\/\/aconteceunovale.com.br\/portal\/?p=128987#breadcrumb"},"inLanguage":"pt-BR","potentialAction":[{"@type":"ReadAction","target":["https:\/\/aconteceunovale.com.br\/portal\/?p=128987"]}]},{"@type":"ImageObject","inLanguage":"pt-BR","@id":"https:\/\/aconteceunovale.com.br\/portal\/?p=128987#primaryimage","url":"https:\/\/aconteceunovale.com.br\/portal\/wp-content\/uploads\/2018\/03\/roubo_igreja_janauba.jpg","contentUrl":"https:\/\/aconteceunovale.com.br\/portal\/wp-content\/uploads\/2018\/03\/roubo_igreja_janauba.jpg","width":651,"height":450},{"@type":"BreadcrumbList","@id":"https:\/\/aconteceunovale.com.br\/portal\/?p=128987#breadcrumb","itemListElement":[{"@type":"ListItem","position":1,"name":"In\u00edcio","item":"https:\/\/aconteceunovale.com.br\/portal\/"},{"@type":"ListItem","position":2,"name":"Igreja cat\u00f3lica \u00e9 arrombada em Jana\u00faba"}]},{"@type":"WebSite","@id":"https:\/\/aconteceunovale.com.br\/portal\/#website","url":"https:\/\/aconteceunovale.com.br\/portal\/","name":"Aconteceu no Vale","description":"Portal de Not\u00edcias","potentialAction":[{"@type":"SearchAction","target":{"@type":"EntryPoint","urlTemplate":"https:\/\/aconteceunovale.com.br\/portal\/?s={search_term_string}"},"query-input":{"@type":"PropertyValueSpecification","valueRequired":true,"valueName":"search_term_string"}}],"inLanguage":"pt-BR"},{"@type":"Person","@id":"https:\/\/aconteceunovale.com.br\/portal\/#\/schema\/person\/633529146f2c94272bef50ac2953d589","name":"Aconteceu no Vale","description":"Equipe de reportagem do Aconteceu no Vale, portal de not\u00edcias do Vale do Jequitinhonha, em Minas Gerais. Cobrimos as 51 cidades do Vale desde 2013. Sugest\u00f5es de pauta e pedidos de corre\u00e7\u00e3o: contato@aconteceunovale.com.br","sameAs":["http:\/\/www.aconteceunovale.com.br"],"url":"https:\/\/aconteceunovale.com.br\/portal\/?author=1"}]}},"_links":{"self":[{"href":"https:\/\/aconteceunovale.com.br\/portal\/index.php?rest_route=\/wp\/v2\/posts\/128987","targetHints":{"allow":["GET"]}}],"collection":[{"href":"https:\/\/aconteceunovale.com.br\/portal\/index.php?rest_route=\/wp\/v2\/posts"}],"about":[{"href":"https:\/\/aconteceunovale.com.br\/portal\/index.php?rest_route=\/wp\/v2\/types\/post"}],"author":[{"embeddable":true,"href":"https:\/\/aconteceunovale.com.br\/portal\/index.php?rest_route=\/wp\/v2\/users\/1"}],"replies":[{"embeddable":true,"href":"https:\/\/aconteceunovale.com.br\/portal\/index.php?rest_route=%2Fwp%2Fv2%2Fcomments&post=128987"}],"version-history":[{"count":0,"href":"https:\/\/aconteceunovale.com.br\/portal\/index.php?rest_route=\/wp\/v2\/posts\/128987\/revisions"}],"wp:featuredmedia":[{"embeddable":true,"href":"https:\/\/aconteceunovale.com.br\/portal\/index.php?rest_route=\/wp\/v2\/media\/128988"}],"wp:attachment":[{"href":"https:\/\/aconteceunovale.com.br\/portal\/index.php?rest_route=%2Fwp%2Fv2%2Fmedia&parent=128987"}],"wp:term":[{"taxonomy":"category","embeddable":true,"href":"https:\/\/aconteceunovale.com.br\/portal\/index.php?rest_route=%2Fwp%2Fv2%2Fcategories&post=128987"},{"taxonomy":"post_tag","embeddable":true,"href":"https:\/\/aconteceunovale.com.br\/portal\/index.php?rest_route=%2Fwp%2Fv2%2Ftags&post=128987"}],"curies":[{"name":"wp","href":"https:\/\/api.w.org\/{rel}","templated":true}]}}