{"id":128984,"date":"2018-03-04T12:55:34","date_gmt":"2018-03-04T14:55:34","guid":{"rendered":"http:\/\/aconteceunovale.com.br\/portal\/?p=128984"},"modified":"2018-03-04T12:55:34","modified_gmt":"2018-03-04T14:55:34","slug":"ele-cometeu-o-assassinato-pelo-simples-prazer-diz-delegado-apos-prisao-de-autor-em-janauba","status":"publish","type":"post","link":"https:\/\/aconteceunovale.com.br\/portal\/?p=128984","title":{"rendered":"Ele cometeu o assassinato pelo simples prazer, diz delegado ap\u00f3s pris\u00e3o de autor em Jana\u00faba"},"content":{"rendered":"<p>Um homem de 27 anos foi preso na tarde de sexta-feira (02\/03\/2018) apontado pela Pol\u00edcia Civil como o autor de um homic\u00eddio em Jana\u00faba, no Norte de Minas. Na \u00e9poca do crime, em 2016, o autor morava no Bairro Veredas e mantinha uma rixa com pessoas do Bairro Clarita, local onde ocorreu o assassinato; a PC afirma que o homem preso possui envolvimento com o tr\u00e1fico de drogas.<\/p>\n<p>Segundo Bruno Fernandes, delegado regional, Vin\u00edcius Henrique Soares foi assassinado sem nenhuma motiva\u00e7\u00e3o. &#8220;Ele cometeu o assassinato pelo simples prazer e com requintes de crueldade. O autor nem conhecia a v\u00edtima, que estava passando na rua e foi arrastada para dentro da casa da namorada do autor. Ap\u00f3s mat\u00e1-lo, ele tentou ainda esquartejar o corpo. Com o in\u00edcio das investiga\u00e7\u00f5es ele fugiu, mas descobrimos nesta sexta que havia retornado \u00e0 Jana\u00faba&#8221;, diz o delegado.<\/p>\n<p>Ainda de acordo com o delegado, no momento do crime a namorada do autor estava na resid\u00eancia com os filhos dela. &#8220;Ela presenciou tudo. Inclusive, tinha marcas de pegadas de crian\u00e7as no sangue da v\u00edtima na cena do crime. Ela continua foragida&#8221;.<\/p>\n<p>O inqu\u00e9rito j\u00e1 foi finalizado e enviado \u00e0 Justi\u00e7a. O autor foi preso preventivamente e foi encaminhado ao pres\u00eddio da cidade, onde deve permanecer enquanto responde ao processo.<\/p>\n<p><img decoding=\"async\" src=\"http:\/\/aconteceunovale.com.br\/portal\/wp-content\/uploads\/2018\/03\/preso_janauba_crime.jpg\" alt=\"\" \/><em>Autor foi preso por mandado de pris\u00e3o preventiva (Foto: Pol\u00edcia Civil\/Divulga\u00e7\u00e3o)<\/em><br \/>\n<\/br><\/p>\n<h4>Homem \u00e9 morto a tiros no bairro Veredas<\/h4>\n<p>Um homem de 53 anos foi morto a tiros na porta da casa dele, na noite de quinta-feira (1\u00ba), em Jana\u00faba. De acordo com a Pol\u00edcia Militar, Jo\u00e3o Ant\u00f4nio de Jesus foi atingido na axila, socorrido pelo Corpo de Bombeiros, mas n\u00e3o resistiu ao ferimento. Ainda segundo a PM, um dos filhos da v\u00edtima tem envolvimento com o tr\u00e1fico de drogas, o que pode ter motivado o crime.<\/p>\n<p>Moradores disseram que ouviram o suspeito gritar o nome do filho da v\u00edtima e em seguida, escutaram os tiros. O crime aconteceu na Rua Manoel Bandeira, no Bairro Veredas, por volta das 21h. A pol\u00edcia fez rastreamento, ms ningu\u00e9m foi preso. A Pol\u00edcia Civil ir\u00e1 investigar o caso.<\/p>\n<p><strong>VER PRIMEIRO<\/strong><\/p>\n<p>Receba as not\u00edcias do Aconteceu no Vale em primeira m\u00e3o. Clique em curtir no endere\u00e7o <a href=\"https:\/\/www.facebook.com\/aconteceunovale\" target=\"_blank\"><font color=\"red\">www.facebook.com\/aconteceunovale<\/font><\/a> ou no box abaixo:<\/p>\n<div class=\"fb-like\" data-href=\"https:\/\/www.facebook.com\/aconteceunovale\" data-width=\"120\" data-layout=\"standard\" data-action=\"like\" data-size=\"small\" data-show-faces=\"true\" data-share=\"true\"><\/div>\n<p><\/br><\/p>\n<p><em>(Fonte: G1 Grande Minas)<\/em><\/p>\n","protected":false},"excerpt":{"rendered":"<p>Um homem de 27 anos foi preso na tarde de sexta-feira (02\/03\/2018) apontado pela Pol\u00edcia Civil como o autor de um homic\u00eddio em Jana\u00faba, no Norte de Minas. Na \u00e9poca do crime, em 2016, o autor morava no Bairro Veredas e mantinha uma rixa com pessoas do Bairro Clarita, local onde ocorreu o assassinato; a [&hellip;]<\/p>\n","protected":false},"author":1,"featured_media":128985,"comment_status":"open","ping_status":"closed","sticky":false,"template":"","format":"standard","meta":{"amp_status":"","footnotes":""},"categories":[1236],"tags":[170064,170063,170061,53186,204,170065,89225,170060,170062],"class_list":["post-128984","post","type-post","status-publish","format-standard","has-post-thumbnail","hentry","category-norte_de_minas","tag-diz-delegado-apos-prisao-de-autor-em-janauba","tag-ele-cometeu-o-assassinato-pelo-simples-prazer","tag-homem-preso-em-janauba","tag-homicidio-em-janauba","tag-janauba","tag-joao-antonio-de-jesus","tag-preso-em-janauba","tag-preso-por-homicidio-em-janauba","tag-vinicius-henrique-soares"],"yoast_head":"<!-- This site is optimized with the Yoast SEO plugin v28.3 - https:\/\/yoast.com\/product\/yoast-seo-wordpress\/ -->\n<title>Ele cometeu o assassinato pelo simples prazer, diz delegado ap\u00f3s pris\u00e3o de autor em Jana\u00faba - Aconteceu no Vale<\/title>\n<meta name=\"robots\" content=\"index, follow, max-snippet:-1, max-image-preview:large, max-video-preview:-1\" \/>\n<link rel=\"canonical\" href=\"https:\/\/aconteceunovale.com.br\/portal\/?p=128984\" \/>\n<meta property=\"og:locale\" content=\"pt_BR\" \/>\n<meta property=\"og:type\" content=\"article\" \/>\n<meta property=\"og:title\" content=\"Ele cometeu o assassinato pelo simples prazer, diz delegado ap\u00f3s pris\u00e3o de autor em Jana\u00faba - Aconteceu no Vale\" \/>\n<meta property=\"og:description\" content=\"Um homem de 27 anos foi preso na tarde de sexta-feira (02\/03\/2018) apontado pela Pol\u00edcia Civil como o autor de um homic\u00eddio em Jana\u00faba, no Norte de Minas. Na \u00e9poca do crime, em 2016, o autor morava no Bairro Veredas e mantinha uma rixa com pessoas do Bairro Clarita, local onde ocorreu o assassinato; a [&hellip;]\" \/>\n<meta property=\"og:url\" content=\"https:\/\/aconteceunovale.com.br\/portal\/?p=128984\" \/>\n<meta property=\"og:site_name\" content=\"Aconteceu no Vale\" \/>\n<meta property=\"article:publisher\" content=\"https:\/\/www.facebook.com\/aconteceunovale\/\" \/>\n<meta property=\"article:published_time\" content=\"2018-03-04T14:55:34+00:00\" \/>\n<meta property=\"og:image\" content=\"https:\/\/aconteceunovale.com.br\/portal\/wp-content\/uploads\/2018\/03\/preso_janauba_crime.jpg\" \/>\n\t<meta property=\"og:image:width\" content=\"621\" \/>\n\t<meta property=\"og:image:height\" content=\"450\" \/>\n\t<meta property=\"og:image:type\" content=\"image\/jpeg\" \/>\n<meta name=\"author\" content=\"Aconteceu no Vale\" \/>\n<meta name=\"twitter:card\" content=\"summary_large_image\" \/>\n<meta name=\"twitter:creator\" content=\"@noticiadosvales\" \/>\n<meta name=\"twitter:site\" content=\"@noticiadosvales\" \/>\n<meta name=\"twitter:label1\" content=\"Escrito por\" \/>\n\t<meta name=\"twitter:data1\" content=\"Aconteceu no Vale\" \/>\n\t<meta name=\"twitter:label2\" content=\"Est. tempo de leitura\" \/>\n\t<meta name=\"twitter:data2\" content=\"2 minutos\" \/>\n<script type=\"application\/ld+json\" class=\"yoast-schema-graph\">{\"@context\":\"https:\\\/\\\/schema.org\",\"@graph\":[{\"@type\":\"Article\",\"@id\":\"https:\\\/\\\/aconteceunovale.com.br\\\/portal\\\/?p=128984#article\",\"isPartOf\":{\"@id\":\"https:\\\/\\\/aconteceunovale.com.br\\\/portal\\\/?p=128984\"},\"author\":{\"name\":\"Aconteceu no Vale\",\"@id\":\"https:\\\/\\\/aconteceunovale.com.br\\\/portal\\\/#\\\/schema\\\/person\\\/633529146f2c94272bef50ac2953d589\"},\"headline\":\"Ele cometeu o assassinato pelo simples prazer, diz delegado ap\u00f3s pris\u00e3o de autor em Jana\u00faba\",\"datePublished\":\"2018-03-04T14:55:34+00:00\",\"mainEntityOfPage\":{\"@id\":\"https:\\\/\\\/aconteceunovale.com.br\\\/portal\\\/?p=128984\"},\"wordCount\":422,\"commentCount\":0,\"image\":{\"@id\":\"https:\\\/\\\/aconteceunovale.com.br\\\/portal\\\/?p=128984#primaryimage\"},\"thumbnailUrl\":\"https:\\\/\\\/aconteceunovale.com.br\\\/portal\\\/wp-content\\\/uploads\\\/2018\\\/03\\\/preso_janauba_crime.jpg\",\"keywords\":[\"diz delegado ap\u00f3s pris\u00e3o de autor em Jana\u00faba\",\"Ele cometeu o assassinato pelo simples prazer\",\"Homem preso em Jana\u00faba\",\"homic\u00eddio em jana\u00faba\",\"Jana\u00faba\",\"Jo\u00e3o Ant\u00f4nio de Jesus\",\"Preso em Jana\u00faba\",\"Preso por homic\u00eddio em Jana\u00faba\",\"Vin\u00edcius Henrique Soares\"],\"articleSection\":[\"Norte de Minas\"],\"inLanguage\":\"pt-BR\",\"potentialAction\":[{\"@type\":\"CommentAction\",\"name\":\"Comment\",\"target\":[\"https:\\\/\\\/aconteceunovale.com.br\\\/portal\\\/?p=128984#respond\"]}]},{\"@type\":\"WebPage\",\"@id\":\"https:\\\/\\\/aconteceunovale.com.br\\\/portal\\\/?p=128984\",\"url\":\"https:\\\/\\\/aconteceunovale.com.br\\\/portal\\\/?p=128984\",\"name\":\"Ele cometeu o assassinato pelo simples prazer, diz delegado ap\u00f3s pris\u00e3o de autor em Jana\u00faba - Aconteceu no Vale\",\"isPartOf\":{\"@id\":\"https:\\\/\\\/aconteceunovale.com.br\\\/portal\\\/#website\"},\"primaryImageOfPage\":{\"@id\":\"https:\\\/\\\/aconteceunovale.com.br\\\/portal\\\/?p=128984#primaryimage\"},\"image\":{\"@id\":\"https:\\\/\\\/aconteceunovale.com.br\\\/portal\\\/?p=128984#primaryimage\"},\"thumbnailUrl\":\"https:\\\/\\\/aconteceunovale.com.br\\\/portal\\\/wp-content\\\/uploads\\\/2018\\\/03\\\/preso_janauba_crime.jpg\",\"datePublished\":\"2018-03-04T14:55:34+00:00\",\"author\":{\"@id\":\"https:\\\/\\\/aconteceunovale.com.br\\\/portal\\\/#\\\/schema\\\/person\\\/633529146f2c94272bef50ac2953d589\"},\"breadcrumb\":{\"@id\":\"https:\\\/\\\/aconteceunovale.com.br\\\/portal\\\/?p=128984#breadcrumb\"},\"inLanguage\":\"pt-BR\",\"potentialAction\":[{\"@type\":\"ReadAction\",\"target\":[\"https:\\\/\\\/aconteceunovale.com.br\\\/portal\\\/?p=128984\"]}]},{\"@type\":\"ImageObject\",\"inLanguage\":\"pt-BR\",\"@id\":\"https:\\\/\\\/aconteceunovale.com.br\\\/portal\\\/?p=128984#primaryimage\",\"url\":\"https:\\\/\\\/aconteceunovale.com.br\\\/portal\\\/wp-content\\\/uploads\\\/2018\\\/03\\\/preso_janauba_crime.jpg\",\"contentUrl\":\"https:\\\/\\\/aconteceunovale.com.br\\\/portal\\\/wp-content\\\/uploads\\\/2018\\\/03\\\/preso_janauba_crime.jpg\",\"width\":621,\"height\":450},{\"@type\":\"BreadcrumbList\",\"@id\":\"https:\\\/\\\/aconteceunovale.com.br\\\/portal\\\/?p=128984#breadcrumb\",\"itemListElement\":[{\"@type\":\"ListItem\",\"position\":1,\"name\":\"In\u00edcio\",\"item\":\"https:\\\/\\\/aconteceunovale.com.br\\\/portal\\\/\"},{\"@type\":\"ListItem\",\"position\":2,\"name\":\"Ele cometeu o assassinato pelo simples prazer, diz delegado ap\u00f3s pris\u00e3o de autor em Jana\u00faba\"}]},{\"@type\":\"WebSite\",\"@id\":\"https:\\\/\\\/aconteceunovale.com.br\\\/portal\\\/#website\",\"url\":\"https:\\\/\\\/aconteceunovale.com.br\\\/portal\\\/\",\"name\":\"Aconteceu no Vale\",\"description\":\"Portal de Not\u00edcias\",\"potentialAction\":[{\"@type\":\"SearchAction\",\"target\":{\"@type\":\"EntryPoint\",\"urlTemplate\":\"https:\\\/\\\/aconteceunovale.com.br\\\/portal\\\/?s={search_term_string}\"},\"query-input\":{\"@type\":\"PropertyValueSpecification\",\"valueRequired\":true,\"valueName\":\"search_term_string\"}}],\"inLanguage\":\"pt-BR\"},{\"@type\":\"Person\",\"@id\":\"https:\\\/\\\/aconteceunovale.com.br\\\/portal\\\/#\\\/schema\\\/person\\\/633529146f2c94272bef50ac2953d589\",\"name\":\"Aconteceu no Vale\",\"description\":\"Equipe de reportagem do Aconteceu no Vale, portal de not\u00edcias do Vale do Jequitinhonha, em Minas Gerais. Cobrimos as 51 cidades do Vale desde 2013. Sugest\u00f5es de pauta e pedidos de corre\u00e7\u00e3o: contato@aconteceunovale.com.br\",\"sameAs\":[\"http:\\\/\\\/www.aconteceunovale.com.br\"],\"url\":\"https:\\\/\\\/aconteceunovale.com.br\\\/portal\\\/?author=1\"}]}<\/script>\n<!-- \/ Yoast SEO plugin. -->","yoast_head_json":{"title":"Ele cometeu o assassinato pelo simples prazer, diz delegado ap\u00f3s pris\u00e3o de autor em Jana\u00faba - Aconteceu no Vale","robots":{"index":"index","follow":"follow","max-snippet":"max-snippet:-1","max-image-preview":"max-image-preview:large","max-video-preview":"max-video-preview:-1"},"canonical":"https:\/\/aconteceunovale.com.br\/portal\/?p=128984","og_locale":"pt_BR","og_type":"article","og_title":"Ele cometeu o assassinato pelo simples prazer, diz delegado ap\u00f3s pris\u00e3o de autor em Jana\u00faba - Aconteceu no Vale","og_description":"Um homem de 27 anos foi preso na tarde de sexta-feira (02\/03\/2018) apontado pela Pol\u00edcia Civil como o autor de um homic\u00eddio em Jana\u00faba, no Norte de Minas. Na \u00e9poca do crime, em 2016, o autor morava no Bairro Veredas e mantinha uma rixa com pessoas do Bairro Clarita, local onde ocorreu o assassinato; a [&hellip;]","og_url":"https:\/\/aconteceunovale.com.br\/portal\/?p=128984","og_site_name":"Aconteceu no Vale","article_publisher":"https:\/\/www.facebook.com\/aconteceunovale\/","article_published_time":"2018-03-04T14:55:34+00:00","og_image":[{"width":621,"height":450,"url":"https:\/\/aconteceunovale.com.br\/portal\/wp-content\/uploads\/2018\/03\/preso_janauba_crime.jpg","type":"image\/jpeg"}],"author":"Aconteceu no Vale","twitter_card":"summary_large_image","twitter_creator":"@noticiadosvales","twitter_site":"@noticiadosvales","twitter_misc":{"Escrito por":"Aconteceu no Vale","Est. tempo de leitura":"2 minutos"},"schema":{"@context":"https:\/\/schema.org","@graph":[{"@type":"Article","@id":"https:\/\/aconteceunovale.com.br\/portal\/?p=128984#article","isPartOf":{"@id":"https:\/\/aconteceunovale.com.br\/portal\/?p=128984"},"author":{"name":"Aconteceu no Vale","@id":"https:\/\/aconteceunovale.com.br\/portal\/#\/schema\/person\/633529146f2c94272bef50ac2953d589"},"headline":"Ele cometeu o assassinato pelo simples prazer, diz delegado ap\u00f3s pris\u00e3o de autor em Jana\u00faba","datePublished":"2018-03-04T14:55:34+00:00","mainEntityOfPage":{"@id":"https:\/\/aconteceunovale.com.br\/portal\/?p=128984"},"wordCount":422,"commentCount":0,"image":{"@id":"https:\/\/aconteceunovale.com.br\/portal\/?p=128984#primaryimage"},"thumbnailUrl":"https:\/\/aconteceunovale.com.br\/portal\/wp-content\/uploads\/2018\/03\/preso_janauba_crime.jpg","keywords":["diz delegado ap\u00f3s pris\u00e3o de autor em Jana\u00faba","Ele cometeu o assassinato pelo simples prazer","Homem preso em Jana\u00faba","homic\u00eddio em jana\u00faba","Jana\u00faba","Jo\u00e3o Ant\u00f4nio de Jesus","Preso em Jana\u00faba","Preso por homic\u00eddio em Jana\u00faba","Vin\u00edcius Henrique Soares"],"articleSection":["Norte de Minas"],"inLanguage":"pt-BR","potentialAction":[{"@type":"CommentAction","name":"Comment","target":["https:\/\/aconteceunovale.com.br\/portal\/?p=128984#respond"]}]},{"@type":"WebPage","@id":"https:\/\/aconteceunovale.com.br\/portal\/?p=128984","url":"https:\/\/aconteceunovale.com.br\/portal\/?p=128984","name":"Ele cometeu o assassinato pelo simples prazer, diz delegado ap\u00f3s pris\u00e3o de autor em Jana\u00faba - Aconteceu no Vale","isPartOf":{"@id":"https:\/\/aconteceunovale.com.br\/portal\/#website"},"primaryImageOfPage":{"@id":"https:\/\/aconteceunovale.com.br\/portal\/?p=128984#primaryimage"},"image":{"@id":"https:\/\/aconteceunovale.com.br\/portal\/?p=128984#primaryimage"},"thumbnailUrl":"https:\/\/aconteceunovale.com.br\/portal\/wp-content\/uploads\/2018\/03\/preso_janauba_crime.jpg","datePublished":"2018-03-04T14:55:34+00:00","author":{"@id":"https:\/\/aconteceunovale.com.br\/portal\/#\/schema\/person\/633529146f2c94272bef50ac2953d589"},"breadcrumb":{"@id":"https:\/\/aconteceunovale.com.br\/portal\/?p=128984#breadcrumb"},"inLanguage":"pt-BR","potentialAction":[{"@type":"ReadAction","target":["https:\/\/aconteceunovale.com.br\/portal\/?p=128984"]}]},{"@type":"ImageObject","inLanguage":"pt-BR","@id":"https:\/\/aconteceunovale.com.br\/portal\/?p=128984#primaryimage","url":"https:\/\/aconteceunovale.com.br\/portal\/wp-content\/uploads\/2018\/03\/preso_janauba_crime.jpg","contentUrl":"https:\/\/aconteceunovale.com.br\/portal\/wp-content\/uploads\/2018\/03\/preso_janauba_crime.jpg","width":621,"height":450},{"@type":"BreadcrumbList","@id":"https:\/\/aconteceunovale.com.br\/portal\/?p=128984#breadcrumb","itemListElement":[{"@type":"ListItem","position":1,"name":"In\u00edcio","item":"https:\/\/aconteceunovale.com.br\/portal\/"},{"@type":"ListItem","position":2,"name":"Ele cometeu o assassinato pelo simples prazer, diz delegado ap\u00f3s pris\u00e3o de autor em Jana\u00faba"}]},{"@type":"WebSite","@id":"https:\/\/aconteceunovale.com.br\/portal\/#website","url":"https:\/\/aconteceunovale.com.br\/portal\/","name":"Aconteceu no Vale","description":"Portal de Not\u00edcias","potentialAction":[{"@type":"SearchAction","target":{"@type":"EntryPoint","urlTemplate":"https:\/\/aconteceunovale.com.br\/portal\/?s={search_term_string}"},"query-input":{"@type":"PropertyValueSpecification","valueRequired":true,"valueName":"search_term_string"}}],"inLanguage":"pt-BR"},{"@type":"Person","@id":"https:\/\/aconteceunovale.com.br\/portal\/#\/schema\/person\/633529146f2c94272bef50ac2953d589","name":"Aconteceu no Vale","description":"Equipe de reportagem do Aconteceu no Vale, portal de not\u00edcias do Vale do Jequitinhonha, em Minas Gerais. Cobrimos as 51 cidades do Vale desde 2013. Sugest\u00f5es de pauta e pedidos de corre\u00e7\u00e3o: contato@aconteceunovale.com.br","sameAs":["http:\/\/www.aconteceunovale.com.br"],"url":"https:\/\/aconteceunovale.com.br\/portal\/?author=1"}]}},"_links":{"self":[{"href":"https:\/\/aconteceunovale.com.br\/portal\/index.php?rest_route=\/wp\/v2\/posts\/128984","targetHints":{"allow":["GET"]}}],"collection":[{"href":"https:\/\/aconteceunovale.com.br\/portal\/index.php?rest_route=\/wp\/v2\/posts"}],"about":[{"href":"https:\/\/aconteceunovale.com.br\/portal\/index.php?rest_route=\/wp\/v2\/types\/post"}],"author":[{"embeddable":true,"href":"https:\/\/aconteceunovale.com.br\/portal\/index.php?rest_route=\/wp\/v2\/users\/1"}],"replies":[{"embeddable":true,"href":"https:\/\/aconteceunovale.com.br\/portal\/index.php?rest_route=%2Fwp%2Fv2%2Fcomments&post=128984"}],"version-history":[{"count":0,"href":"https:\/\/aconteceunovale.com.br\/portal\/index.php?rest_route=\/wp\/v2\/posts\/128984\/revisions"}],"wp:featuredmedia":[{"embeddable":true,"href":"https:\/\/aconteceunovale.com.br\/portal\/index.php?rest_route=\/wp\/v2\/media\/128985"}],"wp:attachment":[{"href":"https:\/\/aconteceunovale.com.br\/portal\/index.php?rest_route=%2Fwp%2Fv2%2Fmedia&parent=128984"}],"wp:term":[{"taxonomy":"category","embeddable":true,"href":"https:\/\/aconteceunovale.com.br\/portal\/index.php?rest_route=%2Fwp%2Fv2%2Fcategories&post=128984"},{"taxonomy":"post_tag","embeddable":true,"href":"https:\/\/aconteceunovale.com.br\/portal\/index.php?rest_route=%2Fwp%2Fv2%2Ftags&post=128984"}],"curies":[{"name":"wp","href":"https:\/\/api.w.org\/{rel}","templated":true}]}}