{"id":128982,"date":"2018-03-04T12:45:02","date_gmt":"2018-03-04T14:45:02","guid":{"rendered":"http:\/\/aconteceunovale.com.br\/portal\/?p=128982"},"modified":"2018-03-04T18:40:25","modified_gmt":"2018-03-04T20:40:25","slug":"sobrinho-mata-tio-com-golpe-de-faca-em-montes-claros","status":"publish","type":"post","link":"https:\/\/aconteceunovale.com.br\/portal\/?p=128982","title":{"rendered":"Sobrinho mata tio com golpe de faca em Montes Claros"},"content":{"rendered":"<p>Um homem de 49 anos foi assassinado com golpe de faca na noite de s\u00e1bado (03\/03\/2018) em Montes Claros, no Norte de Minas. Segundo a Pol\u00edcia Militar (PM), testemunhas afirmaram que o autor do crime foi um sobrinho da v\u00edtima. O crime foi na Rua Pedro Narciso, na Vila Ant\u00f4nio Narciso.<\/p>\n<p>Ainda segundo os relatos das testemunhas, Ant\u00f4nio Santos Fonseca foi surpreendido pelo sobrinho, que o atingiu com o golpe. Quando os militares chegaram ao local encontraram a v\u00edtima desacordada; uma equipe do Samu compareceu ao local e constatou o \u00f3bito. Um perito da Pol\u00edcia Civil tamb\u00e9m foi acionado e identificou uma perfura\u00e7\u00e3o no pesco\u00e7o da v\u00edtima.<\/p>\n<p>Os policiais descobriram o endere\u00e7o da casa do autor, mas ele n\u00e3o havia sido localizado at\u00e9 a manh\u00e3 deste domingo (4). A motiva\u00e7\u00e3o do crime ainda n\u00e3o foi esclarecida. O caso ser\u00e1 investigado pela Pol\u00edcia Civil.<\/p>\n<p><img decoding=\"async\" src=\"http:\/\/aconteceunovale.com.br\/portal\/wp-content\/uploads\/2018\/03\/tonim_sem_graca.jpg\" alt=\"\" \/><em>Homem foi morto a facadas pelo sobrinho (Foto: Reprodu\u00e7\u00e3o\/WhatsApp)<\/em><br \/>\n<\/br><\/p>\n<p><strong>VER PRIMEIRO<\/strong><\/p>\n<p>Receba as not\u00edcias do Aconteceu no Vale em primeira m\u00e3o. Clique em curtir no endere\u00e7o <a href=\"https:\/\/www.facebook.com\/aconteceunovale\" target=\"_blank\"><font color=\"red\">www.facebook.com\/aconteceunovale<\/font><\/a> ou no box abaixo:<\/p>\n<div class=\"fb-like\" data-href=\"https:\/\/www.facebook.com\/aconteceunovale\" data-width=\"120\" data-layout=\"standard\" data-action=\"like\" data-size=\"small\" data-show-faces=\"true\" data-share=\"true\"><\/div>\n<p><\/br><\/p>\n<p><em>(Fonte: G1 Grande Minas)<\/em><\/p>\n","protected":false},"excerpt":{"rendered":"<p>Um homem de 49 anos foi assassinado com golpe de faca na noite de s\u00e1bado (03\/03\/2018) em Montes Claros, no Norte de Minas. Segundo a Pol\u00edcia Militar (PM), testemunhas afirmaram que o autor do crime foi um sobrinho da v\u00edtima. O crime foi na Rua Pedro Narciso, na Vila Ant\u00f4nio Narciso. Ainda segundo os relatos [&hellip;]<\/p>\n","protected":false},"author":1,"featured_media":129013,"comment_status":"open","ping_status":"closed","sticky":false,"template":"","format":"standard","meta":{"amp_status":"","footnotes":""},"categories":[1236],"tags":[170059,170114,29937,53918,25220,210,63142,170058,170115],"class_list":["post-128982","post","type-post","status-publish","format-standard","has-post-thumbnail","hentry","category-norte_de_minas","tag-antonio-santos-fonseca","tag-antonio-soares-fonseca","tag-assassinado-em-montes-claros","tag-assassinato-em-montes-claros","tag-homicidio-em-montes-claros","tag-montes-claros","tag-morto-em-montes-claros","tag-sobrinho-mata-tio-com-golpe-de-faca-em-montes-claros","tag-tonim-sem-graca"],"yoast_head":"<!-- This site is optimized with the Yoast SEO plugin v28.3 - https:\/\/yoast.com\/product\/yoast-seo-wordpress\/ -->\n<title>Sobrinho mata tio com golpe de faca em Montes Claros - Aconteceu no Vale<\/title>\n<meta name=\"robots\" content=\"index, follow, max-snippet:-1, max-image-preview:large, max-video-preview:-1\" \/>\n<link rel=\"canonical\" href=\"https:\/\/aconteceunovale.com.br\/portal\/?p=128982\" \/>\n<meta property=\"og:locale\" content=\"pt_BR\" \/>\n<meta property=\"og:type\" content=\"article\" \/>\n<meta property=\"og:title\" content=\"Sobrinho mata tio com golpe de faca em Montes Claros - Aconteceu no Vale\" \/>\n<meta property=\"og:description\" content=\"Um homem de 49 anos foi assassinado com golpe de faca na noite de s\u00e1bado (03\/03\/2018) em Montes Claros, no Norte de Minas. Segundo a Pol\u00edcia Militar (PM), testemunhas afirmaram que o autor do crime foi um sobrinho da v\u00edtima. O crime foi na Rua Pedro Narciso, na Vila Ant\u00f4nio Narciso. Ainda segundo os relatos [&hellip;]\" \/>\n<meta property=\"og:url\" content=\"https:\/\/aconteceunovale.com.br\/portal\/?p=128982\" \/>\n<meta property=\"og:site_name\" content=\"Aconteceu no Vale\" \/>\n<meta property=\"article:publisher\" content=\"https:\/\/www.facebook.com\/aconteceunovale\/\" \/>\n<meta property=\"article:published_time\" content=\"2018-03-04T14:45:02+00:00\" \/>\n<meta property=\"article:modified_time\" content=\"2018-03-04T20:40:25+00:00\" \/>\n<meta property=\"og:image\" content=\"https:\/\/aconteceunovale.com.br\/portal\/wp-content\/uploads\/2018\/03\/tonim_sem_graca.jpg\" \/>\n\t<meta property=\"og:image:width\" content=\"620\" \/>\n\t<meta property=\"og:image:height\" content=\"413\" \/>\n\t<meta property=\"og:image:type\" content=\"image\/jpeg\" \/>\n<meta name=\"author\" content=\"Aconteceu no Vale\" \/>\n<meta name=\"twitter:card\" content=\"summary_large_image\" \/>\n<meta name=\"twitter:creator\" content=\"@noticiadosvales\" \/>\n<meta name=\"twitter:site\" content=\"@noticiadosvales\" \/>\n<meta name=\"twitter:label1\" content=\"Escrito por\" \/>\n\t<meta name=\"twitter:data1\" content=\"Aconteceu no Vale\" \/>\n\t<meta name=\"twitter:label2\" content=\"Est. tempo de leitura\" \/>\n\t<meta name=\"twitter:data2\" content=\"1 minuto\" \/>\n<script type=\"application\/ld+json\" class=\"yoast-schema-graph\">{\"@context\":\"https:\\\/\\\/schema.org\",\"@graph\":[{\"@type\":\"Article\",\"@id\":\"https:\\\/\\\/aconteceunovale.com.br\\\/portal\\\/?p=128982#article\",\"isPartOf\":{\"@id\":\"https:\\\/\\\/aconteceunovale.com.br\\\/portal\\\/?p=128982\"},\"author\":{\"name\":\"Aconteceu no Vale\",\"@id\":\"https:\\\/\\\/aconteceunovale.com.br\\\/portal\\\/#\\\/schema\\\/person\\\/633529146f2c94272bef50ac2953d589\"},\"headline\":\"Sobrinho mata tio com golpe de faca em Montes Claros\",\"datePublished\":\"2018-03-04T14:45:02+00:00\",\"dateModified\":\"2018-03-04T20:40:25+00:00\",\"mainEntityOfPage\":{\"@id\":\"https:\\\/\\\/aconteceunovale.com.br\\\/portal\\\/?p=128982\"},\"wordCount\":209,\"commentCount\":0,\"image\":{\"@id\":\"https:\\\/\\\/aconteceunovale.com.br\\\/portal\\\/?p=128982#primaryimage\"},\"thumbnailUrl\":\"https:\\\/\\\/aconteceunovale.com.br\\\/portal\\\/wp-content\\\/uploads\\\/2018\\\/03\\\/tonim_sem_graca.jpg\",\"keywords\":[\"Ant\u00f4nio Santos Fonseca\",\"Ant\u00f4nio Soares Fonseca\",\"assassinado em Montes Claros\",\"assassinato em Montes Claros\",\"homic\u00eddio em montes claros\",\"Montes Claros\",\"morto em montes claros\",\"Sobrinho mata tio com golpe de faca em Montes Claros\",\"Tonim sem gra\u00e7a\"],\"articleSection\":[\"Norte de Minas\"],\"inLanguage\":\"pt-BR\",\"potentialAction\":[{\"@type\":\"CommentAction\",\"name\":\"Comment\",\"target\":[\"https:\\\/\\\/aconteceunovale.com.br\\\/portal\\\/?p=128982#respond\"]}]},{\"@type\":\"WebPage\",\"@id\":\"https:\\\/\\\/aconteceunovale.com.br\\\/portal\\\/?p=128982\",\"url\":\"https:\\\/\\\/aconteceunovale.com.br\\\/portal\\\/?p=128982\",\"name\":\"Sobrinho mata tio com golpe de faca em Montes Claros - Aconteceu no Vale\",\"isPartOf\":{\"@id\":\"https:\\\/\\\/aconteceunovale.com.br\\\/portal\\\/#website\"},\"primaryImageOfPage\":{\"@id\":\"https:\\\/\\\/aconteceunovale.com.br\\\/portal\\\/?p=128982#primaryimage\"},\"image\":{\"@id\":\"https:\\\/\\\/aconteceunovale.com.br\\\/portal\\\/?p=128982#primaryimage\"},\"thumbnailUrl\":\"https:\\\/\\\/aconteceunovale.com.br\\\/portal\\\/wp-content\\\/uploads\\\/2018\\\/03\\\/tonim_sem_graca.jpg\",\"datePublished\":\"2018-03-04T14:45:02+00:00\",\"dateModified\":\"2018-03-04T20:40:25+00:00\",\"author\":{\"@id\":\"https:\\\/\\\/aconteceunovale.com.br\\\/portal\\\/#\\\/schema\\\/person\\\/633529146f2c94272bef50ac2953d589\"},\"breadcrumb\":{\"@id\":\"https:\\\/\\\/aconteceunovale.com.br\\\/portal\\\/?p=128982#breadcrumb\"},\"inLanguage\":\"pt-BR\",\"potentialAction\":[{\"@type\":\"ReadAction\",\"target\":[\"https:\\\/\\\/aconteceunovale.com.br\\\/portal\\\/?p=128982\"]}]},{\"@type\":\"ImageObject\",\"inLanguage\":\"pt-BR\",\"@id\":\"https:\\\/\\\/aconteceunovale.com.br\\\/portal\\\/?p=128982#primaryimage\",\"url\":\"https:\\\/\\\/aconteceunovale.com.br\\\/portal\\\/wp-content\\\/uploads\\\/2018\\\/03\\\/tonim_sem_graca.jpg\",\"contentUrl\":\"https:\\\/\\\/aconteceunovale.com.br\\\/portal\\\/wp-content\\\/uploads\\\/2018\\\/03\\\/tonim_sem_graca.jpg\",\"width\":620,\"height\":413},{\"@type\":\"BreadcrumbList\",\"@id\":\"https:\\\/\\\/aconteceunovale.com.br\\\/portal\\\/?p=128982#breadcrumb\",\"itemListElement\":[{\"@type\":\"ListItem\",\"position\":1,\"name\":\"In\u00edcio\",\"item\":\"https:\\\/\\\/aconteceunovale.com.br\\\/portal\\\/\"},{\"@type\":\"ListItem\",\"position\":2,\"name\":\"Sobrinho mata tio com golpe de faca em Montes Claros\"}]},{\"@type\":\"WebSite\",\"@id\":\"https:\\\/\\\/aconteceunovale.com.br\\\/portal\\\/#website\",\"url\":\"https:\\\/\\\/aconteceunovale.com.br\\\/portal\\\/\",\"name\":\"Aconteceu no Vale\",\"description\":\"Portal de Not\u00edcias\",\"potentialAction\":[{\"@type\":\"SearchAction\",\"target\":{\"@type\":\"EntryPoint\",\"urlTemplate\":\"https:\\\/\\\/aconteceunovale.com.br\\\/portal\\\/?s={search_term_string}\"},\"query-input\":{\"@type\":\"PropertyValueSpecification\",\"valueRequired\":true,\"valueName\":\"search_term_string\"}}],\"inLanguage\":\"pt-BR\"},{\"@type\":\"Person\",\"@id\":\"https:\\\/\\\/aconteceunovale.com.br\\\/portal\\\/#\\\/schema\\\/person\\\/633529146f2c94272bef50ac2953d589\",\"name\":\"Aconteceu no Vale\",\"description\":\"Equipe de reportagem do Aconteceu no Vale, portal de not\u00edcias do Vale do Jequitinhonha, em Minas Gerais. Cobrimos as 51 cidades do Vale desde 2013. Sugest\u00f5es de pauta e pedidos de corre\u00e7\u00e3o: contato@aconteceunovale.com.br\",\"sameAs\":[\"http:\\\/\\\/www.aconteceunovale.com.br\"],\"url\":\"https:\\\/\\\/aconteceunovale.com.br\\\/portal\\\/?author=1\"}]}<\/script>\n<!-- \/ Yoast SEO plugin. -->","yoast_head_json":{"title":"Sobrinho mata tio com golpe de faca em Montes Claros - Aconteceu no Vale","robots":{"index":"index","follow":"follow","max-snippet":"max-snippet:-1","max-image-preview":"max-image-preview:large","max-video-preview":"max-video-preview:-1"},"canonical":"https:\/\/aconteceunovale.com.br\/portal\/?p=128982","og_locale":"pt_BR","og_type":"article","og_title":"Sobrinho mata tio com golpe de faca em Montes Claros - Aconteceu no Vale","og_description":"Um homem de 49 anos foi assassinado com golpe de faca na noite de s\u00e1bado (03\/03\/2018) em Montes Claros, no Norte de Minas. Segundo a Pol\u00edcia Militar (PM), testemunhas afirmaram que o autor do crime foi um sobrinho da v\u00edtima. O crime foi na Rua Pedro Narciso, na Vila Ant\u00f4nio Narciso. Ainda segundo os relatos [&hellip;]","og_url":"https:\/\/aconteceunovale.com.br\/portal\/?p=128982","og_site_name":"Aconteceu no Vale","article_publisher":"https:\/\/www.facebook.com\/aconteceunovale\/","article_published_time":"2018-03-04T14:45:02+00:00","article_modified_time":"2018-03-04T20:40:25+00:00","og_image":[{"width":620,"height":413,"url":"https:\/\/aconteceunovale.com.br\/portal\/wp-content\/uploads\/2018\/03\/tonim_sem_graca.jpg","type":"image\/jpeg"}],"author":"Aconteceu no Vale","twitter_card":"summary_large_image","twitter_creator":"@noticiadosvales","twitter_site":"@noticiadosvales","twitter_misc":{"Escrito por":"Aconteceu no Vale","Est. tempo de leitura":"1 minuto"},"schema":{"@context":"https:\/\/schema.org","@graph":[{"@type":"Article","@id":"https:\/\/aconteceunovale.com.br\/portal\/?p=128982#article","isPartOf":{"@id":"https:\/\/aconteceunovale.com.br\/portal\/?p=128982"},"author":{"name":"Aconteceu no Vale","@id":"https:\/\/aconteceunovale.com.br\/portal\/#\/schema\/person\/633529146f2c94272bef50ac2953d589"},"headline":"Sobrinho mata tio com golpe de faca em Montes Claros","datePublished":"2018-03-04T14:45:02+00:00","dateModified":"2018-03-04T20:40:25+00:00","mainEntityOfPage":{"@id":"https:\/\/aconteceunovale.com.br\/portal\/?p=128982"},"wordCount":209,"commentCount":0,"image":{"@id":"https:\/\/aconteceunovale.com.br\/portal\/?p=128982#primaryimage"},"thumbnailUrl":"https:\/\/aconteceunovale.com.br\/portal\/wp-content\/uploads\/2018\/03\/tonim_sem_graca.jpg","keywords":["Ant\u00f4nio Santos Fonseca","Ant\u00f4nio Soares Fonseca","assassinado em Montes Claros","assassinato em Montes Claros","homic\u00eddio em montes claros","Montes Claros","morto em montes claros","Sobrinho mata tio com golpe de faca em Montes Claros","Tonim sem gra\u00e7a"],"articleSection":["Norte de Minas"],"inLanguage":"pt-BR","potentialAction":[{"@type":"CommentAction","name":"Comment","target":["https:\/\/aconteceunovale.com.br\/portal\/?p=128982#respond"]}]},{"@type":"WebPage","@id":"https:\/\/aconteceunovale.com.br\/portal\/?p=128982","url":"https:\/\/aconteceunovale.com.br\/portal\/?p=128982","name":"Sobrinho mata tio com golpe de faca em Montes Claros - Aconteceu no Vale","isPartOf":{"@id":"https:\/\/aconteceunovale.com.br\/portal\/#website"},"primaryImageOfPage":{"@id":"https:\/\/aconteceunovale.com.br\/portal\/?p=128982#primaryimage"},"image":{"@id":"https:\/\/aconteceunovale.com.br\/portal\/?p=128982#primaryimage"},"thumbnailUrl":"https:\/\/aconteceunovale.com.br\/portal\/wp-content\/uploads\/2018\/03\/tonim_sem_graca.jpg","datePublished":"2018-03-04T14:45:02+00:00","dateModified":"2018-03-04T20:40:25+00:00","author":{"@id":"https:\/\/aconteceunovale.com.br\/portal\/#\/schema\/person\/633529146f2c94272bef50ac2953d589"},"breadcrumb":{"@id":"https:\/\/aconteceunovale.com.br\/portal\/?p=128982#breadcrumb"},"inLanguage":"pt-BR","potentialAction":[{"@type":"ReadAction","target":["https:\/\/aconteceunovale.com.br\/portal\/?p=128982"]}]},{"@type":"ImageObject","inLanguage":"pt-BR","@id":"https:\/\/aconteceunovale.com.br\/portal\/?p=128982#primaryimage","url":"https:\/\/aconteceunovale.com.br\/portal\/wp-content\/uploads\/2018\/03\/tonim_sem_graca.jpg","contentUrl":"https:\/\/aconteceunovale.com.br\/portal\/wp-content\/uploads\/2018\/03\/tonim_sem_graca.jpg","width":620,"height":413},{"@type":"BreadcrumbList","@id":"https:\/\/aconteceunovale.com.br\/portal\/?p=128982#breadcrumb","itemListElement":[{"@type":"ListItem","position":1,"name":"In\u00edcio","item":"https:\/\/aconteceunovale.com.br\/portal\/"},{"@type":"ListItem","position":2,"name":"Sobrinho mata tio com golpe de faca em Montes Claros"}]},{"@type":"WebSite","@id":"https:\/\/aconteceunovale.com.br\/portal\/#website","url":"https:\/\/aconteceunovale.com.br\/portal\/","name":"Aconteceu no Vale","description":"Portal de Not\u00edcias","potentialAction":[{"@type":"SearchAction","target":{"@type":"EntryPoint","urlTemplate":"https:\/\/aconteceunovale.com.br\/portal\/?s={search_term_string}"},"query-input":{"@type":"PropertyValueSpecification","valueRequired":true,"valueName":"search_term_string"}}],"inLanguage":"pt-BR"},{"@type":"Person","@id":"https:\/\/aconteceunovale.com.br\/portal\/#\/schema\/person\/633529146f2c94272bef50ac2953d589","name":"Aconteceu no Vale","description":"Equipe de reportagem do Aconteceu no Vale, portal de not\u00edcias do Vale do Jequitinhonha, em Minas Gerais. Cobrimos as 51 cidades do Vale desde 2013. Sugest\u00f5es de pauta e pedidos de corre\u00e7\u00e3o: contato@aconteceunovale.com.br","sameAs":["http:\/\/www.aconteceunovale.com.br"],"url":"https:\/\/aconteceunovale.com.br\/portal\/?author=1"}]}},"_links":{"self":[{"href":"https:\/\/aconteceunovale.com.br\/portal\/index.php?rest_route=\/wp\/v2\/posts\/128982","targetHints":{"allow":["GET"]}}],"collection":[{"href":"https:\/\/aconteceunovale.com.br\/portal\/index.php?rest_route=\/wp\/v2\/posts"}],"about":[{"href":"https:\/\/aconteceunovale.com.br\/portal\/index.php?rest_route=\/wp\/v2\/types\/post"}],"author":[{"embeddable":true,"href":"https:\/\/aconteceunovale.com.br\/portal\/index.php?rest_route=\/wp\/v2\/users\/1"}],"replies":[{"embeddable":true,"href":"https:\/\/aconteceunovale.com.br\/portal\/index.php?rest_route=%2Fwp%2Fv2%2Fcomments&post=128982"}],"version-history":[{"count":0,"href":"https:\/\/aconteceunovale.com.br\/portal\/index.php?rest_route=\/wp\/v2\/posts\/128982\/revisions"}],"wp:featuredmedia":[{"embeddable":true,"href":"https:\/\/aconteceunovale.com.br\/portal\/index.php?rest_route=\/wp\/v2\/media\/129013"}],"wp:attachment":[{"href":"https:\/\/aconteceunovale.com.br\/portal\/index.php?rest_route=%2Fwp%2Fv2%2Fmedia&parent=128982"}],"wp:term":[{"taxonomy":"category","embeddable":true,"href":"https:\/\/aconteceunovale.com.br\/portal\/index.php?rest_route=%2Fwp%2Fv2%2Fcategories&post=128982"},{"taxonomy":"post_tag","embeddable":true,"href":"https:\/\/aconteceunovale.com.br\/portal\/index.php?rest_route=%2Fwp%2Fv2%2Ftags&post=128982"}],"curies":[{"name":"wp","href":"https:\/\/api.w.org\/{rel}","templated":true}]}}