{"id":128977,"date":"2018-03-04T11:56:57","date_gmt":"2018-03-04T13:56:57","guid":{"rendered":"http:\/\/aconteceunovale.com.br\/portal\/?p=128977"},"modified":"2018-03-04T11:56:57","modified_gmt":"2018-03-04T13:56:57","slug":"incendio-destroi-onibus-de-viagem-na-br-381","status":"publish","type":"post","link":"https:\/\/aconteceunovale.com.br\/portal\/?p=128977","title":{"rendered":"Inc\u00eandio destr\u00f3i \u00f4nibus de viagem na BR-381"},"content":{"rendered":"<p>Um \u00f4nibus da Via\u00e7\u00e3o Cometa pegou fogo na manh\u00e3 de s\u00e1bado (03\/03\/2018) no KM 483 da BR-381, no bairro Petrovale, em Betim, na regi\u00e3o metropolitana de Belo Horizonte. O ve\u00edculo estava com 30 passageiros, que sa\u00edram de Curitiba (PR) com destino a Belo Horizonte. Ningu\u00e9m ficou ferido.<\/p>\n<p>De acordo com o Corpo de Bombeiros, que foi acionado para apagar as chamas, as causas do inc\u00eandio ainda ser\u00e3o apuradas. Segundo testemunhas, o fogo come\u00e7ou em uma das rodas e em pouco tempo o ve\u00edculo ficou totalmente destru\u00eddo.<\/p>\n<p>De acordo com o Pol\u00edcia Rodovi\u00e1ria Federal (PRF), por causa do inc\u00eandio tr\u00eas faixas da pista sentido Belo Horizonte foram interditadas e houve engarrafamento de tr\u00eas quil\u00f4metros, nos dois sentidos da rodovia.<\/p>\n<p>A Via\u00e7\u00e3o Cometa divulgou nota lamentando o incidente. Segundo a empresa, o ve\u00edculo n\u00famero 15303 fazia a rota Curitiba-Belo Horizonte e as causas do inc\u00eandio s\u00e3o desconhecidas.<\/p>\n<p>\u201cUma equipe t\u00e9cnica foi designada e est\u00e1 avaliando poss\u00edveis causas\u201d, informou a empresa.<\/p>\n<p>Ainda de acordo com a Cometa, o \u00f4nibus estava com documenta\u00e7\u00e3o e revis\u00e3o em dia, seguindo rigorosamente as instru\u00e7\u00f5es dos fabricantes. \u201cN\u00e3o houve nenhuma v\u00edtima e todos os 30 passageiros foram prontamente atendidos e remanejados adequadamente para seu destino final\u201d, disse.<\/p>\n<p><img decoding=\"async\" src=\"http:\/\/aconteceunovale.com.br\/portal\/wp-content\/uploads\/2018\/03\/incendio_cometa.jpg\" alt=\"\" \/><em>\u00d4nibus pegou fogo na BR-381, em Betim (Foto: Bombeiros\/Divulga\u00e7\u00e3o)<\/em><br \/>\n<\/br><\/p>\n<p><strong>VER PRIMEIRO<\/strong><\/p>\n<p>Receba as not\u00edcias do Aconteceu no Vale em primeira m\u00e3o. Clique em curtir no endere\u00e7o <a href=\"https:\/\/www.facebook.com\/aconteceunovale\" target=\"_blank\"><font color=\"red\">www.facebook.com\/aconteceunovale<\/font><\/a> ou no box abaixo:<\/p>\n<div class=\"fb-like\" data-href=\"https:\/\/www.facebook.com\/aconteceunovale\" data-width=\"120\" data-layout=\"standard\" data-action=\"like\" data-size=\"small\" data-show-faces=\"true\" data-share=\"true\"><\/div>\n<p><\/br><\/p>\n<p><em>(Fonte: O Tempo)<\/em><\/p>\n","protected":false},"excerpt":{"rendered":"<p>Um \u00f4nibus da Via\u00e7\u00e3o Cometa pegou fogo na manh\u00e3 de s\u00e1bado (03\/03\/2018) no KM 483 da BR-381, no bairro Petrovale, em Betim, na regi\u00e3o metropolitana de Belo Horizonte. O ve\u00edculo estava com 30 passageiros, que sa\u00edram de Curitiba (PR) com destino a Belo Horizonte. Ningu\u00e9m ficou ferido. De acordo com o Corpo de Bombeiros, que [&hellip;]<\/p>\n","protected":false},"author":1,"featured_media":128978,"comment_status":"open","ping_status":"closed","sticky":false,"template":"","format":"standard","meta":{"amp_status":"","footnotes":""},"categories":[123],"tags":[34975,170048,1495,1397,4608,170051,170052,170050,170049,34977,34976],"class_list":["post-128977","post","type-post","status-publish","format-standard","has-post-thumbnail","hentry","category-gerais","tag-acidente-com-onibus-da-viacao-cometa","tag-acidente-viacao-cometa","tag-betim","tag-br-381","tag-curitiba","tag-fogo-em-onibus-da-viacao-cometa","tag-incendio-destroi-onibus-de-viagem-na-br-381","tag-incendio-em-onibus-da-viacao-cometa","tag-incendio-viacao-cometa","tag-onibus-da-viacao-cometa","tag-viacao-cometa"],"yoast_head":"<!-- This site is optimized with the Yoast SEO plugin v28.3 - https:\/\/yoast.com\/product\/yoast-seo-wordpress\/ -->\n<title>Inc\u00eandio destr\u00f3i \u00f4nibus de viagem na BR-381 - Aconteceu no Vale<\/title>\n<meta name=\"robots\" content=\"index, follow, max-snippet:-1, max-image-preview:large, max-video-preview:-1\" \/>\n<link rel=\"canonical\" href=\"https:\/\/aconteceunovale.com.br\/portal\/?p=128977\" \/>\n<meta property=\"og:locale\" content=\"pt_BR\" \/>\n<meta property=\"og:type\" content=\"article\" \/>\n<meta property=\"og:title\" content=\"Inc\u00eandio destr\u00f3i \u00f4nibus de viagem na BR-381 - Aconteceu no Vale\" \/>\n<meta property=\"og:description\" content=\"Um \u00f4nibus da Via\u00e7\u00e3o Cometa pegou fogo na manh\u00e3 de s\u00e1bado (03\/03\/2018) no KM 483 da BR-381, no bairro Petrovale, em Betim, na regi\u00e3o metropolitana de Belo Horizonte. O ve\u00edculo estava com 30 passageiros, que sa\u00edram de Curitiba (PR) com destino a Belo Horizonte. Ningu\u00e9m ficou ferido. De acordo com o Corpo de Bombeiros, que [&hellip;]\" \/>\n<meta property=\"og:url\" content=\"https:\/\/aconteceunovale.com.br\/portal\/?p=128977\" \/>\n<meta property=\"og:site_name\" content=\"Aconteceu no Vale\" \/>\n<meta property=\"article:publisher\" content=\"https:\/\/www.facebook.com\/aconteceunovale\/\" \/>\n<meta property=\"article:published_time\" content=\"2018-03-04T13:56:57+00:00\" \/>\n<meta property=\"og:image\" content=\"https:\/\/aconteceunovale.com.br\/portal\/wp-content\/uploads\/2018\/03\/incendio_cometa.jpg\" \/>\n\t<meta property=\"og:image:width\" content=\"678\" \/>\n\t<meta property=\"og:image:height\" content=\"406\" \/>\n\t<meta property=\"og:image:type\" content=\"image\/jpeg\" \/>\n<meta name=\"author\" content=\"Aconteceu no Vale\" \/>\n<meta name=\"twitter:card\" content=\"summary_large_image\" \/>\n<meta name=\"twitter:creator\" content=\"@noticiadosvales\" \/>\n<meta name=\"twitter:site\" content=\"@noticiadosvales\" \/>\n<meta name=\"twitter:label1\" content=\"Escrito por\" \/>\n\t<meta name=\"twitter:data1\" content=\"Aconteceu no Vale\" \/>\n\t<meta name=\"twitter:label2\" content=\"Est. tempo de leitura\" \/>\n\t<meta name=\"twitter:data2\" content=\"1 minuto\" \/>\n<script type=\"application\/ld+json\" class=\"yoast-schema-graph\">{\"@context\":\"https:\\\/\\\/schema.org\",\"@graph\":[{\"@type\":\"Article\",\"@id\":\"https:\\\/\\\/aconteceunovale.com.br\\\/portal\\\/?p=128977#article\",\"isPartOf\":{\"@id\":\"https:\\\/\\\/aconteceunovale.com.br\\\/portal\\\/?p=128977\"},\"author\":{\"name\":\"Aconteceu no Vale\",\"@id\":\"https:\\\/\\\/aconteceunovale.com.br\\\/portal\\\/#\\\/schema\\\/person\\\/633529146f2c94272bef50ac2953d589\"},\"headline\":\"Inc\u00eandio destr\u00f3i \u00f4nibus de viagem na BR-381\",\"datePublished\":\"2018-03-04T13:56:57+00:00\",\"mainEntityOfPage\":{\"@id\":\"https:\\\/\\\/aconteceunovale.com.br\\\/portal\\\/?p=128977\"},\"wordCount\":274,\"commentCount\":0,\"image\":{\"@id\":\"https:\\\/\\\/aconteceunovale.com.br\\\/portal\\\/?p=128977#primaryimage\"},\"thumbnailUrl\":\"https:\\\/\\\/aconteceunovale.com.br\\\/portal\\\/wp-content\\\/uploads\\\/2018\\\/03\\\/incendio_cometa.jpg\",\"keywords\":[\"acidente com \u00f4nibus da via\u00e7\u00e3o cometa\",\"Acidente Via\u00e7\u00e3o Cometa\",\"Betim\",\"br 381\",\"Curitiba\",\"Fogo em \u00f4nibus da Via\u00e7\u00e3o Cometa\",\"Inc\u00eandio destr\u00f3i \u00f4nibus de viagem na BR-381\",\"Inc\u00eandio em \u00f4nibus da Via\u00e7\u00e3o Cometa\",\"Inc\u00eandio Via\u00e7\u00e3o Cometa\",\"\u00f4nibus da via\u00e7\u00e3o cometa\",\"via\u00e7\u00e3o cometa\"],\"articleSection\":[\"Minas Gerais\"],\"inLanguage\":\"pt-BR\",\"potentialAction\":[{\"@type\":\"CommentAction\",\"name\":\"Comment\",\"target\":[\"https:\\\/\\\/aconteceunovale.com.br\\\/portal\\\/?p=128977#respond\"]}]},{\"@type\":\"WebPage\",\"@id\":\"https:\\\/\\\/aconteceunovale.com.br\\\/portal\\\/?p=128977\",\"url\":\"https:\\\/\\\/aconteceunovale.com.br\\\/portal\\\/?p=128977\",\"name\":\"Inc\u00eandio destr\u00f3i \u00f4nibus de viagem na BR-381 - Aconteceu no Vale\",\"isPartOf\":{\"@id\":\"https:\\\/\\\/aconteceunovale.com.br\\\/portal\\\/#website\"},\"primaryImageOfPage\":{\"@id\":\"https:\\\/\\\/aconteceunovale.com.br\\\/portal\\\/?p=128977#primaryimage\"},\"image\":{\"@id\":\"https:\\\/\\\/aconteceunovale.com.br\\\/portal\\\/?p=128977#primaryimage\"},\"thumbnailUrl\":\"https:\\\/\\\/aconteceunovale.com.br\\\/portal\\\/wp-content\\\/uploads\\\/2018\\\/03\\\/incendio_cometa.jpg\",\"datePublished\":\"2018-03-04T13:56:57+00:00\",\"author\":{\"@id\":\"https:\\\/\\\/aconteceunovale.com.br\\\/portal\\\/#\\\/schema\\\/person\\\/633529146f2c94272bef50ac2953d589\"},\"breadcrumb\":{\"@id\":\"https:\\\/\\\/aconteceunovale.com.br\\\/portal\\\/?p=128977#breadcrumb\"},\"inLanguage\":\"pt-BR\",\"potentialAction\":[{\"@type\":\"ReadAction\",\"target\":[\"https:\\\/\\\/aconteceunovale.com.br\\\/portal\\\/?p=128977\"]}]},{\"@type\":\"ImageObject\",\"inLanguage\":\"pt-BR\",\"@id\":\"https:\\\/\\\/aconteceunovale.com.br\\\/portal\\\/?p=128977#primaryimage\",\"url\":\"https:\\\/\\\/aconteceunovale.com.br\\\/portal\\\/wp-content\\\/uploads\\\/2018\\\/03\\\/incendio_cometa.jpg\",\"contentUrl\":\"https:\\\/\\\/aconteceunovale.com.br\\\/portal\\\/wp-content\\\/uploads\\\/2018\\\/03\\\/incendio_cometa.jpg\",\"width\":678,\"height\":406},{\"@type\":\"BreadcrumbList\",\"@id\":\"https:\\\/\\\/aconteceunovale.com.br\\\/portal\\\/?p=128977#breadcrumb\",\"itemListElement\":[{\"@type\":\"ListItem\",\"position\":1,\"name\":\"In\u00edcio\",\"item\":\"https:\\\/\\\/aconteceunovale.com.br\\\/portal\\\/\"},{\"@type\":\"ListItem\",\"position\":2,\"name\":\"Inc\u00eandio destr\u00f3i \u00f4nibus de viagem na BR-381\"}]},{\"@type\":\"WebSite\",\"@id\":\"https:\\\/\\\/aconteceunovale.com.br\\\/portal\\\/#website\",\"url\":\"https:\\\/\\\/aconteceunovale.com.br\\\/portal\\\/\",\"name\":\"Aconteceu no Vale\",\"description\":\"Portal de Not\u00edcias\",\"potentialAction\":[{\"@type\":\"SearchAction\",\"target\":{\"@type\":\"EntryPoint\",\"urlTemplate\":\"https:\\\/\\\/aconteceunovale.com.br\\\/portal\\\/?s={search_term_string}\"},\"query-input\":{\"@type\":\"PropertyValueSpecification\",\"valueRequired\":true,\"valueName\":\"search_term_string\"}}],\"inLanguage\":\"pt-BR\"},{\"@type\":\"Person\",\"@id\":\"https:\\\/\\\/aconteceunovale.com.br\\\/portal\\\/#\\\/schema\\\/person\\\/633529146f2c94272bef50ac2953d589\",\"name\":\"Aconteceu no Vale\",\"description\":\"Equipe de reportagem do Aconteceu no Vale, portal de not\u00edcias do Vale do Jequitinhonha, em Minas Gerais. Cobrimos as 51 cidades do Vale desde 2013. Sugest\u00f5es de pauta e pedidos de corre\u00e7\u00e3o: contato@aconteceunovale.com.br\",\"sameAs\":[\"http:\\\/\\\/www.aconteceunovale.com.br\"],\"url\":\"https:\\\/\\\/aconteceunovale.com.br\\\/portal\\\/?author=1\"}]}<\/script>\n<!-- \/ Yoast SEO plugin. -->","yoast_head_json":{"title":"Inc\u00eandio destr\u00f3i \u00f4nibus de viagem na BR-381 - Aconteceu no Vale","robots":{"index":"index","follow":"follow","max-snippet":"max-snippet:-1","max-image-preview":"max-image-preview:large","max-video-preview":"max-video-preview:-1"},"canonical":"https:\/\/aconteceunovale.com.br\/portal\/?p=128977","og_locale":"pt_BR","og_type":"article","og_title":"Inc\u00eandio destr\u00f3i \u00f4nibus de viagem na BR-381 - Aconteceu no Vale","og_description":"Um \u00f4nibus da Via\u00e7\u00e3o Cometa pegou fogo na manh\u00e3 de s\u00e1bado (03\/03\/2018) no KM 483 da BR-381, no bairro Petrovale, em Betim, na regi\u00e3o metropolitana de Belo Horizonte. O ve\u00edculo estava com 30 passageiros, que sa\u00edram de Curitiba (PR) com destino a Belo Horizonte. Ningu\u00e9m ficou ferido. De acordo com o Corpo de Bombeiros, que [&hellip;]","og_url":"https:\/\/aconteceunovale.com.br\/portal\/?p=128977","og_site_name":"Aconteceu no Vale","article_publisher":"https:\/\/www.facebook.com\/aconteceunovale\/","article_published_time":"2018-03-04T13:56:57+00:00","og_image":[{"width":678,"height":406,"url":"https:\/\/aconteceunovale.com.br\/portal\/wp-content\/uploads\/2018\/03\/incendio_cometa.jpg","type":"image\/jpeg"}],"author":"Aconteceu no Vale","twitter_card":"summary_large_image","twitter_creator":"@noticiadosvales","twitter_site":"@noticiadosvales","twitter_misc":{"Escrito por":"Aconteceu no Vale","Est. tempo de leitura":"1 minuto"},"schema":{"@context":"https:\/\/schema.org","@graph":[{"@type":"Article","@id":"https:\/\/aconteceunovale.com.br\/portal\/?p=128977#article","isPartOf":{"@id":"https:\/\/aconteceunovale.com.br\/portal\/?p=128977"},"author":{"name":"Aconteceu no Vale","@id":"https:\/\/aconteceunovale.com.br\/portal\/#\/schema\/person\/633529146f2c94272bef50ac2953d589"},"headline":"Inc\u00eandio destr\u00f3i \u00f4nibus de viagem na BR-381","datePublished":"2018-03-04T13:56:57+00:00","mainEntityOfPage":{"@id":"https:\/\/aconteceunovale.com.br\/portal\/?p=128977"},"wordCount":274,"commentCount":0,"image":{"@id":"https:\/\/aconteceunovale.com.br\/portal\/?p=128977#primaryimage"},"thumbnailUrl":"https:\/\/aconteceunovale.com.br\/portal\/wp-content\/uploads\/2018\/03\/incendio_cometa.jpg","keywords":["acidente com \u00f4nibus da via\u00e7\u00e3o cometa","Acidente Via\u00e7\u00e3o Cometa","Betim","br 381","Curitiba","Fogo em \u00f4nibus da Via\u00e7\u00e3o Cometa","Inc\u00eandio destr\u00f3i \u00f4nibus de viagem na BR-381","Inc\u00eandio em \u00f4nibus da Via\u00e7\u00e3o Cometa","Inc\u00eandio Via\u00e7\u00e3o Cometa","\u00f4nibus da via\u00e7\u00e3o cometa","via\u00e7\u00e3o cometa"],"articleSection":["Minas Gerais"],"inLanguage":"pt-BR","potentialAction":[{"@type":"CommentAction","name":"Comment","target":["https:\/\/aconteceunovale.com.br\/portal\/?p=128977#respond"]}]},{"@type":"WebPage","@id":"https:\/\/aconteceunovale.com.br\/portal\/?p=128977","url":"https:\/\/aconteceunovale.com.br\/portal\/?p=128977","name":"Inc\u00eandio destr\u00f3i \u00f4nibus de viagem na BR-381 - Aconteceu no Vale","isPartOf":{"@id":"https:\/\/aconteceunovale.com.br\/portal\/#website"},"primaryImageOfPage":{"@id":"https:\/\/aconteceunovale.com.br\/portal\/?p=128977#primaryimage"},"image":{"@id":"https:\/\/aconteceunovale.com.br\/portal\/?p=128977#primaryimage"},"thumbnailUrl":"https:\/\/aconteceunovale.com.br\/portal\/wp-content\/uploads\/2018\/03\/incendio_cometa.jpg","datePublished":"2018-03-04T13:56:57+00:00","author":{"@id":"https:\/\/aconteceunovale.com.br\/portal\/#\/schema\/person\/633529146f2c94272bef50ac2953d589"},"breadcrumb":{"@id":"https:\/\/aconteceunovale.com.br\/portal\/?p=128977#breadcrumb"},"inLanguage":"pt-BR","potentialAction":[{"@type":"ReadAction","target":["https:\/\/aconteceunovale.com.br\/portal\/?p=128977"]}]},{"@type":"ImageObject","inLanguage":"pt-BR","@id":"https:\/\/aconteceunovale.com.br\/portal\/?p=128977#primaryimage","url":"https:\/\/aconteceunovale.com.br\/portal\/wp-content\/uploads\/2018\/03\/incendio_cometa.jpg","contentUrl":"https:\/\/aconteceunovale.com.br\/portal\/wp-content\/uploads\/2018\/03\/incendio_cometa.jpg","width":678,"height":406},{"@type":"BreadcrumbList","@id":"https:\/\/aconteceunovale.com.br\/portal\/?p=128977#breadcrumb","itemListElement":[{"@type":"ListItem","position":1,"name":"In\u00edcio","item":"https:\/\/aconteceunovale.com.br\/portal\/"},{"@type":"ListItem","position":2,"name":"Inc\u00eandio destr\u00f3i \u00f4nibus de viagem na BR-381"}]},{"@type":"WebSite","@id":"https:\/\/aconteceunovale.com.br\/portal\/#website","url":"https:\/\/aconteceunovale.com.br\/portal\/","name":"Aconteceu no Vale","description":"Portal de Not\u00edcias","potentialAction":[{"@type":"SearchAction","target":{"@type":"EntryPoint","urlTemplate":"https:\/\/aconteceunovale.com.br\/portal\/?s={search_term_string}"},"query-input":{"@type":"PropertyValueSpecification","valueRequired":true,"valueName":"search_term_string"}}],"inLanguage":"pt-BR"},{"@type":"Person","@id":"https:\/\/aconteceunovale.com.br\/portal\/#\/schema\/person\/633529146f2c94272bef50ac2953d589","name":"Aconteceu no Vale","description":"Equipe de reportagem do Aconteceu no Vale, portal de not\u00edcias do Vale do Jequitinhonha, em Minas Gerais. Cobrimos as 51 cidades do Vale desde 2013. Sugest\u00f5es de pauta e pedidos de corre\u00e7\u00e3o: contato@aconteceunovale.com.br","sameAs":["http:\/\/www.aconteceunovale.com.br"],"url":"https:\/\/aconteceunovale.com.br\/portal\/?author=1"}]}},"_links":{"self":[{"href":"https:\/\/aconteceunovale.com.br\/portal\/index.php?rest_route=\/wp\/v2\/posts\/128977","targetHints":{"allow":["GET"]}}],"collection":[{"href":"https:\/\/aconteceunovale.com.br\/portal\/index.php?rest_route=\/wp\/v2\/posts"}],"about":[{"href":"https:\/\/aconteceunovale.com.br\/portal\/index.php?rest_route=\/wp\/v2\/types\/post"}],"author":[{"embeddable":true,"href":"https:\/\/aconteceunovale.com.br\/portal\/index.php?rest_route=\/wp\/v2\/users\/1"}],"replies":[{"embeddable":true,"href":"https:\/\/aconteceunovale.com.br\/portal\/index.php?rest_route=%2Fwp%2Fv2%2Fcomments&post=128977"}],"version-history":[{"count":0,"href":"https:\/\/aconteceunovale.com.br\/portal\/index.php?rest_route=\/wp\/v2\/posts\/128977\/revisions"}],"wp:featuredmedia":[{"embeddable":true,"href":"https:\/\/aconteceunovale.com.br\/portal\/index.php?rest_route=\/wp\/v2\/media\/128978"}],"wp:attachment":[{"href":"https:\/\/aconteceunovale.com.br\/portal\/index.php?rest_route=%2Fwp%2Fv2%2Fmedia&parent=128977"}],"wp:term":[{"taxonomy":"category","embeddable":true,"href":"https:\/\/aconteceunovale.com.br\/portal\/index.php?rest_route=%2Fwp%2Fv2%2Fcategories&post=128977"},{"taxonomy":"post_tag","embeddable":true,"href":"https:\/\/aconteceunovale.com.br\/portal\/index.php?rest_route=%2Fwp%2Fv2%2Ftags&post=128977"}],"curies":[{"name":"wp","href":"https:\/\/api.w.org\/{rel}","templated":true}]}}