{"id":128971,"date":"2018-03-04T11:45:11","date_gmt":"2018-03-04T13:45:11","guid":{"rendered":"http:\/\/aconteceunovale.com.br\/portal\/?p=128971"},"modified":"2018-03-04T11:52:29","modified_gmt":"2018-03-04T13:52:29","slug":"duas-pessoas-morrem-carbonizadas-em-acidente-entre-caminhoes-na-br-251-no-norte-de-minas","status":"publish","type":"post","link":"https:\/\/aconteceunovale.com.br\/portal\/?p=128971","title":{"rendered":"Duas pessoas morrem carbonizadas em acidente entre caminh\u00f5es na BR-251, no Norte de Minas"},"content":{"rendered":"<p>Duas pessoas morreram carbonizadas depois que dois caminh\u00f5es de carga pesada bateram de frente, na BR-251, pr\u00f3ximo a Francisco S\u00e1, na regi\u00e3o Norte de Minas Gerais. O acidente ocorreu por volta das 21h30 da noite do \u00faltimo s\u00e1bado (3), na altura do KM 473.<\/p>\n<p>Um dos ve\u00edculos, carregado de vasos, tecidos e papel, e com placa de Capim Grosso, na Bahia, trafegava sentido Salinas. O outro, com identifica\u00e7\u00e3o de Caet\u00e9s, no Pernambuco, e carregado com gesso, seguia sentido Montes Claros.<\/p>\n<p>Depois de baterem, os ve\u00edculos come\u00e7aram a pegar fogo. Um dos motoristas foi encontrado carbonizado em uma das cabines. O outro estava debaixo da carga do caminh\u00e3o.<\/p>\n<p>A carga dos dois ve\u00edculos ficou espalhada pela pista. Um caminh\u00e3o guincho deu apoio na retirada das carca\u00e7as. Os Bombeiros fizeram o rescaldo.<\/p>\n<p>A BR ficou interditada nas duas vias durante as opera\u00e7\u00f5es dos Bombeiros, sendo liberadas pela Pol\u00edcia Rodovi\u00e1ria Federal somente por volta das 3h30. Os corpos, ainda n\u00e3o identificados, ficaram sob cuidados da uma funer\u00e1ria em Francisco S\u00e1.<\/p>\n<p><img decoding=\"async\" src=\"http:\/\/aconteceunovale.com.br\/portal\/wp-content\/uploads\/2018\/03\/acidente_caminhones.jpg\" alt=\"\" \/><em>Ve\u00edculos pegaram fogo ap\u00f3s batida (Foto: Divulga\u00e7\u00e3o\/Corpo de Bombeiros)<\/em><br \/>\n<\/br><\/p>\n<p><img decoding=\"async\" src=\"http:\/\/aconteceunovale.com.br\/portal\/wp-content\/uploads\/2018\/03\/acidente_caminhones2.jpg\" alt=\"\" \/><em>Acidente aconteceu pr\u00f3ximo a Francisco S\u00e1 (Foto: Divulga\u00e7\u00e3o\/Corpo de Bombeiros)<\/em><br \/>\n<\/br><\/p>\n<p><strong>VER PRIMEIRO<\/strong><\/p>\n<p>Receba as not\u00edcias do Aconteceu no Vale em primeira m\u00e3o. Clique em curtir no endere\u00e7o <a href=\"https:\/\/www.facebook.com\/aconteceunovale\" target=\"_blank\"><font color=\"red\">www.facebook.com\/aconteceunovale<\/font><\/a> ou no box abaixo:<\/p>\n<div class=\"fb-like\" data-href=\"https:\/\/www.facebook.com\/aconteceunovale\" data-width=\"120\" data-layout=\"standard\" data-action=\"like\" data-size=\"small\" data-show-faces=\"true\" data-share=\"true\"><\/div>\n<p><\/br><\/p>\n<p><em>(Fonte: O Tempo)<\/em><\/p>\n","protected":false},"excerpt":{"rendered":"<p>Duas pessoas morreram carbonizadas depois que dois caminh\u00f5es de carga pesada bateram de frente, na BR-251, pr\u00f3ximo a Francisco S\u00e1, na regi\u00e3o Norte de Minas Gerais. O acidente ocorreu por volta das 21h30 da noite do \u00faltimo s\u00e1bado (3), na altura do KM 473. Um dos ve\u00edculos, carregado de vasos, tecidos e papel, e com [&hellip;]<\/p>\n","protected":false},"author":1,"featured_media":128972,"comment_status":"open","ping_status":"closed","sticky":false,"template":"","format":"standard","meta":{"amp_status":"","footnotes":""},"categories":[1236],"tags":[170044,170043,156206,2034,170046,163630,1396,921,170045,148110,170047,1395,33228],"class_list":["post-128971","post","type-post","status-publish","format-standard","has-post-thumbnail","hentry","category-norte_de_minas","tag-acidente-com-caminhao-de-caetes-na-br-251","tag-acidente-com-caminhao-de-capim-grosso-na-br-251","tag-acidente-com-caminhoes-na-br-251","tag-acidente-em-francisco-sa","tag-acidente-entre-caminhoes-em-francisco-sa","tag-acidente-entre-caminhoes-na-br-251","tag-acidente-na-br-251","tag-br-251","tag-caetes","tag-capim-grosso","tag-duas-pessoas-morrem-carbonizadas-em-acidente-entre-caminhoes-na-br-251","tag-francisco-sa","tag-no-norte-de-minas"],"yoast_head":"<!-- This site is optimized with the Yoast SEO plugin v28.3 - https:\/\/yoast.com\/product\/yoast-seo-wordpress\/ -->\n<title>Duas pessoas morrem carbonizadas em acidente entre caminh\u00f5es na BR-251, no Norte de Minas - Aconteceu no Vale<\/title>\n<meta name=\"robots\" content=\"index, follow, max-snippet:-1, max-image-preview:large, max-video-preview:-1\" \/>\n<link rel=\"canonical\" href=\"https:\/\/aconteceunovale.com.br\/portal\/?p=128971\" \/>\n<meta property=\"og:locale\" content=\"pt_BR\" \/>\n<meta property=\"og:type\" content=\"article\" \/>\n<meta property=\"og:title\" content=\"Duas pessoas morrem carbonizadas em acidente entre caminh\u00f5es na BR-251, no Norte de Minas - Aconteceu no Vale\" \/>\n<meta property=\"og:description\" content=\"Duas pessoas morreram carbonizadas depois que dois caminh\u00f5es de carga pesada bateram de frente, na BR-251, pr\u00f3ximo a Francisco S\u00e1, na regi\u00e3o Norte de Minas Gerais. O acidente ocorreu por volta das 21h30 da noite do \u00faltimo s\u00e1bado (3), na altura do KM 473. Um dos ve\u00edculos, carregado de vasos, tecidos e papel, e com [&hellip;]\" \/>\n<meta property=\"og:url\" content=\"https:\/\/aconteceunovale.com.br\/portal\/?p=128971\" \/>\n<meta property=\"og:site_name\" content=\"Aconteceu no Vale\" \/>\n<meta property=\"article:publisher\" content=\"https:\/\/www.facebook.com\/aconteceunovale\/\" \/>\n<meta property=\"article:published_time\" content=\"2018-03-04T13:45:11+00:00\" \/>\n<meta property=\"article:modified_time\" content=\"2018-03-04T13:52:29+00:00\" \/>\n<meta property=\"og:image\" content=\"https:\/\/aconteceunovale.com.br\/portal\/wp-content\/uploads\/2018\/03\/acidente_caminhones.jpg\" \/>\n\t<meta property=\"og:image:width\" content=\"678\" \/>\n\t<meta property=\"og:image:height\" content=\"406\" \/>\n\t<meta property=\"og:image:type\" content=\"image\/jpeg\" \/>\n<meta name=\"author\" content=\"Aconteceu no Vale\" \/>\n<meta name=\"twitter:card\" content=\"summary_large_image\" \/>\n<meta name=\"twitter:creator\" content=\"@noticiadosvales\" \/>\n<meta name=\"twitter:site\" content=\"@noticiadosvales\" \/>\n<meta name=\"twitter:label1\" content=\"Escrito por\" \/>\n\t<meta name=\"twitter:data1\" content=\"Aconteceu no Vale\" \/>\n\t<meta name=\"twitter:label2\" content=\"Est. tempo de leitura\" \/>\n\t<meta name=\"twitter:data2\" content=\"1 minuto\" \/>\n<script type=\"application\/ld+json\" class=\"yoast-schema-graph\">{\"@context\":\"https:\\\/\\\/schema.org\",\"@graph\":[{\"@type\":\"Article\",\"@id\":\"https:\\\/\\\/aconteceunovale.com.br\\\/portal\\\/?p=128971#article\",\"isPartOf\":{\"@id\":\"https:\\\/\\\/aconteceunovale.com.br\\\/portal\\\/?p=128971\"},\"author\":{\"name\":\"Aconteceu no Vale\",\"@id\":\"https:\\\/\\\/aconteceunovale.com.br\\\/portal\\\/#\\\/schema\\\/person\\\/633529146f2c94272bef50ac2953d589\"},\"headline\":\"Duas pessoas morrem carbonizadas em acidente entre caminh\u00f5es na BR-251, no Norte de Minas\",\"datePublished\":\"2018-03-04T13:45:11+00:00\",\"dateModified\":\"2018-03-04T13:52:29+00:00\",\"mainEntityOfPage\":{\"@id\":\"https:\\\/\\\/aconteceunovale.com.br\\\/portal\\\/?p=128971\"},\"wordCount\":255,\"commentCount\":0,\"image\":{\"@id\":\"https:\\\/\\\/aconteceunovale.com.br\\\/portal\\\/?p=128971#primaryimage\"},\"thumbnailUrl\":\"https:\\\/\\\/aconteceunovale.com.br\\\/portal\\\/wp-content\\\/uploads\\\/2018\\\/03\\\/acidente_caminhones.jpg\",\"keywords\":[\"Acidente com caminh\u00e3o de Caet\u00e9s na BR-251\",\"Acidente com caminh\u00e3o de Capim Grosso na BR-251\",\"Acidente com caminh\u00f5es na BR-251\",\"acidente em francisco s\u00e1\",\"Acidente entre caminh\u00f5es em Francisco S\u00e1\",\"Acidente entre caminh\u00f5es na BR-251\",\"acidente na br 251\",\"br 251\",\"Caet\u00e9s\",\"Capim Grosso\",\"Duas pessoas morrem carbonizadas em acidente entre caminh\u00f5es na BR-251\",\"francisco s\u00e1\",\"no Norte de Minas\"],\"articleSection\":[\"Norte de Minas\"],\"inLanguage\":\"pt-BR\",\"potentialAction\":[{\"@type\":\"CommentAction\",\"name\":\"Comment\",\"target\":[\"https:\\\/\\\/aconteceunovale.com.br\\\/portal\\\/?p=128971#respond\"]}]},{\"@type\":\"WebPage\",\"@id\":\"https:\\\/\\\/aconteceunovale.com.br\\\/portal\\\/?p=128971\",\"url\":\"https:\\\/\\\/aconteceunovale.com.br\\\/portal\\\/?p=128971\",\"name\":\"Duas pessoas morrem carbonizadas em acidente entre caminh\u00f5es na BR-251, no Norte de Minas - Aconteceu no Vale\",\"isPartOf\":{\"@id\":\"https:\\\/\\\/aconteceunovale.com.br\\\/portal\\\/#website\"},\"primaryImageOfPage\":{\"@id\":\"https:\\\/\\\/aconteceunovale.com.br\\\/portal\\\/?p=128971#primaryimage\"},\"image\":{\"@id\":\"https:\\\/\\\/aconteceunovale.com.br\\\/portal\\\/?p=128971#primaryimage\"},\"thumbnailUrl\":\"https:\\\/\\\/aconteceunovale.com.br\\\/portal\\\/wp-content\\\/uploads\\\/2018\\\/03\\\/acidente_caminhones.jpg\",\"datePublished\":\"2018-03-04T13:45:11+00:00\",\"dateModified\":\"2018-03-04T13:52:29+00:00\",\"author\":{\"@id\":\"https:\\\/\\\/aconteceunovale.com.br\\\/portal\\\/#\\\/schema\\\/person\\\/633529146f2c94272bef50ac2953d589\"},\"breadcrumb\":{\"@id\":\"https:\\\/\\\/aconteceunovale.com.br\\\/portal\\\/?p=128971#breadcrumb\"},\"inLanguage\":\"pt-BR\",\"potentialAction\":[{\"@type\":\"ReadAction\",\"target\":[\"https:\\\/\\\/aconteceunovale.com.br\\\/portal\\\/?p=128971\"]}]},{\"@type\":\"ImageObject\",\"inLanguage\":\"pt-BR\",\"@id\":\"https:\\\/\\\/aconteceunovale.com.br\\\/portal\\\/?p=128971#primaryimage\",\"url\":\"https:\\\/\\\/aconteceunovale.com.br\\\/portal\\\/wp-content\\\/uploads\\\/2018\\\/03\\\/acidente_caminhones.jpg\",\"contentUrl\":\"https:\\\/\\\/aconteceunovale.com.br\\\/portal\\\/wp-content\\\/uploads\\\/2018\\\/03\\\/acidente_caminhones.jpg\",\"width\":678,\"height\":406},{\"@type\":\"BreadcrumbList\",\"@id\":\"https:\\\/\\\/aconteceunovale.com.br\\\/portal\\\/?p=128971#breadcrumb\",\"itemListElement\":[{\"@type\":\"ListItem\",\"position\":1,\"name\":\"In\u00edcio\",\"item\":\"https:\\\/\\\/aconteceunovale.com.br\\\/portal\\\/\"},{\"@type\":\"ListItem\",\"position\":2,\"name\":\"Duas pessoas morrem carbonizadas em acidente entre caminh\u00f5es na BR-251, no Norte de Minas\"}]},{\"@type\":\"WebSite\",\"@id\":\"https:\\\/\\\/aconteceunovale.com.br\\\/portal\\\/#website\",\"url\":\"https:\\\/\\\/aconteceunovale.com.br\\\/portal\\\/\",\"name\":\"Aconteceu no Vale\",\"description\":\"Portal de Not\u00edcias\",\"potentialAction\":[{\"@type\":\"SearchAction\",\"target\":{\"@type\":\"EntryPoint\",\"urlTemplate\":\"https:\\\/\\\/aconteceunovale.com.br\\\/portal\\\/?s={search_term_string}\"},\"query-input\":{\"@type\":\"PropertyValueSpecification\",\"valueRequired\":true,\"valueName\":\"search_term_string\"}}],\"inLanguage\":\"pt-BR\"},{\"@type\":\"Person\",\"@id\":\"https:\\\/\\\/aconteceunovale.com.br\\\/portal\\\/#\\\/schema\\\/person\\\/633529146f2c94272bef50ac2953d589\",\"name\":\"Aconteceu no Vale\",\"description\":\"Equipe de reportagem do Aconteceu no Vale, portal de not\u00edcias do Vale do Jequitinhonha, em Minas Gerais. Cobrimos as 51 cidades do Vale desde 2013. Sugest\u00f5es de pauta e pedidos de corre\u00e7\u00e3o: contato@aconteceunovale.com.br\",\"sameAs\":[\"http:\\\/\\\/www.aconteceunovale.com.br\"],\"url\":\"https:\\\/\\\/aconteceunovale.com.br\\\/portal\\\/?author=1\"}]}<\/script>\n<!-- \/ Yoast SEO plugin. -->","yoast_head_json":{"title":"Duas pessoas morrem carbonizadas em acidente entre caminh\u00f5es na BR-251, no Norte de Minas - Aconteceu no Vale","robots":{"index":"index","follow":"follow","max-snippet":"max-snippet:-1","max-image-preview":"max-image-preview:large","max-video-preview":"max-video-preview:-1"},"canonical":"https:\/\/aconteceunovale.com.br\/portal\/?p=128971","og_locale":"pt_BR","og_type":"article","og_title":"Duas pessoas morrem carbonizadas em acidente entre caminh\u00f5es na BR-251, no Norte de Minas - Aconteceu no Vale","og_description":"Duas pessoas morreram carbonizadas depois que dois caminh\u00f5es de carga pesada bateram de frente, na BR-251, pr\u00f3ximo a Francisco S\u00e1, na regi\u00e3o Norte de Minas Gerais. O acidente ocorreu por volta das 21h30 da noite do \u00faltimo s\u00e1bado (3), na altura do KM 473. Um dos ve\u00edculos, carregado de vasos, tecidos e papel, e com [&hellip;]","og_url":"https:\/\/aconteceunovale.com.br\/portal\/?p=128971","og_site_name":"Aconteceu no Vale","article_publisher":"https:\/\/www.facebook.com\/aconteceunovale\/","article_published_time":"2018-03-04T13:45:11+00:00","article_modified_time":"2018-03-04T13:52:29+00:00","og_image":[{"width":678,"height":406,"url":"https:\/\/aconteceunovale.com.br\/portal\/wp-content\/uploads\/2018\/03\/acidente_caminhones.jpg","type":"image\/jpeg"}],"author":"Aconteceu no Vale","twitter_card":"summary_large_image","twitter_creator":"@noticiadosvales","twitter_site":"@noticiadosvales","twitter_misc":{"Escrito por":"Aconteceu no Vale","Est. tempo de leitura":"1 minuto"},"schema":{"@context":"https:\/\/schema.org","@graph":[{"@type":"Article","@id":"https:\/\/aconteceunovale.com.br\/portal\/?p=128971#article","isPartOf":{"@id":"https:\/\/aconteceunovale.com.br\/portal\/?p=128971"},"author":{"name":"Aconteceu no Vale","@id":"https:\/\/aconteceunovale.com.br\/portal\/#\/schema\/person\/633529146f2c94272bef50ac2953d589"},"headline":"Duas pessoas morrem carbonizadas em acidente entre caminh\u00f5es na BR-251, no Norte de Minas","datePublished":"2018-03-04T13:45:11+00:00","dateModified":"2018-03-04T13:52:29+00:00","mainEntityOfPage":{"@id":"https:\/\/aconteceunovale.com.br\/portal\/?p=128971"},"wordCount":255,"commentCount":0,"image":{"@id":"https:\/\/aconteceunovale.com.br\/portal\/?p=128971#primaryimage"},"thumbnailUrl":"https:\/\/aconteceunovale.com.br\/portal\/wp-content\/uploads\/2018\/03\/acidente_caminhones.jpg","keywords":["Acidente com caminh\u00e3o de Caet\u00e9s na BR-251","Acidente com caminh\u00e3o de Capim Grosso na BR-251","Acidente com caminh\u00f5es na BR-251","acidente em francisco s\u00e1","Acidente entre caminh\u00f5es em Francisco S\u00e1","Acidente entre caminh\u00f5es na BR-251","acidente na br 251","br 251","Caet\u00e9s","Capim Grosso","Duas pessoas morrem carbonizadas em acidente entre caminh\u00f5es na BR-251","francisco s\u00e1","no Norte de Minas"],"articleSection":["Norte de Minas"],"inLanguage":"pt-BR","potentialAction":[{"@type":"CommentAction","name":"Comment","target":["https:\/\/aconteceunovale.com.br\/portal\/?p=128971#respond"]}]},{"@type":"WebPage","@id":"https:\/\/aconteceunovale.com.br\/portal\/?p=128971","url":"https:\/\/aconteceunovale.com.br\/portal\/?p=128971","name":"Duas pessoas morrem carbonizadas em acidente entre caminh\u00f5es na BR-251, no Norte de Minas - Aconteceu no Vale","isPartOf":{"@id":"https:\/\/aconteceunovale.com.br\/portal\/#website"},"primaryImageOfPage":{"@id":"https:\/\/aconteceunovale.com.br\/portal\/?p=128971#primaryimage"},"image":{"@id":"https:\/\/aconteceunovale.com.br\/portal\/?p=128971#primaryimage"},"thumbnailUrl":"https:\/\/aconteceunovale.com.br\/portal\/wp-content\/uploads\/2018\/03\/acidente_caminhones.jpg","datePublished":"2018-03-04T13:45:11+00:00","dateModified":"2018-03-04T13:52:29+00:00","author":{"@id":"https:\/\/aconteceunovale.com.br\/portal\/#\/schema\/person\/633529146f2c94272bef50ac2953d589"},"breadcrumb":{"@id":"https:\/\/aconteceunovale.com.br\/portal\/?p=128971#breadcrumb"},"inLanguage":"pt-BR","potentialAction":[{"@type":"ReadAction","target":["https:\/\/aconteceunovale.com.br\/portal\/?p=128971"]}]},{"@type":"ImageObject","inLanguage":"pt-BR","@id":"https:\/\/aconteceunovale.com.br\/portal\/?p=128971#primaryimage","url":"https:\/\/aconteceunovale.com.br\/portal\/wp-content\/uploads\/2018\/03\/acidente_caminhones.jpg","contentUrl":"https:\/\/aconteceunovale.com.br\/portal\/wp-content\/uploads\/2018\/03\/acidente_caminhones.jpg","width":678,"height":406},{"@type":"BreadcrumbList","@id":"https:\/\/aconteceunovale.com.br\/portal\/?p=128971#breadcrumb","itemListElement":[{"@type":"ListItem","position":1,"name":"In\u00edcio","item":"https:\/\/aconteceunovale.com.br\/portal\/"},{"@type":"ListItem","position":2,"name":"Duas pessoas morrem carbonizadas em acidente entre caminh\u00f5es na BR-251, no Norte de Minas"}]},{"@type":"WebSite","@id":"https:\/\/aconteceunovale.com.br\/portal\/#website","url":"https:\/\/aconteceunovale.com.br\/portal\/","name":"Aconteceu no Vale","description":"Portal de Not\u00edcias","potentialAction":[{"@type":"SearchAction","target":{"@type":"EntryPoint","urlTemplate":"https:\/\/aconteceunovale.com.br\/portal\/?s={search_term_string}"},"query-input":{"@type":"PropertyValueSpecification","valueRequired":true,"valueName":"search_term_string"}}],"inLanguage":"pt-BR"},{"@type":"Person","@id":"https:\/\/aconteceunovale.com.br\/portal\/#\/schema\/person\/633529146f2c94272bef50ac2953d589","name":"Aconteceu no Vale","description":"Equipe de reportagem do Aconteceu no Vale, portal de not\u00edcias do Vale do Jequitinhonha, em Minas Gerais. Cobrimos as 51 cidades do Vale desde 2013. Sugest\u00f5es de pauta e pedidos de corre\u00e7\u00e3o: contato@aconteceunovale.com.br","sameAs":["http:\/\/www.aconteceunovale.com.br"],"url":"https:\/\/aconteceunovale.com.br\/portal\/?author=1"}]}},"_links":{"self":[{"href":"https:\/\/aconteceunovale.com.br\/portal\/index.php?rest_route=\/wp\/v2\/posts\/128971","targetHints":{"allow":["GET"]}}],"collection":[{"href":"https:\/\/aconteceunovale.com.br\/portal\/index.php?rest_route=\/wp\/v2\/posts"}],"about":[{"href":"https:\/\/aconteceunovale.com.br\/portal\/index.php?rest_route=\/wp\/v2\/types\/post"}],"author":[{"embeddable":true,"href":"https:\/\/aconteceunovale.com.br\/portal\/index.php?rest_route=\/wp\/v2\/users\/1"}],"replies":[{"embeddable":true,"href":"https:\/\/aconteceunovale.com.br\/portal\/index.php?rest_route=%2Fwp%2Fv2%2Fcomments&post=128971"}],"version-history":[{"count":0,"href":"https:\/\/aconteceunovale.com.br\/portal\/index.php?rest_route=\/wp\/v2\/posts\/128971\/revisions"}],"wp:featuredmedia":[{"embeddable":true,"href":"https:\/\/aconteceunovale.com.br\/portal\/index.php?rest_route=\/wp\/v2\/media\/128972"}],"wp:attachment":[{"href":"https:\/\/aconteceunovale.com.br\/portal\/index.php?rest_route=%2Fwp%2Fv2%2Fmedia&parent=128971"}],"wp:term":[{"taxonomy":"category","embeddable":true,"href":"https:\/\/aconteceunovale.com.br\/portal\/index.php?rest_route=%2Fwp%2Fv2%2Fcategories&post=128971"},{"taxonomy":"post_tag","embeddable":true,"href":"https:\/\/aconteceunovale.com.br\/portal\/index.php?rest_route=%2Fwp%2Fv2%2Ftags&post=128971"}],"curies":[{"name":"wp","href":"https:\/\/api.w.org\/{rel}","templated":true}]}}