{"id":128949,"date":"2018-03-02T23:53:55","date_gmt":"2018-03-03T01:53:55","guid":{"rendered":"http:\/\/aconteceunovale.com.br\/portal\/?p=128949"},"modified":"2018-03-02T23:53:55","modified_gmt":"2018-03-03T01:53:55","slug":"quatro-pessoas-da-mesma-familia-morrem-carbonizadas-dentro-de-casa-em-januaria","status":"publish","type":"post","link":"https:\/\/aconteceunovale.com.br\/portal\/?p=128949","title":{"rendered":"Quatro pessoas da mesma fam\u00edlia morrem carbonizadas dentro de casa em Janu\u00e1ria"},"content":{"rendered":"<p>Quatro pessoas de uma fam\u00edlia morreram carbonizadas dentro de casa, na manh\u00e3 desta sexta-feira (02\/03\/2018), em Janu\u00e1ria (MG). De acordo com informa\u00e7\u00f5es da Pol\u00edcia Militar, um homem ateou fogo na esposa, em duas filhas e depois nele mesmo. <\/p>\n<p>Os bombeiros encontraram os corpos de Isabel Pereira da Silva, de 38 anos, Adailso Louren\u00e7o de Ara\u00fajo, de 43 anos, que trabalhava como professor da rede municipal, e das duas filhas do casal, de 11 e 16, dentro de um quarto. Ainda segundo a PM, as v\u00edtimas foram trancadas no c\u00f4modo e impedidas de sair.<\/p>\n<p>&#8220;Os corpos dos dois adultos estavam apoiados em cima de uma cama. A crian\u00e7a foi encontrada entre as camas e a adolescente dentro de um guarda-roupa. Encontramos tamb\u00e9m um cachorro, possivelmente da fam\u00edlia, dentro do mesmo quarto; todos carbonizados&#8221;, explicou o Tenente Jo\u00e3o Carlos, comandante do Corpo de Bombeiros de Janu\u00e1ria.<\/p>\n<p>As chamas foram controladas pela equipe do Corpo de Bombeiros. &#8220;O fogo estava concentrado apenas em um quarto; cozinha e sala foram atingidas levemente. Quando controlamos as chamas, encontramos as tr\u00eas primeiras v\u00edtimas e, somente depois, abaixo de escombros, a quarta v\u00edtima foi encontrada. Moradores relataram terem percebido a presen\u00e7a de fuma\u00e7a por volta das 6h10. Os bombeiros foram chamados \u00e0s 6h35&#8221;, disse o Sargento Bolivar Barreto. A casa fica no Bairro Jardim Estela.<\/p>\n<p><img decoding=\"async\" src=\"http:\/\/aconteceunovale.com.br\/portal\/wp-content\/uploads\/2018\/03\/incendio_janauba.jpg\" alt=\"\" \/><em>V\u00edtimas morreram dentro de casa (Foto: Pablo Magalh\u00e3es\/Arquivo Pessoal)<\/em><br \/>\n<\/br><\/p>\n<h4>Div\u00f3rcio<\/h4>\n<p>A Pol\u00edcia Civil de Janu\u00e1ria informou na tarde desta sexta-feira (2) que a mulher morta carbonizada dentro de casa, junto aos filhos, j\u00e1 teria sofrido agress\u00f5es e amea\u00e7as do marido no ano de 2014 e o casal estava em processo de separa\u00e7\u00e3o. &#8220;A trag\u00e9dia aconteceu um dia depois que o casal esteve no f\u00f3rum local para tratar do div\u00f3rcio; eles chegaram a realizar uma audi\u00eancia para a separa\u00e7\u00e3o\u201d, diz o delegado Farley Guedes.<\/p>\n<p>Segundo a Pol\u00edcia Civil, foi constatado que a mulher foi esfaqueada antes do inc\u00eandio. \u201cOs corpos foram encaminhados ao IML de Janu\u00e1ria e o m\u00e9dico legista respons\u00e1vel pelo laudo de necropsia confirmou que Isabel possu\u00eda uma les\u00e3o causada por uma faca. Tudo indica que as v\u00edtimas fizeram de tudo para fugir do local e das labaredas\u201d, explicou Farley Guedes.<\/p>\n<p>O inqu\u00e9rito da PC vai investigar o caso. Os corpos das v\u00edtimas foram enterrados na tarde desta sexta-feira.<\/p>\n<p><strong>VER PRIMEIRO<\/strong><\/p>\n<p>Receba as not\u00edcias do Aconteceu no Vale em primeira m\u00e3o. Clique em curtir no endere\u00e7o <a href=\"https:\/\/www.facebook.com\/aconteceunovale\" target=\"_blank\"><font color=\"red\">www.facebook.com\/aconteceunovale<\/font><\/a> ou no box abaixo:<\/p>\n<div class=\"fb-like\" data-href=\"https:\/\/www.facebook.com\/aconteceunovale\" data-width=\"120\" data-layout=\"standard\" data-action=\"like\" data-size=\"small\" data-show-faces=\"true\" data-share=\"true\"><\/div>\n<p><\/br><\/p>\n<p><em>(Fonte: G1 Grande Minas)<\/em><\/p>\n","protected":false},"excerpt":{"rendered":"<p>Quatro pessoas de uma fam\u00edlia morreram carbonizadas dentro de casa, na manh\u00e3 desta sexta-feira (02\/03\/2018), em Janu\u00e1ria (MG). De acordo com informa\u00e7\u00f5es da Pol\u00edcia Militar, um homem ateou fogo na esposa, em duas filhas e depois nele mesmo. Os bombeiros encontraram os corpos de Isabel Pereira da Silva, de 38 anos, Adailso Louren\u00e7o de Ara\u00fajo, [&hellip;]<\/p>\n","protected":false},"author":1,"featured_media":128950,"comment_status":"open","ping_status":"closed","sticky":false,"template":"","format":"standard","meta":{"amp_status":"","footnotes":""},"categories":[1236],"tags":[169984,169980,169175,1018,169979,169981,169985,205,169986,169983,169982],"class_list":["post-128949","post","type-post","status-publish","format-standard","has-post-thumbnail","hentry","category-norte_de_minas","tag-adailso-lourenco-de-araujo","tag-carbonizados-em-januaria","tag-corpo-de-bombeiros-de-januaria","tag-destaque","tag-familia-carbonizada-em-januaria","tag-familia-queimada-em-januaria","tag-isabel-pereira-da-silva","tag-januaria","tag-quatro-pessoas-da-mesma-familia-morrem-carbonizadas-dentro-de-casa-em-januaria","tag-tragedia-em-familia-de-januaria","tag-tragedia-em-januaria"],"yoast_head":"<!-- This site is optimized with the Yoast SEO plugin v28.3 - https:\/\/yoast.com\/product\/yoast-seo-wordpress\/ -->\n<title>Quatro pessoas da mesma fam\u00edlia morrem carbonizadas dentro de casa em Janu\u00e1ria - Aconteceu no Vale<\/title>\n<meta name=\"robots\" content=\"index, follow, max-snippet:-1, max-image-preview:large, max-video-preview:-1\" \/>\n<link rel=\"canonical\" href=\"https:\/\/aconteceunovale.com.br\/portal\/?p=128949\" \/>\n<meta property=\"og:locale\" content=\"pt_BR\" \/>\n<meta property=\"og:type\" content=\"article\" \/>\n<meta property=\"og:title\" content=\"Quatro pessoas da mesma fam\u00edlia morrem carbonizadas dentro de casa em Janu\u00e1ria - Aconteceu no Vale\" \/>\n<meta property=\"og:description\" content=\"Quatro pessoas de uma fam\u00edlia morreram carbonizadas dentro de casa, na manh\u00e3 desta sexta-feira (02\/03\/2018), em Janu\u00e1ria (MG). De acordo com informa\u00e7\u00f5es da Pol\u00edcia Militar, um homem ateou fogo na esposa, em duas filhas e depois nele mesmo. Os bombeiros encontraram os corpos de Isabel Pereira da Silva, de 38 anos, Adailso Louren\u00e7o de Ara\u00fajo, [&hellip;]\" \/>\n<meta property=\"og:url\" content=\"https:\/\/aconteceunovale.com.br\/portal\/?p=128949\" \/>\n<meta property=\"og:site_name\" content=\"Aconteceu no Vale\" \/>\n<meta property=\"article:publisher\" content=\"https:\/\/www.facebook.com\/aconteceunovale\/\" \/>\n<meta property=\"article:published_time\" content=\"2018-03-03T01:53:55+00:00\" \/>\n<meta property=\"og:image\" content=\"https:\/\/aconteceunovale.com.br\/portal\/wp-content\/uploads\/2018\/03\/incendio_janauba.jpg\" \/>\n\t<meta property=\"og:image:width\" content=\"678\" \/>\n\t<meta property=\"og:image:height\" content=\"381\" \/>\n\t<meta property=\"og:image:type\" content=\"image\/jpeg\" \/>\n<meta name=\"author\" content=\"Aconteceu no Vale\" \/>\n<meta name=\"twitter:card\" content=\"summary_large_image\" \/>\n<meta name=\"twitter:creator\" content=\"@noticiadosvales\" \/>\n<meta name=\"twitter:site\" content=\"@noticiadosvales\" \/>\n<meta name=\"twitter:label1\" content=\"Escrito por\" \/>\n\t<meta name=\"twitter:data1\" content=\"Aconteceu no Vale\" \/>\n\t<meta name=\"twitter:label2\" content=\"Est. tempo de leitura\" \/>\n\t<meta name=\"twitter:data2\" content=\"2 minutos\" \/>\n<script type=\"application\/ld+json\" class=\"yoast-schema-graph\">{\"@context\":\"https:\\\/\\\/schema.org\",\"@graph\":[{\"@type\":\"Article\",\"@id\":\"https:\\\/\\\/aconteceunovale.com.br\\\/portal\\\/?p=128949#article\",\"isPartOf\":{\"@id\":\"https:\\\/\\\/aconteceunovale.com.br\\\/portal\\\/?p=128949\"},\"author\":{\"name\":\"Aconteceu no Vale\",\"@id\":\"https:\\\/\\\/aconteceunovale.com.br\\\/portal\\\/#\\\/schema\\\/person\\\/633529146f2c94272bef50ac2953d589\"},\"headline\":\"Quatro pessoas da mesma fam\u00edlia morrem carbonizadas dentro de casa em Janu\u00e1ria\",\"datePublished\":\"2018-03-03T01:53:55+00:00\",\"mainEntityOfPage\":{\"@id\":\"https:\\\/\\\/aconteceunovale.com.br\\\/portal\\\/?p=128949\"},\"wordCount\":459,\"commentCount\":0,\"image\":{\"@id\":\"https:\\\/\\\/aconteceunovale.com.br\\\/portal\\\/?p=128949#primaryimage\"},\"thumbnailUrl\":\"https:\\\/\\\/aconteceunovale.com.br\\\/portal\\\/wp-content\\\/uploads\\\/2018\\\/03\\\/incendio_janauba.jpg\",\"keywords\":[\"Adailso Louren\u00e7o de Ara\u00fajo\",\"Carbonizados em Janu\u00e1ria\",\"Corpo de Bombeiros de Janu\u00e1ria\",\"destaque\",\"Fam\u00edlia carbonizada em Janu\u00e1ria\",\"Fam\u00edlia queimada em Janu\u00e1ria\",\"Isabel Pereira da Silva\",\"Janu\u00e1ria\",\"Quatro pessoas da mesma fam\u00edlia morrem carbonizadas dentro de casa em Janu\u00e1ria\",\"Trag\u00e9dia em fam\u00edlia de Janu\u00e1ria\",\"Trag\u00e9dia em Janu\u00e1ria\"],\"articleSection\":[\"Norte de Minas\"],\"inLanguage\":\"pt-BR\",\"potentialAction\":[{\"@type\":\"CommentAction\",\"name\":\"Comment\",\"target\":[\"https:\\\/\\\/aconteceunovale.com.br\\\/portal\\\/?p=128949#respond\"]}]},{\"@type\":\"WebPage\",\"@id\":\"https:\\\/\\\/aconteceunovale.com.br\\\/portal\\\/?p=128949\",\"url\":\"https:\\\/\\\/aconteceunovale.com.br\\\/portal\\\/?p=128949\",\"name\":\"Quatro pessoas da mesma fam\u00edlia morrem carbonizadas dentro de casa em Janu\u00e1ria - Aconteceu no Vale\",\"isPartOf\":{\"@id\":\"https:\\\/\\\/aconteceunovale.com.br\\\/portal\\\/#website\"},\"primaryImageOfPage\":{\"@id\":\"https:\\\/\\\/aconteceunovale.com.br\\\/portal\\\/?p=128949#primaryimage\"},\"image\":{\"@id\":\"https:\\\/\\\/aconteceunovale.com.br\\\/portal\\\/?p=128949#primaryimage\"},\"thumbnailUrl\":\"https:\\\/\\\/aconteceunovale.com.br\\\/portal\\\/wp-content\\\/uploads\\\/2018\\\/03\\\/incendio_janauba.jpg\",\"datePublished\":\"2018-03-03T01:53:55+00:00\",\"author\":{\"@id\":\"https:\\\/\\\/aconteceunovale.com.br\\\/portal\\\/#\\\/schema\\\/person\\\/633529146f2c94272bef50ac2953d589\"},\"breadcrumb\":{\"@id\":\"https:\\\/\\\/aconteceunovale.com.br\\\/portal\\\/?p=128949#breadcrumb\"},\"inLanguage\":\"pt-BR\",\"potentialAction\":[{\"@type\":\"ReadAction\",\"target\":[\"https:\\\/\\\/aconteceunovale.com.br\\\/portal\\\/?p=128949\"]}]},{\"@type\":\"ImageObject\",\"inLanguage\":\"pt-BR\",\"@id\":\"https:\\\/\\\/aconteceunovale.com.br\\\/portal\\\/?p=128949#primaryimage\",\"url\":\"https:\\\/\\\/aconteceunovale.com.br\\\/portal\\\/wp-content\\\/uploads\\\/2018\\\/03\\\/incendio_janauba.jpg\",\"contentUrl\":\"https:\\\/\\\/aconteceunovale.com.br\\\/portal\\\/wp-content\\\/uploads\\\/2018\\\/03\\\/incendio_janauba.jpg\",\"width\":678,\"height\":381},{\"@type\":\"BreadcrumbList\",\"@id\":\"https:\\\/\\\/aconteceunovale.com.br\\\/portal\\\/?p=128949#breadcrumb\",\"itemListElement\":[{\"@type\":\"ListItem\",\"position\":1,\"name\":\"In\u00edcio\",\"item\":\"https:\\\/\\\/aconteceunovale.com.br\\\/portal\\\/\"},{\"@type\":\"ListItem\",\"position\":2,\"name\":\"Quatro pessoas da mesma fam\u00edlia morrem carbonizadas dentro de casa em Janu\u00e1ria\"}]},{\"@type\":\"WebSite\",\"@id\":\"https:\\\/\\\/aconteceunovale.com.br\\\/portal\\\/#website\",\"url\":\"https:\\\/\\\/aconteceunovale.com.br\\\/portal\\\/\",\"name\":\"Aconteceu no Vale\",\"description\":\"Portal de Not\u00edcias\",\"potentialAction\":[{\"@type\":\"SearchAction\",\"target\":{\"@type\":\"EntryPoint\",\"urlTemplate\":\"https:\\\/\\\/aconteceunovale.com.br\\\/portal\\\/?s={search_term_string}\"},\"query-input\":{\"@type\":\"PropertyValueSpecification\",\"valueRequired\":true,\"valueName\":\"search_term_string\"}}],\"inLanguage\":\"pt-BR\"},{\"@type\":\"Person\",\"@id\":\"https:\\\/\\\/aconteceunovale.com.br\\\/portal\\\/#\\\/schema\\\/person\\\/633529146f2c94272bef50ac2953d589\",\"name\":\"Aconteceu no Vale\",\"description\":\"Equipe de reportagem do Aconteceu no Vale, portal de not\u00edcias do Vale do Jequitinhonha, em Minas Gerais. Cobrimos as 51 cidades do Vale desde 2013. Sugest\u00f5es de pauta e pedidos de corre\u00e7\u00e3o: contato@aconteceunovale.com.br\",\"sameAs\":[\"http:\\\/\\\/www.aconteceunovale.com.br\"],\"url\":\"https:\\\/\\\/aconteceunovale.com.br\\\/portal\\\/?author=1\"}]}<\/script>\n<!-- \/ Yoast SEO plugin. -->","yoast_head_json":{"title":"Quatro pessoas da mesma fam\u00edlia morrem carbonizadas dentro de casa em Janu\u00e1ria - Aconteceu no Vale","robots":{"index":"index","follow":"follow","max-snippet":"max-snippet:-1","max-image-preview":"max-image-preview:large","max-video-preview":"max-video-preview:-1"},"canonical":"https:\/\/aconteceunovale.com.br\/portal\/?p=128949","og_locale":"pt_BR","og_type":"article","og_title":"Quatro pessoas da mesma fam\u00edlia morrem carbonizadas dentro de casa em Janu\u00e1ria - Aconteceu no Vale","og_description":"Quatro pessoas de uma fam\u00edlia morreram carbonizadas dentro de casa, na manh\u00e3 desta sexta-feira (02\/03\/2018), em Janu\u00e1ria (MG). De acordo com informa\u00e7\u00f5es da Pol\u00edcia Militar, um homem ateou fogo na esposa, em duas filhas e depois nele mesmo. Os bombeiros encontraram os corpos de Isabel Pereira da Silva, de 38 anos, Adailso Louren\u00e7o de Ara\u00fajo, [&hellip;]","og_url":"https:\/\/aconteceunovale.com.br\/portal\/?p=128949","og_site_name":"Aconteceu no Vale","article_publisher":"https:\/\/www.facebook.com\/aconteceunovale\/","article_published_time":"2018-03-03T01:53:55+00:00","og_image":[{"width":678,"height":381,"url":"https:\/\/aconteceunovale.com.br\/portal\/wp-content\/uploads\/2018\/03\/incendio_janauba.jpg","type":"image\/jpeg"}],"author":"Aconteceu no Vale","twitter_card":"summary_large_image","twitter_creator":"@noticiadosvales","twitter_site":"@noticiadosvales","twitter_misc":{"Escrito por":"Aconteceu no Vale","Est. tempo de leitura":"2 minutos"},"schema":{"@context":"https:\/\/schema.org","@graph":[{"@type":"Article","@id":"https:\/\/aconteceunovale.com.br\/portal\/?p=128949#article","isPartOf":{"@id":"https:\/\/aconteceunovale.com.br\/portal\/?p=128949"},"author":{"name":"Aconteceu no Vale","@id":"https:\/\/aconteceunovale.com.br\/portal\/#\/schema\/person\/633529146f2c94272bef50ac2953d589"},"headline":"Quatro pessoas da mesma fam\u00edlia morrem carbonizadas dentro de casa em Janu\u00e1ria","datePublished":"2018-03-03T01:53:55+00:00","mainEntityOfPage":{"@id":"https:\/\/aconteceunovale.com.br\/portal\/?p=128949"},"wordCount":459,"commentCount":0,"image":{"@id":"https:\/\/aconteceunovale.com.br\/portal\/?p=128949#primaryimage"},"thumbnailUrl":"https:\/\/aconteceunovale.com.br\/portal\/wp-content\/uploads\/2018\/03\/incendio_janauba.jpg","keywords":["Adailso Louren\u00e7o de Ara\u00fajo","Carbonizados em Janu\u00e1ria","Corpo de Bombeiros de Janu\u00e1ria","destaque","Fam\u00edlia carbonizada em Janu\u00e1ria","Fam\u00edlia queimada em Janu\u00e1ria","Isabel Pereira da Silva","Janu\u00e1ria","Quatro pessoas da mesma fam\u00edlia morrem carbonizadas dentro de casa em Janu\u00e1ria","Trag\u00e9dia em fam\u00edlia de Janu\u00e1ria","Trag\u00e9dia em Janu\u00e1ria"],"articleSection":["Norte de Minas"],"inLanguage":"pt-BR","potentialAction":[{"@type":"CommentAction","name":"Comment","target":["https:\/\/aconteceunovale.com.br\/portal\/?p=128949#respond"]}]},{"@type":"WebPage","@id":"https:\/\/aconteceunovale.com.br\/portal\/?p=128949","url":"https:\/\/aconteceunovale.com.br\/portal\/?p=128949","name":"Quatro pessoas da mesma fam\u00edlia morrem carbonizadas dentro de casa em Janu\u00e1ria - Aconteceu no Vale","isPartOf":{"@id":"https:\/\/aconteceunovale.com.br\/portal\/#website"},"primaryImageOfPage":{"@id":"https:\/\/aconteceunovale.com.br\/portal\/?p=128949#primaryimage"},"image":{"@id":"https:\/\/aconteceunovale.com.br\/portal\/?p=128949#primaryimage"},"thumbnailUrl":"https:\/\/aconteceunovale.com.br\/portal\/wp-content\/uploads\/2018\/03\/incendio_janauba.jpg","datePublished":"2018-03-03T01:53:55+00:00","author":{"@id":"https:\/\/aconteceunovale.com.br\/portal\/#\/schema\/person\/633529146f2c94272bef50ac2953d589"},"breadcrumb":{"@id":"https:\/\/aconteceunovale.com.br\/portal\/?p=128949#breadcrumb"},"inLanguage":"pt-BR","potentialAction":[{"@type":"ReadAction","target":["https:\/\/aconteceunovale.com.br\/portal\/?p=128949"]}]},{"@type":"ImageObject","inLanguage":"pt-BR","@id":"https:\/\/aconteceunovale.com.br\/portal\/?p=128949#primaryimage","url":"https:\/\/aconteceunovale.com.br\/portal\/wp-content\/uploads\/2018\/03\/incendio_janauba.jpg","contentUrl":"https:\/\/aconteceunovale.com.br\/portal\/wp-content\/uploads\/2018\/03\/incendio_janauba.jpg","width":678,"height":381},{"@type":"BreadcrumbList","@id":"https:\/\/aconteceunovale.com.br\/portal\/?p=128949#breadcrumb","itemListElement":[{"@type":"ListItem","position":1,"name":"In\u00edcio","item":"https:\/\/aconteceunovale.com.br\/portal\/"},{"@type":"ListItem","position":2,"name":"Quatro pessoas da mesma fam\u00edlia morrem carbonizadas dentro de casa em Janu\u00e1ria"}]},{"@type":"WebSite","@id":"https:\/\/aconteceunovale.com.br\/portal\/#website","url":"https:\/\/aconteceunovale.com.br\/portal\/","name":"Aconteceu no Vale","description":"Portal de Not\u00edcias","potentialAction":[{"@type":"SearchAction","target":{"@type":"EntryPoint","urlTemplate":"https:\/\/aconteceunovale.com.br\/portal\/?s={search_term_string}"},"query-input":{"@type":"PropertyValueSpecification","valueRequired":true,"valueName":"search_term_string"}}],"inLanguage":"pt-BR"},{"@type":"Person","@id":"https:\/\/aconteceunovale.com.br\/portal\/#\/schema\/person\/633529146f2c94272bef50ac2953d589","name":"Aconteceu no Vale","description":"Equipe de reportagem do Aconteceu no Vale, portal de not\u00edcias do Vale do Jequitinhonha, em Minas Gerais. Cobrimos as 51 cidades do Vale desde 2013. Sugest\u00f5es de pauta e pedidos de corre\u00e7\u00e3o: contato@aconteceunovale.com.br","sameAs":["http:\/\/www.aconteceunovale.com.br"],"url":"https:\/\/aconteceunovale.com.br\/portal\/?author=1"}]}},"_links":{"self":[{"href":"https:\/\/aconteceunovale.com.br\/portal\/index.php?rest_route=\/wp\/v2\/posts\/128949","targetHints":{"allow":["GET"]}}],"collection":[{"href":"https:\/\/aconteceunovale.com.br\/portal\/index.php?rest_route=\/wp\/v2\/posts"}],"about":[{"href":"https:\/\/aconteceunovale.com.br\/portal\/index.php?rest_route=\/wp\/v2\/types\/post"}],"author":[{"embeddable":true,"href":"https:\/\/aconteceunovale.com.br\/portal\/index.php?rest_route=\/wp\/v2\/users\/1"}],"replies":[{"embeddable":true,"href":"https:\/\/aconteceunovale.com.br\/portal\/index.php?rest_route=%2Fwp%2Fv2%2Fcomments&post=128949"}],"version-history":[{"count":0,"href":"https:\/\/aconteceunovale.com.br\/portal\/index.php?rest_route=\/wp\/v2\/posts\/128949\/revisions"}],"wp:featuredmedia":[{"embeddable":true,"href":"https:\/\/aconteceunovale.com.br\/portal\/index.php?rest_route=\/wp\/v2\/media\/128950"}],"wp:attachment":[{"href":"https:\/\/aconteceunovale.com.br\/portal\/index.php?rest_route=%2Fwp%2Fv2%2Fmedia&parent=128949"}],"wp:term":[{"taxonomy":"category","embeddable":true,"href":"https:\/\/aconteceunovale.com.br\/portal\/index.php?rest_route=%2Fwp%2Fv2%2Fcategories&post=128949"},{"taxonomy":"post_tag","embeddable":true,"href":"https:\/\/aconteceunovale.com.br\/portal\/index.php?rest_route=%2Fwp%2Fv2%2Ftags&post=128949"}],"curies":[{"name":"wp","href":"https:\/\/api.w.org\/{rel}","templated":true}]}}