{"id":128944,"date":"2018-03-02T22:58:21","date_gmt":"2018-03-03T00:58:21","guid":{"rendered":"http:\/\/aconteceunovale.com.br\/portal\/?p=128944"},"modified":"2018-03-02T22:58:21","modified_gmt":"2018-03-03T00:58:21","slug":"decreto-do-governo-federal-regulamenta-acessibilidade-em-hoteis-e-pousadas","status":"publish","type":"post","link":"https:\/\/aconteceunovale.com.br\/portal\/?p=128944","title":{"rendered":"Decreto do governo federal regulamenta acessibilidade em hot\u00e9is e pousadas"},"content":{"rendered":"<p>O governo federal regulamentou, por meio de decreto presidencial, o artigo da lei do Estatuto da Pessoa com Defici\u00eancia que estabelece que todas as depend\u00eancias destinadas aos h\u00f3spedes de hot\u00e9is, pousadas e semelhantes estabelecimentos comerciais (pens\u00f5es, hostels etc) devem garantir a acessibilidade a todas as pessoas.<\/p>\n<p>Publicado no Di\u00e1rio Oficial da Uni\u00e3o desta sexta-feira (2), o decreto presidencial estabelece que todas as \u00e1reas de livre acesso aos h\u00f3spedes, como garagens, estacionamentos, cal\u00e7adas, recep\u00e7\u00e3o, escadas, rampas, elevadores, restaurantes e \u00e1reas de circula\u00e7\u00e3o devem respeitar as normas de acessibilidade em edifica\u00e7\u00f5es de uso coletivo, discriminadas no\u00a0<a href=\"http:\/\/www.planalto.gov.br\/ccivil_03\/_ato2004-2006\/2004\/decreto\/d5296.htm\">Decreto n\u00ba 5.296,<\/a>\u00a0de 2004, e nas normas t\u00e9cnicas da Associa\u00e7\u00e3o Brasileira de Normas T\u00e9cnicas (Abnt).<\/p>\n<p>A regra se aplica tamb\u00e9m \u00e0s \u00e1reas de lazer, salas de gin\u00e1stica, salas de conven\u00e7\u00f5es, spa, piscinas, saunas, sal\u00f5es de cabeleireiro, lojas e a qualquer espa\u00e7o destinado \u00e0 loca\u00e7\u00e3o localizado no complexo hoteleiro. A medida visa a garantir que os estabelecimentos estejam aptos a hospedar o maior n\u00famero de pessoas poss\u00edvel, garantindo que todas possam desfrutar das comodidades e servi\u00e7os oferecidos, independentemente de suas condi\u00e7\u00f5es f\u00edsica, sensorial, intelectual ou mental.<\/p>\n<p>Os estabelecimentos constru\u00eddos at\u00e9 29 de junho de 2004 ter\u00e3o at\u00e9 quatro anos, contados a partir de hoje (2), para se adaptar \u00e0s novas regras. Dever\u00e3o disponibilizar, no m\u00ednimo, 10% de dormit\u00f3rios acess\u00edveis, sendo 5% deles adaptados conforme as caracter\u00edsticas construtivas e os recursos estabelecidos no decreto. Outros 5% dever\u00e3o contar com recursos m\u00ednimos de acessibilidade previstos na norma, como chuveiro com barra deslizante, v\u00e3os de passagem livres, barra de apoio no box do banheiro e outros itens. Nos outros 90% dos quartos, sempre que solicitado pelos h\u00f3spedes, os estabelecimentos dever\u00e3o garantir a oferta de ajuda t\u00e9cnica ou dos recursos de acessibilidade previstos no decreto.<\/p>\n<p>Os empreendimentos constru\u00eddos, ampliados, reformados ou com projeto arquitet\u00f4nico protocolado nos \u00f3rg\u00e3os competentes entre 30 de junho de 2004 e 2 de janeiro de 2018, devem observar os mesmos percentuais e normas j\u00e1 a partir de hoje (2).<\/p>\n<p>J\u00e1 os novos estabelecimentos dever\u00e3o oferecer, no m\u00ednimo, 5% dos dormit\u00f3rios ou ao menos um deles com caracter\u00edsticas construtivas de acessibilidade. E ajudas t\u00e9cnicas e equipamentos para 95% dos demais dormit\u00f3rios. As depend\u00eancias adaptadas n\u00e3o poder\u00e3o estar isoladas das demais, devendo estar distribu\u00eddas por todos os n\u00edveis de servi\u00e7os e localizados em rota acess\u00edvel.<\/p>\n<p>Em todos os casos, o h\u00f3spede que necessitar de ajuda ou recurso extra dever\u00e1 solicit\u00e1-lo no momento da reserva. Os estabelecimentos ter\u00e3o um prazo de 24 horas para atender ao pedido. Caso a solicita\u00e7\u00e3o n\u00e3o seja feita durante a reserva, o prazo para o atendimento come\u00e7ar\u00e1 a valer a partir do momento da formaliza\u00e7\u00e3o do pedido no estabelecimento. Est\u00e3o inclusos nos recursos de acessibilidade itens como cadeira de rodas, cadeiras adaptadas para o banho; materiais de higiene identificados em braile e com embalagens em formatos diferentes, card\u00e1pios em braile, rel\u00f3gios despertadores com alarme vibrat\u00f3rio, entre outros itens.<\/p>\n<p><img decoding=\"async\" src=\"http:\/\/aconteceunovale.com.br\/portal\/wp-content\/uploads\/2018\/03\/secretario_pellegrini.jpg\" alt=\"\" \/><em>O Secret\u00e1rio Nacional dos Direitos da Pessoa com Defici\u00eancia do Minist\u00e9rio dos Direitos Humanos, Marco Pellegrini, durante entrevista exclusiva (Foto: Antonio Cruz\/Ag\u00eancia Brasil)<\/em><br \/>\n<\/br><\/p>\n<h4>Secret\u00e1rio<\/h4>\n<p>Segundo o secret\u00e1rio nacional dos Direitos da Pessoa com Defici\u00eancia, Marco Pellegrini, a exig\u00eancia do h\u00f3spede solicitar a ajuda ou recursos especiais com anteced\u00eancia permitir\u00e1 que os hot\u00e9is de uma determinada regi\u00e3o possam compartilhar dos recursos. \u201cN\u00e3o necessariamente o estabelecimento tem que ter todos estes equipamentos exigidos\u201d, disse Pellegrini, explicando que o Minist\u00e9rio dos Direitos Humanos estuda formas de garantir a divulga\u00e7\u00e3o dos direitos dos h\u00f3spedes.<\/p>\n<p>Segundo o \u00faltimo censo populacional, em 2010 havia cerca de 45 milh\u00f5es de brasileiros com alguma necessidade especial. Para o secret\u00e1rio, a adapta\u00e7\u00e3o pode beneficiar n\u00e3o apenas essas pessoas, mas os pr\u00f3prios estabelecimentos comercias.<\/p>\n<p>\u201cOs estabelecimentos j\u00e1 deveriam atender \u00e0 legisla\u00e7\u00e3o, mas, na pr\u00e1tica, h\u00e1 aqueles que descumprem as normas, aqueles que fazem adapta\u00e7\u00f5es equivocadas e outros que perceberam que este pode ser um nicho de mercado e adaptaram todas suas depend\u00eancias. Nesses, \u00e9 at\u00e9 dif\u00edcil conseguir reservas. Porque n\u00e3o estamos falando apenas da pessoa com defici\u00eancia, mas de idosos com algumas dificuldades; de pessoas obesas ou com restri\u00e7\u00f5es provis\u00f3rias. Essas adapta\u00e7\u00f5es facilitam a vida de todo o mundo, ampliando a utiliza\u00e7\u00e3o do hotel\u201d, disse Pellegrini.<\/p>\n<p>Para o presidente da Associa\u00e7\u00e3o Brasileira da Ind\u00fastria de Hoteis (ABIH), Manoel Cardoso Linhares, embora regulamente o que o Estatuto da Pessoa com Defici\u00eancia j\u00e1 prescreve, o decreto presidencial n\u00e3o prescinde dos poderes regulat\u00f3rios dos estados e munic\u00edpios. \u201cNa pr\u00e1tica, s\u00e3o eles que t\u00eam o poder regulat\u00f3rio e muitos t\u00eam regras espec\u00edficas de acessibilidade. Partindo da\u00ed, temos condi\u00e7\u00f5es de aperfei\u00e7oar a quest\u00e3o da adaptabilidade, j\u00e1 que a m\u00e9dia mundial \u00e9 de 2% de quartos adaptados totalmente\u201d, disse Linhares.<\/p>\n<p><strong>VER PRIMEIRO<\/strong><\/p>\n<p>Receba as not\u00edcias do Aconteceu no Vale em primeira m\u00e3o. Clique em curtir no endere\u00e7o <a href=\"https:\/\/www.facebook.com\/aconteceunovale\" target=\"_blank\"><font color=\"red\">www.facebook.com\/aconteceunovale<\/font><\/a> ou no box abaixo:<\/p>\n<div class=\"fb-like\" data-href=\"https:\/\/www.facebook.com\/aconteceunovale\" data-width=\"120\" data-layout=\"standard\" data-action=\"like\" data-size=\"small\" data-show-faces=\"true\" data-share=\"true\"><\/div>\n<p><\/br><\/p>\n<p><em>(Fonte: Ag\u00eancia Brasil)<\/em><\/p>\n","protected":false},"excerpt":{"rendered":"<p>O governo federal regulamentou, por meio de decreto presidencial, o artigo da lei do Estatuto da Pessoa com Defici\u00eancia que estabelece que todas as depend\u00eancias destinadas aos h\u00f3spedes de hot\u00e9is, pousadas e semelhantes estabelecimentos comerciais (pens\u00f5es, hostels etc) devem garantir a acessibilidade a todas as pessoas. Publicado no Di\u00e1rio Oficial da Uni\u00e3o desta sexta-feira (2), [&hellip;]<\/p>\n","protected":false},"author":1,"featured_media":128945,"comment_status":"open","ping_status":"closed","sticky":false,"template":"","format":"standard","meta":{"amp_status":"","footnotes":""},"categories":[6],"tags":[86650,71538,169957,169952,169956,1828,50941,169954,169953,169955],"class_list":["post-128944","post","type-post","status-publish","format-standard","has-post-thumbnail","hentry","category-br","tag-acessibilidade","tag-decreto","tag-decreto-do-governo-federal-regulamenta-acessibilidade-em-hoteis-e-pousadas","tag-decreto-regulamenta-acessibilidade-em-hoteis-e-pousadas","tag-direitos-da-pessoa-com-deficiencia","tag-direitos-humanos","tag-estatuto-da-pessoa-com-deficiencia","tag-marco-pellegrini","tag-secretario-nacional-dos-direitos-da-pessoa-com-deficiencia-do-ministerio-dos-direitos-humanos","tag-sndpdmdh"],"yoast_head":"<!-- This site is optimized with the Yoast SEO plugin v28.3 - https:\/\/yoast.com\/product\/yoast-seo-wordpress\/ -->\n<title>Decreto do governo federal regulamenta acessibilidade em hot\u00e9is e pousadas - Aconteceu no Vale<\/title>\n<meta name=\"robots\" content=\"index, follow, max-snippet:-1, max-image-preview:large, max-video-preview:-1\" \/>\n<link rel=\"canonical\" href=\"https:\/\/aconteceunovale.com.br\/portal\/?p=128944\" \/>\n<meta property=\"og:locale\" content=\"pt_BR\" \/>\n<meta property=\"og:type\" content=\"article\" \/>\n<meta property=\"og:title\" content=\"Decreto do governo federal regulamenta acessibilidade em hot\u00e9is e pousadas - Aconteceu no Vale\" \/>\n<meta property=\"og:description\" content=\"O governo federal regulamentou, por meio de decreto presidencial, o artigo da lei do Estatuto da Pessoa com Defici\u00eancia que estabelece que todas as depend\u00eancias destinadas aos h\u00f3spedes de hot\u00e9is, pousadas e semelhantes estabelecimentos comerciais (pens\u00f5es, hostels etc) devem garantir a acessibilidade a todas as pessoas. Publicado no Di\u00e1rio Oficial da Uni\u00e3o desta sexta-feira (2), [&hellip;]\" \/>\n<meta property=\"og:url\" content=\"https:\/\/aconteceunovale.com.br\/portal\/?p=128944\" \/>\n<meta property=\"og:site_name\" content=\"Aconteceu no Vale\" \/>\n<meta property=\"article:publisher\" content=\"https:\/\/www.facebook.com\/aconteceunovale\/\" \/>\n<meta property=\"article:published_time\" content=\"2018-03-03T00:58:21+00:00\" \/>\n<meta property=\"og:image\" content=\"https:\/\/aconteceunovale.com.br\/portal\/wp-content\/uploads\/2018\/03\/secretario_pellegrini.jpg\" \/>\n\t<meta property=\"og:image:width\" content=\"675\" \/>\n\t<meta property=\"og:image:height\" content=\"450\" \/>\n\t<meta property=\"og:image:type\" content=\"image\/jpeg\" \/>\n<meta name=\"author\" content=\"Aconteceu no Vale\" \/>\n<meta name=\"twitter:card\" content=\"summary_large_image\" \/>\n<meta name=\"twitter:creator\" content=\"@noticiadosvales\" \/>\n<meta name=\"twitter:site\" content=\"@noticiadosvales\" \/>\n<meta name=\"twitter:label1\" content=\"Escrito por\" \/>\n\t<meta name=\"twitter:data1\" content=\"Aconteceu no Vale\" \/>\n\t<meta name=\"twitter:label2\" content=\"Est. tempo de leitura\" \/>\n\t<meta name=\"twitter:data2\" content=\"4 minutos\" \/>\n<script type=\"application\/ld+json\" class=\"yoast-schema-graph\">{\"@context\":\"https:\\\/\\\/schema.org\",\"@graph\":[{\"@type\":\"Article\",\"@id\":\"https:\\\/\\\/aconteceunovale.com.br\\\/portal\\\/?p=128944#article\",\"isPartOf\":{\"@id\":\"https:\\\/\\\/aconteceunovale.com.br\\\/portal\\\/?p=128944\"},\"author\":{\"name\":\"Aconteceu no Vale\",\"@id\":\"https:\\\/\\\/aconteceunovale.com.br\\\/portal\\\/#\\\/schema\\\/person\\\/633529146f2c94272bef50ac2953d589\"},\"headline\":\"Decreto do governo federal regulamenta acessibilidade em hot\u00e9is e pousadas\",\"datePublished\":\"2018-03-03T00:58:21+00:00\",\"mainEntityOfPage\":{\"@id\":\"https:\\\/\\\/aconteceunovale.com.br\\\/portal\\\/?p=128944\"},\"wordCount\":891,\"commentCount\":0,\"image\":{\"@id\":\"https:\\\/\\\/aconteceunovale.com.br\\\/portal\\\/?p=128944#primaryimage\"},\"thumbnailUrl\":\"https:\\\/\\\/aconteceunovale.com.br\\\/portal\\\/wp-content\\\/uploads\\\/2018\\\/03\\\/secretario_pellegrini.jpg\",\"keywords\":[\"acessibilidade\",\"decreto\",\"Decreto do governo federal regulamenta acessibilidade em hot\u00e9is e pousadas\",\"Decreto regulamenta acessibilidade em hot\u00e9is e pousadas\",\"Direitos da Pessoa com Defici\u00eancia\",\"Direitos Humanos\",\"Estatuto da Pessoa com Defici\u00eancia\",\"Marco Pellegrini\",\"Secret\u00e1rio Nacional dos Direitos da Pessoa com Defici\u00eancia do Minist\u00e9rio dos Direitos Humanos\",\"SNDPD\\\/MDH\"],\"articleSection\":[\"Brasil\"],\"inLanguage\":\"pt-BR\",\"potentialAction\":[{\"@type\":\"CommentAction\",\"name\":\"Comment\",\"target\":[\"https:\\\/\\\/aconteceunovale.com.br\\\/portal\\\/?p=128944#respond\"]}]},{\"@type\":\"WebPage\",\"@id\":\"https:\\\/\\\/aconteceunovale.com.br\\\/portal\\\/?p=128944\",\"url\":\"https:\\\/\\\/aconteceunovale.com.br\\\/portal\\\/?p=128944\",\"name\":\"Decreto do governo federal regulamenta acessibilidade em hot\u00e9is e pousadas - Aconteceu no Vale\",\"isPartOf\":{\"@id\":\"https:\\\/\\\/aconteceunovale.com.br\\\/portal\\\/#website\"},\"primaryImageOfPage\":{\"@id\":\"https:\\\/\\\/aconteceunovale.com.br\\\/portal\\\/?p=128944#primaryimage\"},\"image\":{\"@id\":\"https:\\\/\\\/aconteceunovale.com.br\\\/portal\\\/?p=128944#primaryimage\"},\"thumbnailUrl\":\"https:\\\/\\\/aconteceunovale.com.br\\\/portal\\\/wp-content\\\/uploads\\\/2018\\\/03\\\/secretario_pellegrini.jpg\",\"datePublished\":\"2018-03-03T00:58:21+00:00\",\"author\":{\"@id\":\"https:\\\/\\\/aconteceunovale.com.br\\\/portal\\\/#\\\/schema\\\/person\\\/633529146f2c94272bef50ac2953d589\"},\"breadcrumb\":{\"@id\":\"https:\\\/\\\/aconteceunovale.com.br\\\/portal\\\/?p=128944#breadcrumb\"},\"inLanguage\":\"pt-BR\",\"potentialAction\":[{\"@type\":\"ReadAction\",\"target\":[\"https:\\\/\\\/aconteceunovale.com.br\\\/portal\\\/?p=128944\"]}]},{\"@type\":\"ImageObject\",\"inLanguage\":\"pt-BR\",\"@id\":\"https:\\\/\\\/aconteceunovale.com.br\\\/portal\\\/?p=128944#primaryimage\",\"url\":\"https:\\\/\\\/aconteceunovale.com.br\\\/portal\\\/wp-content\\\/uploads\\\/2018\\\/03\\\/secretario_pellegrini.jpg\",\"contentUrl\":\"https:\\\/\\\/aconteceunovale.com.br\\\/portal\\\/wp-content\\\/uploads\\\/2018\\\/03\\\/secretario_pellegrini.jpg\",\"width\":675,\"height\":450},{\"@type\":\"BreadcrumbList\",\"@id\":\"https:\\\/\\\/aconteceunovale.com.br\\\/portal\\\/?p=128944#breadcrumb\",\"itemListElement\":[{\"@type\":\"ListItem\",\"position\":1,\"name\":\"In\u00edcio\",\"item\":\"https:\\\/\\\/aconteceunovale.com.br\\\/portal\\\/\"},{\"@type\":\"ListItem\",\"position\":2,\"name\":\"Decreto do governo federal regulamenta acessibilidade em hot\u00e9is e pousadas\"}]},{\"@type\":\"WebSite\",\"@id\":\"https:\\\/\\\/aconteceunovale.com.br\\\/portal\\\/#website\",\"url\":\"https:\\\/\\\/aconteceunovale.com.br\\\/portal\\\/\",\"name\":\"Aconteceu no Vale\",\"description\":\"Portal de Not\u00edcias\",\"potentialAction\":[{\"@type\":\"SearchAction\",\"target\":{\"@type\":\"EntryPoint\",\"urlTemplate\":\"https:\\\/\\\/aconteceunovale.com.br\\\/portal\\\/?s={search_term_string}\"},\"query-input\":{\"@type\":\"PropertyValueSpecification\",\"valueRequired\":true,\"valueName\":\"search_term_string\"}}],\"inLanguage\":\"pt-BR\"},{\"@type\":\"Person\",\"@id\":\"https:\\\/\\\/aconteceunovale.com.br\\\/portal\\\/#\\\/schema\\\/person\\\/633529146f2c94272bef50ac2953d589\",\"name\":\"Aconteceu no Vale\",\"description\":\"Equipe de reportagem do Aconteceu no Vale, portal de not\u00edcias do Vale do Jequitinhonha, em Minas Gerais. Cobrimos as 51 cidades do Vale desde 2013. Sugest\u00f5es de pauta e pedidos de corre\u00e7\u00e3o: contato@aconteceunovale.com.br\",\"sameAs\":[\"http:\\\/\\\/www.aconteceunovale.com.br\"],\"url\":\"https:\\\/\\\/aconteceunovale.com.br\\\/portal\\\/?author=1\"}]}<\/script>\n<!-- \/ Yoast SEO plugin. -->","yoast_head_json":{"title":"Decreto do governo federal regulamenta acessibilidade em hot\u00e9is e pousadas - Aconteceu no Vale","robots":{"index":"index","follow":"follow","max-snippet":"max-snippet:-1","max-image-preview":"max-image-preview:large","max-video-preview":"max-video-preview:-1"},"canonical":"https:\/\/aconteceunovale.com.br\/portal\/?p=128944","og_locale":"pt_BR","og_type":"article","og_title":"Decreto do governo federal regulamenta acessibilidade em hot\u00e9is e pousadas - Aconteceu no Vale","og_description":"O governo federal regulamentou, por meio de decreto presidencial, o artigo da lei do Estatuto da Pessoa com Defici\u00eancia que estabelece que todas as depend\u00eancias destinadas aos h\u00f3spedes de hot\u00e9is, pousadas e semelhantes estabelecimentos comerciais (pens\u00f5es, hostels etc) devem garantir a acessibilidade a todas as pessoas. Publicado no Di\u00e1rio Oficial da Uni\u00e3o desta sexta-feira (2), [&hellip;]","og_url":"https:\/\/aconteceunovale.com.br\/portal\/?p=128944","og_site_name":"Aconteceu no Vale","article_publisher":"https:\/\/www.facebook.com\/aconteceunovale\/","article_published_time":"2018-03-03T00:58:21+00:00","og_image":[{"width":675,"height":450,"url":"https:\/\/aconteceunovale.com.br\/portal\/wp-content\/uploads\/2018\/03\/secretario_pellegrini.jpg","type":"image\/jpeg"}],"author":"Aconteceu no Vale","twitter_card":"summary_large_image","twitter_creator":"@noticiadosvales","twitter_site":"@noticiadosvales","twitter_misc":{"Escrito por":"Aconteceu no Vale","Est. tempo de leitura":"4 minutos"},"schema":{"@context":"https:\/\/schema.org","@graph":[{"@type":"Article","@id":"https:\/\/aconteceunovale.com.br\/portal\/?p=128944#article","isPartOf":{"@id":"https:\/\/aconteceunovale.com.br\/portal\/?p=128944"},"author":{"name":"Aconteceu no Vale","@id":"https:\/\/aconteceunovale.com.br\/portal\/#\/schema\/person\/633529146f2c94272bef50ac2953d589"},"headline":"Decreto do governo federal regulamenta acessibilidade em hot\u00e9is e pousadas","datePublished":"2018-03-03T00:58:21+00:00","mainEntityOfPage":{"@id":"https:\/\/aconteceunovale.com.br\/portal\/?p=128944"},"wordCount":891,"commentCount":0,"image":{"@id":"https:\/\/aconteceunovale.com.br\/portal\/?p=128944#primaryimage"},"thumbnailUrl":"https:\/\/aconteceunovale.com.br\/portal\/wp-content\/uploads\/2018\/03\/secretario_pellegrini.jpg","keywords":["acessibilidade","decreto","Decreto do governo federal regulamenta acessibilidade em hot\u00e9is e pousadas","Decreto regulamenta acessibilidade em hot\u00e9is e pousadas","Direitos da Pessoa com Defici\u00eancia","Direitos Humanos","Estatuto da Pessoa com Defici\u00eancia","Marco Pellegrini","Secret\u00e1rio Nacional dos Direitos da Pessoa com Defici\u00eancia do Minist\u00e9rio dos Direitos Humanos","SNDPD\/MDH"],"articleSection":["Brasil"],"inLanguage":"pt-BR","potentialAction":[{"@type":"CommentAction","name":"Comment","target":["https:\/\/aconteceunovale.com.br\/portal\/?p=128944#respond"]}]},{"@type":"WebPage","@id":"https:\/\/aconteceunovale.com.br\/portal\/?p=128944","url":"https:\/\/aconteceunovale.com.br\/portal\/?p=128944","name":"Decreto do governo federal regulamenta acessibilidade em hot\u00e9is e pousadas - Aconteceu no Vale","isPartOf":{"@id":"https:\/\/aconteceunovale.com.br\/portal\/#website"},"primaryImageOfPage":{"@id":"https:\/\/aconteceunovale.com.br\/portal\/?p=128944#primaryimage"},"image":{"@id":"https:\/\/aconteceunovale.com.br\/portal\/?p=128944#primaryimage"},"thumbnailUrl":"https:\/\/aconteceunovale.com.br\/portal\/wp-content\/uploads\/2018\/03\/secretario_pellegrini.jpg","datePublished":"2018-03-03T00:58:21+00:00","author":{"@id":"https:\/\/aconteceunovale.com.br\/portal\/#\/schema\/person\/633529146f2c94272bef50ac2953d589"},"breadcrumb":{"@id":"https:\/\/aconteceunovale.com.br\/portal\/?p=128944#breadcrumb"},"inLanguage":"pt-BR","potentialAction":[{"@type":"ReadAction","target":["https:\/\/aconteceunovale.com.br\/portal\/?p=128944"]}]},{"@type":"ImageObject","inLanguage":"pt-BR","@id":"https:\/\/aconteceunovale.com.br\/portal\/?p=128944#primaryimage","url":"https:\/\/aconteceunovale.com.br\/portal\/wp-content\/uploads\/2018\/03\/secretario_pellegrini.jpg","contentUrl":"https:\/\/aconteceunovale.com.br\/portal\/wp-content\/uploads\/2018\/03\/secretario_pellegrini.jpg","width":675,"height":450},{"@type":"BreadcrumbList","@id":"https:\/\/aconteceunovale.com.br\/portal\/?p=128944#breadcrumb","itemListElement":[{"@type":"ListItem","position":1,"name":"In\u00edcio","item":"https:\/\/aconteceunovale.com.br\/portal\/"},{"@type":"ListItem","position":2,"name":"Decreto do governo federal regulamenta acessibilidade em hot\u00e9is e pousadas"}]},{"@type":"WebSite","@id":"https:\/\/aconteceunovale.com.br\/portal\/#website","url":"https:\/\/aconteceunovale.com.br\/portal\/","name":"Aconteceu no Vale","description":"Portal de Not\u00edcias","potentialAction":[{"@type":"SearchAction","target":{"@type":"EntryPoint","urlTemplate":"https:\/\/aconteceunovale.com.br\/portal\/?s={search_term_string}"},"query-input":{"@type":"PropertyValueSpecification","valueRequired":true,"valueName":"search_term_string"}}],"inLanguage":"pt-BR"},{"@type":"Person","@id":"https:\/\/aconteceunovale.com.br\/portal\/#\/schema\/person\/633529146f2c94272bef50ac2953d589","name":"Aconteceu no Vale","description":"Equipe de reportagem do Aconteceu no Vale, portal de not\u00edcias do Vale do Jequitinhonha, em Minas Gerais. Cobrimos as 51 cidades do Vale desde 2013. Sugest\u00f5es de pauta e pedidos de corre\u00e7\u00e3o: contato@aconteceunovale.com.br","sameAs":["http:\/\/www.aconteceunovale.com.br"],"url":"https:\/\/aconteceunovale.com.br\/portal\/?author=1"}]}},"_links":{"self":[{"href":"https:\/\/aconteceunovale.com.br\/portal\/index.php?rest_route=\/wp\/v2\/posts\/128944","targetHints":{"allow":["GET"]}}],"collection":[{"href":"https:\/\/aconteceunovale.com.br\/portal\/index.php?rest_route=\/wp\/v2\/posts"}],"about":[{"href":"https:\/\/aconteceunovale.com.br\/portal\/index.php?rest_route=\/wp\/v2\/types\/post"}],"author":[{"embeddable":true,"href":"https:\/\/aconteceunovale.com.br\/portal\/index.php?rest_route=\/wp\/v2\/users\/1"}],"replies":[{"embeddable":true,"href":"https:\/\/aconteceunovale.com.br\/portal\/index.php?rest_route=%2Fwp%2Fv2%2Fcomments&post=128944"}],"version-history":[{"count":0,"href":"https:\/\/aconteceunovale.com.br\/portal\/index.php?rest_route=\/wp\/v2\/posts\/128944\/revisions"}],"wp:featuredmedia":[{"embeddable":true,"href":"https:\/\/aconteceunovale.com.br\/portal\/index.php?rest_route=\/wp\/v2\/media\/128945"}],"wp:attachment":[{"href":"https:\/\/aconteceunovale.com.br\/portal\/index.php?rest_route=%2Fwp%2Fv2%2Fmedia&parent=128944"}],"wp:term":[{"taxonomy":"category","embeddable":true,"href":"https:\/\/aconteceunovale.com.br\/portal\/index.php?rest_route=%2Fwp%2Fv2%2Fcategories&post=128944"},{"taxonomy":"post_tag","embeddable":true,"href":"https:\/\/aconteceunovale.com.br\/portal\/index.php?rest_route=%2Fwp%2Fv2%2Ftags&post=128944"}],"curies":[{"name":"wp","href":"https:\/\/api.w.org\/{rel}","templated":true}]}}