{"id":128941,"date":"2018-03-02T20:40:28","date_gmt":"2018-03-02T22:40:28","guid":{"rendered":"http:\/\/aconteceunovale.com.br\/portal\/?p=128941"},"modified":"2018-03-02T20:40:28","modified_gmt":"2018-03-02T22:40:28","slug":"espinosa-recebe-incentivo-do-governo-de-minas-por-sua-forca-na-producao-de-vestuarios","status":"publish","type":"post","link":"https:\/\/aconteceunovale.com.br\/portal\/?p=128941","title":{"rendered":"Espinosa recebe incentivo do Governo de Minas por sua for\u00e7a na produ\u00e7\u00e3o de vestu\u00e1rios"},"content":{"rendered":"<p>O Governo de Minas Gerais, por meio da Secretaria de Estado Extraordin\u00e1ria de Desenvolvimento Integrado e F\u00f3runs Regionais (Seedif), segue impulsionando o desenvolvimento regional atrav\u00e9s de investimentos e reconhecimentos de Polos Produtivos.<\/p>\n<p>Em parceria com o Sebrae, a cidade de Espinosa, por meio da Secretaria Municipal de Desenvolvimento Econ\u00f4mico e Industrial, foi beneficiada pela a\u00e7\u00e3o de fortalecimento de marketing e publicidade voltada para os Arranjos Produtivos Locais (APLs), por sua for\u00e7a na produ\u00e7\u00e3o de vestu\u00e1rios.<\/p>\n<p>O conv\u00eanio vai permitir a valoriza\u00e7\u00e3o do polo produtivo atrav\u00e9s do marketing territorial coletivo, para fortalecimento do posicionamento de mercado da regi\u00e3o como polo mineiro de produ\u00e7\u00e3o em vestu\u00e1rio. H\u00e1, na regi\u00e3o, cerca de 1.800 pessoas ligadas \u00e0 produ\u00e7\u00e3o de vestu\u00e1rio.<\/p>\n<p>De acordo com o subsecret\u00e1rio da Seedif, Pedro Le\u00e3o, o reconhecimento de Espinosa como polo produtivo, atrav\u00e9s de sua inser\u00e7\u00e3o na pol\u00edtica para os Arranjos Produtivos Locais, contribuir\u00e1 com o desenvolvimento econ\u00f4mico e social da regi\u00e3o.<\/p>\n<p>\u201cO APL de Espinosa representar\u00e1 toda uma comunidade voltada para a produ\u00e7\u00e3o do vestu\u00e1rio que tem crescido mesmo diante a desacelera\u00e7\u00e3o econ\u00f4mica no Brasil. A institucionaliza\u00e7\u00e3o do APL insere a regi\u00e3o na agenda governamental aumentando a possibilidade de a\u00e7\u00f5es de apoio, o que ajuda fam\u00edlias, desenvolve a regi\u00e3o e gira a economia local\u201d, afirma.<\/p>\n<p>Para o secret\u00e1rio municipal de Desenvolvimento Econ\u00f4mico e Industrial, Gleisomar Oliveira, o APL coloca Espinosa em evid\u00eancia na \u00e1rea de fabrica\u00e7\u00e3o e comercializa\u00e7\u00e3o de vestu\u00e1rios.<\/p>\n<p>\u201cO reconhecimento da cidade como Arranjo Produtivo Local do Vestu\u00e1rio gera valor a regi\u00e3o, agrega empresas, sociedade civil, \u00f3rg\u00e3os do Governo e institui\u00e7\u00f5es parceiras, como setor importante para a economia local e regional, possibilitando a\u00e7\u00f5es de promo\u00e7\u00e3o e marketing em \u00e2mbito nacional\u201d, argumenta.<\/p>\n<p>Segundo o superintendente de Apoio ao Empreendedorismo e aos Arranjos Produtivos Locais, Gabriel Vieira Pereira, \u201ca composi\u00e7\u00e3o e atua\u00e7\u00e3o do Grupo Costurar, o apoio relevante do Sebrae e a exist\u00eancia da estrutura de capacita\u00e7\u00e3o e qualifica\u00e7\u00e3o, atrav\u00e9s da escola de aperfei\u00e7oamento t\u00e9cnico em costura, implicam grande diferencial institucional e competitivo para regi\u00e3o, de forma que o governo e o institutos de fomento devem prestar assessoramento e apoio cont\u00ednuo \u00e0 regi\u00e3o\u201d, observa.<\/p>\n<p>Em parceria com o Governo do Estado, a Prefeitura Municipal tamb\u00e9m est\u00e1 realizando obras de infraestrutura no Distrito Industrial, local para o qual ser\u00e3o doados 17 galp\u00f5es para que ind\u00fastrias de confec\u00e7\u00f5es e fac\u00e7\u00f5es possam instalar suas sedes.<\/p>\n<p><img decoding=\"async\" src=\"http:\/\/aconteceunovale.com.br\/portal\/wp-content\/uploads\/2018\/03\/vestuario_espinosa.jpg\" alt=\"\" \/><em>Em parceria com o Governo do Estado, a Prefeitura Municipal de Espinosa tamb\u00e9m est\u00e1 realizando obras de infraestrutura no Distrito Industrial (Foto: Divulga\u00e7\u00e3o\/Prefeitura de Espinosa)<\/em><br \/>\n<\/br><\/p>\n<p><strong>VER PRIMEIRO<\/strong><\/p>\n<p>Receba as not\u00edcias do Aconteceu no Vale em primeira m\u00e3o. Clique em curtir no endere\u00e7o <a href=\"https:\/\/www.facebook.com\/aconteceunovale\" target=\"_blank\"><font color=\"red\">www.facebook.com\/aconteceunovale<\/font><\/a> ou no box abaixo:<\/p>\n<div class=\"fb-like\" data-href=\"https:\/\/www.facebook.com\/aconteceunovale\" data-width=\"120\" data-layout=\"standard\" data-action=\"like\" data-size=\"small\" data-show-faces=\"true\" data-share=\"true\"><\/div>\n<p><\/br><\/p>\n<p><em>(Fonte: Ag\u00eancia Minas)<\/em><\/p>\n","protected":false},"excerpt":{"rendered":"<p>O Governo de Minas Gerais, por meio da Secretaria de Estado Extraordin\u00e1ria de Desenvolvimento Integrado e F\u00f3runs Regionais (Seedif), segue impulsionando o desenvolvimento regional atrav\u00e9s de investimentos e reconhecimentos de Polos Produtivos. Em parceria com o Sebrae, a cidade de Espinosa, por meio da Secretaria Municipal de Desenvolvimento Econ\u00f4mico e Industrial, foi beneficiada pela a\u00e7\u00e3o [&hellip;]<\/p>\n","protected":false},"author":1,"featured_media":128942,"comment_status":"open","ping_status":"closed","sticky":false,"template":"","format":"standard","meta":{"amp_status":"","footnotes":""},"categories":[1236],"tags":[1278,169951,51191,169950,169949,169948,176,142445],"class_list":["post-128941","post","type-post","status-publish","format-standard","has-post-thumbnail","hentry","category-norte_de_minas","tag-espinosa","tag-espinosa-recebe-incentivo-do-governo-de-minas-por-sua-forca-na-producao-de-vestuarios","tag-governo-de-minas-gerais","tag-pedro-leao","tag-producao-de-roupas-em-espinosa","tag-producao-de-vestuarios-em-espinosa","tag-sebrae","tag-seedif"],"yoast_head":"<!-- This site is optimized with the Yoast SEO plugin v28.3 - https:\/\/yoast.com\/product\/yoast-seo-wordpress\/ -->\n<title>Espinosa recebe incentivo do Governo de Minas por sua for\u00e7a na produ\u00e7\u00e3o de vestu\u00e1rios - Aconteceu no Vale<\/title>\n<meta name=\"robots\" content=\"index, follow, max-snippet:-1, max-image-preview:large, max-video-preview:-1\" \/>\n<link rel=\"canonical\" href=\"https:\/\/aconteceunovale.com.br\/portal\/?p=128941\" \/>\n<meta property=\"og:locale\" content=\"pt_BR\" \/>\n<meta property=\"og:type\" content=\"article\" \/>\n<meta property=\"og:title\" content=\"Espinosa recebe incentivo do Governo de Minas por sua for\u00e7a na produ\u00e7\u00e3o de vestu\u00e1rios - Aconteceu no Vale\" \/>\n<meta property=\"og:description\" content=\"O Governo de Minas Gerais, por meio da Secretaria de Estado Extraordin\u00e1ria de Desenvolvimento Integrado e F\u00f3runs Regionais (Seedif), segue impulsionando o desenvolvimento regional atrav\u00e9s de investimentos e reconhecimentos de Polos Produtivos. Em parceria com o Sebrae, a cidade de Espinosa, por meio da Secretaria Municipal de Desenvolvimento Econ\u00f4mico e Industrial, foi beneficiada pela a\u00e7\u00e3o [&hellip;]\" \/>\n<meta property=\"og:url\" content=\"https:\/\/aconteceunovale.com.br\/portal\/?p=128941\" \/>\n<meta property=\"og:site_name\" content=\"Aconteceu no Vale\" \/>\n<meta property=\"article:publisher\" content=\"https:\/\/www.facebook.com\/aconteceunovale\/\" \/>\n<meta property=\"article:published_time\" content=\"2018-03-02T22:40:28+00:00\" \/>\n<meta property=\"og:image\" content=\"https:\/\/aconteceunovale.com.br\/portal\/wp-content\/uploads\/2018\/03\/vestuario_espinosa.jpg\" \/>\n\t<meta property=\"og:image:width\" content=\"678\" \/>\n\t<meta property=\"og:image:height\" content=\"365\" \/>\n\t<meta property=\"og:image:type\" content=\"image\/jpeg\" \/>\n<meta name=\"author\" content=\"Aconteceu no Vale\" \/>\n<meta name=\"twitter:card\" content=\"summary_large_image\" \/>\n<meta name=\"twitter:creator\" content=\"@noticiadosvales\" \/>\n<meta name=\"twitter:site\" content=\"@noticiadosvales\" \/>\n<meta name=\"twitter:label1\" content=\"Escrito por\" \/>\n\t<meta name=\"twitter:data1\" content=\"Aconteceu no Vale\" \/>\n\t<meta name=\"twitter:label2\" content=\"Est. tempo de leitura\" \/>\n\t<meta name=\"twitter:data2\" content=\"3 minutos\" \/>\n<script type=\"application\/ld+json\" class=\"yoast-schema-graph\">{\"@context\":\"https:\\\/\\\/schema.org\",\"@graph\":[{\"@type\":\"Article\",\"@id\":\"https:\\\/\\\/aconteceunovale.com.br\\\/portal\\\/?p=128941#article\",\"isPartOf\":{\"@id\":\"https:\\\/\\\/aconteceunovale.com.br\\\/portal\\\/?p=128941\"},\"author\":{\"name\":\"Aconteceu no Vale\",\"@id\":\"https:\\\/\\\/aconteceunovale.com.br\\\/portal\\\/#\\\/schema\\\/person\\\/633529146f2c94272bef50ac2953d589\"},\"headline\":\"Espinosa recebe incentivo do Governo de Minas por sua for\u00e7a na produ\u00e7\u00e3o de vestu\u00e1rios\",\"datePublished\":\"2018-03-02T22:40:28+00:00\",\"mainEntityOfPage\":{\"@id\":\"https:\\\/\\\/aconteceunovale.com.br\\\/portal\\\/?p=128941\"},\"wordCount\":518,\"commentCount\":1,\"image\":{\"@id\":\"https:\\\/\\\/aconteceunovale.com.br\\\/portal\\\/?p=128941#primaryimage\"},\"thumbnailUrl\":\"https:\\\/\\\/aconteceunovale.com.br\\\/portal\\\/wp-content\\\/uploads\\\/2018\\\/03\\\/vestuario_espinosa.jpg\",\"keywords\":[\"espinosa\",\"Espinosa recebe incentivo do Governo de Minas por sua for\u00e7a na produ\u00e7\u00e3o de vestu\u00e1rios\",\"Governo de Minas Gerais\",\"Pedro Le\u00e3o\",\"Produ\u00e7\u00e3o de roupas em Espinosa\",\"Produ\u00e7\u00e3o de vestu\u00e1rios em Espinosa\",\"Sebrae\",\"Seedif\"],\"articleSection\":[\"Norte de Minas\"],\"inLanguage\":\"pt-BR\",\"potentialAction\":[{\"@type\":\"CommentAction\",\"name\":\"Comment\",\"target\":[\"https:\\\/\\\/aconteceunovale.com.br\\\/portal\\\/?p=128941#respond\"]}]},{\"@type\":\"WebPage\",\"@id\":\"https:\\\/\\\/aconteceunovale.com.br\\\/portal\\\/?p=128941\",\"url\":\"https:\\\/\\\/aconteceunovale.com.br\\\/portal\\\/?p=128941\",\"name\":\"Espinosa recebe incentivo do Governo de Minas por sua for\u00e7a na produ\u00e7\u00e3o de vestu\u00e1rios - Aconteceu no Vale\",\"isPartOf\":{\"@id\":\"https:\\\/\\\/aconteceunovale.com.br\\\/portal\\\/#website\"},\"primaryImageOfPage\":{\"@id\":\"https:\\\/\\\/aconteceunovale.com.br\\\/portal\\\/?p=128941#primaryimage\"},\"image\":{\"@id\":\"https:\\\/\\\/aconteceunovale.com.br\\\/portal\\\/?p=128941#primaryimage\"},\"thumbnailUrl\":\"https:\\\/\\\/aconteceunovale.com.br\\\/portal\\\/wp-content\\\/uploads\\\/2018\\\/03\\\/vestuario_espinosa.jpg\",\"datePublished\":\"2018-03-02T22:40:28+00:00\",\"author\":{\"@id\":\"https:\\\/\\\/aconteceunovale.com.br\\\/portal\\\/#\\\/schema\\\/person\\\/633529146f2c94272bef50ac2953d589\"},\"breadcrumb\":{\"@id\":\"https:\\\/\\\/aconteceunovale.com.br\\\/portal\\\/?p=128941#breadcrumb\"},\"inLanguage\":\"pt-BR\",\"potentialAction\":[{\"@type\":\"ReadAction\",\"target\":[\"https:\\\/\\\/aconteceunovale.com.br\\\/portal\\\/?p=128941\"]}]},{\"@type\":\"ImageObject\",\"inLanguage\":\"pt-BR\",\"@id\":\"https:\\\/\\\/aconteceunovale.com.br\\\/portal\\\/?p=128941#primaryimage\",\"url\":\"https:\\\/\\\/aconteceunovale.com.br\\\/portal\\\/wp-content\\\/uploads\\\/2018\\\/03\\\/vestuario_espinosa.jpg\",\"contentUrl\":\"https:\\\/\\\/aconteceunovale.com.br\\\/portal\\\/wp-content\\\/uploads\\\/2018\\\/03\\\/vestuario_espinosa.jpg\",\"width\":678,\"height\":365},{\"@type\":\"BreadcrumbList\",\"@id\":\"https:\\\/\\\/aconteceunovale.com.br\\\/portal\\\/?p=128941#breadcrumb\",\"itemListElement\":[{\"@type\":\"ListItem\",\"position\":1,\"name\":\"In\u00edcio\",\"item\":\"https:\\\/\\\/aconteceunovale.com.br\\\/portal\\\/\"},{\"@type\":\"ListItem\",\"position\":2,\"name\":\"Espinosa recebe incentivo do Governo de Minas por sua for\u00e7a na produ\u00e7\u00e3o de vestu\u00e1rios\"}]},{\"@type\":\"WebSite\",\"@id\":\"https:\\\/\\\/aconteceunovale.com.br\\\/portal\\\/#website\",\"url\":\"https:\\\/\\\/aconteceunovale.com.br\\\/portal\\\/\",\"name\":\"Aconteceu no Vale\",\"description\":\"Portal de Not\u00edcias\",\"potentialAction\":[{\"@type\":\"SearchAction\",\"target\":{\"@type\":\"EntryPoint\",\"urlTemplate\":\"https:\\\/\\\/aconteceunovale.com.br\\\/portal\\\/?s={search_term_string}\"},\"query-input\":{\"@type\":\"PropertyValueSpecification\",\"valueRequired\":true,\"valueName\":\"search_term_string\"}}],\"inLanguage\":\"pt-BR\"},{\"@type\":\"Person\",\"@id\":\"https:\\\/\\\/aconteceunovale.com.br\\\/portal\\\/#\\\/schema\\\/person\\\/633529146f2c94272bef50ac2953d589\",\"name\":\"Aconteceu no Vale\",\"description\":\"Equipe de reportagem do Aconteceu no Vale, portal de not\u00edcias do Vale do Jequitinhonha, em Minas Gerais. Cobrimos as 51 cidades do Vale desde 2013. Sugest\u00f5es de pauta e pedidos de corre\u00e7\u00e3o: contato@aconteceunovale.com.br\",\"sameAs\":[\"http:\\\/\\\/www.aconteceunovale.com.br\"],\"url\":\"https:\\\/\\\/aconteceunovale.com.br\\\/portal\\\/?author=1\"}]}<\/script>\n<!-- \/ Yoast SEO plugin. -->","yoast_head_json":{"title":"Espinosa recebe incentivo do Governo de Minas por sua for\u00e7a na produ\u00e7\u00e3o de vestu\u00e1rios - Aconteceu no Vale","robots":{"index":"index","follow":"follow","max-snippet":"max-snippet:-1","max-image-preview":"max-image-preview:large","max-video-preview":"max-video-preview:-1"},"canonical":"https:\/\/aconteceunovale.com.br\/portal\/?p=128941","og_locale":"pt_BR","og_type":"article","og_title":"Espinosa recebe incentivo do Governo de Minas por sua for\u00e7a na produ\u00e7\u00e3o de vestu\u00e1rios - Aconteceu no Vale","og_description":"O Governo de Minas Gerais, por meio da Secretaria de Estado Extraordin\u00e1ria de Desenvolvimento Integrado e F\u00f3runs Regionais (Seedif), segue impulsionando o desenvolvimento regional atrav\u00e9s de investimentos e reconhecimentos de Polos Produtivos. Em parceria com o Sebrae, a cidade de Espinosa, por meio da Secretaria Municipal de Desenvolvimento Econ\u00f4mico e Industrial, foi beneficiada pela a\u00e7\u00e3o [&hellip;]","og_url":"https:\/\/aconteceunovale.com.br\/portal\/?p=128941","og_site_name":"Aconteceu no Vale","article_publisher":"https:\/\/www.facebook.com\/aconteceunovale\/","article_published_time":"2018-03-02T22:40:28+00:00","og_image":[{"width":678,"height":365,"url":"https:\/\/aconteceunovale.com.br\/portal\/wp-content\/uploads\/2018\/03\/vestuario_espinosa.jpg","type":"image\/jpeg"}],"author":"Aconteceu no Vale","twitter_card":"summary_large_image","twitter_creator":"@noticiadosvales","twitter_site":"@noticiadosvales","twitter_misc":{"Escrito por":"Aconteceu no Vale","Est. tempo de leitura":"3 minutos"},"schema":{"@context":"https:\/\/schema.org","@graph":[{"@type":"Article","@id":"https:\/\/aconteceunovale.com.br\/portal\/?p=128941#article","isPartOf":{"@id":"https:\/\/aconteceunovale.com.br\/portal\/?p=128941"},"author":{"name":"Aconteceu no Vale","@id":"https:\/\/aconteceunovale.com.br\/portal\/#\/schema\/person\/633529146f2c94272bef50ac2953d589"},"headline":"Espinosa recebe incentivo do Governo de Minas por sua for\u00e7a na produ\u00e7\u00e3o de vestu\u00e1rios","datePublished":"2018-03-02T22:40:28+00:00","mainEntityOfPage":{"@id":"https:\/\/aconteceunovale.com.br\/portal\/?p=128941"},"wordCount":518,"commentCount":1,"image":{"@id":"https:\/\/aconteceunovale.com.br\/portal\/?p=128941#primaryimage"},"thumbnailUrl":"https:\/\/aconteceunovale.com.br\/portal\/wp-content\/uploads\/2018\/03\/vestuario_espinosa.jpg","keywords":["espinosa","Espinosa recebe incentivo do Governo de Minas por sua for\u00e7a na produ\u00e7\u00e3o de vestu\u00e1rios","Governo de Minas Gerais","Pedro Le\u00e3o","Produ\u00e7\u00e3o de roupas em Espinosa","Produ\u00e7\u00e3o de vestu\u00e1rios em Espinosa","Sebrae","Seedif"],"articleSection":["Norte de Minas"],"inLanguage":"pt-BR","potentialAction":[{"@type":"CommentAction","name":"Comment","target":["https:\/\/aconteceunovale.com.br\/portal\/?p=128941#respond"]}]},{"@type":"WebPage","@id":"https:\/\/aconteceunovale.com.br\/portal\/?p=128941","url":"https:\/\/aconteceunovale.com.br\/portal\/?p=128941","name":"Espinosa recebe incentivo do Governo de Minas por sua for\u00e7a na produ\u00e7\u00e3o de vestu\u00e1rios - Aconteceu no Vale","isPartOf":{"@id":"https:\/\/aconteceunovale.com.br\/portal\/#website"},"primaryImageOfPage":{"@id":"https:\/\/aconteceunovale.com.br\/portal\/?p=128941#primaryimage"},"image":{"@id":"https:\/\/aconteceunovale.com.br\/portal\/?p=128941#primaryimage"},"thumbnailUrl":"https:\/\/aconteceunovale.com.br\/portal\/wp-content\/uploads\/2018\/03\/vestuario_espinosa.jpg","datePublished":"2018-03-02T22:40:28+00:00","author":{"@id":"https:\/\/aconteceunovale.com.br\/portal\/#\/schema\/person\/633529146f2c94272bef50ac2953d589"},"breadcrumb":{"@id":"https:\/\/aconteceunovale.com.br\/portal\/?p=128941#breadcrumb"},"inLanguage":"pt-BR","potentialAction":[{"@type":"ReadAction","target":["https:\/\/aconteceunovale.com.br\/portal\/?p=128941"]}]},{"@type":"ImageObject","inLanguage":"pt-BR","@id":"https:\/\/aconteceunovale.com.br\/portal\/?p=128941#primaryimage","url":"https:\/\/aconteceunovale.com.br\/portal\/wp-content\/uploads\/2018\/03\/vestuario_espinosa.jpg","contentUrl":"https:\/\/aconteceunovale.com.br\/portal\/wp-content\/uploads\/2018\/03\/vestuario_espinosa.jpg","width":678,"height":365},{"@type":"BreadcrumbList","@id":"https:\/\/aconteceunovale.com.br\/portal\/?p=128941#breadcrumb","itemListElement":[{"@type":"ListItem","position":1,"name":"In\u00edcio","item":"https:\/\/aconteceunovale.com.br\/portal\/"},{"@type":"ListItem","position":2,"name":"Espinosa recebe incentivo do Governo de Minas por sua for\u00e7a na produ\u00e7\u00e3o de vestu\u00e1rios"}]},{"@type":"WebSite","@id":"https:\/\/aconteceunovale.com.br\/portal\/#website","url":"https:\/\/aconteceunovale.com.br\/portal\/","name":"Aconteceu no Vale","description":"Portal de Not\u00edcias","potentialAction":[{"@type":"SearchAction","target":{"@type":"EntryPoint","urlTemplate":"https:\/\/aconteceunovale.com.br\/portal\/?s={search_term_string}"},"query-input":{"@type":"PropertyValueSpecification","valueRequired":true,"valueName":"search_term_string"}}],"inLanguage":"pt-BR"},{"@type":"Person","@id":"https:\/\/aconteceunovale.com.br\/portal\/#\/schema\/person\/633529146f2c94272bef50ac2953d589","name":"Aconteceu no Vale","description":"Equipe de reportagem do Aconteceu no Vale, portal de not\u00edcias do Vale do Jequitinhonha, em Minas Gerais. Cobrimos as 51 cidades do Vale desde 2013. Sugest\u00f5es de pauta e pedidos de corre\u00e7\u00e3o: contato@aconteceunovale.com.br","sameAs":["http:\/\/www.aconteceunovale.com.br"],"url":"https:\/\/aconteceunovale.com.br\/portal\/?author=1"}]}},"_links":{"self":[{"href":"https:\/\/aconteceunovale.com.br\/portal\/index.php?rest_route=\/wp\/v2\/posts\/128941","targetHints":{"allow":["GET"]}}],"collection":[{"href":"https:\/\/aconteceunovale.com.br\/portal\/index.php?rest_route=\/wp\/v2\/posts"}],"about":[{"href":"https:\/\/aconteceunovale.com.br\/portal\/index.php?rest_route=\/wp\/v2\/types\/post"}],"author":[{"embeddable":true,"href":"https:\/\/aconteceunovale.com.br\/portal\/index.php?rest_route=\/wp\/v2\/users\/1"}],"replies":[{"embeddable":true,"href":"https:\/\/aconteceunovale.com.br\/portal\/index.php?rest_route=%2Fwp%2Fv2%2Fcomments&post=128941"}],"version-history":[{"count":0,"href":"https:\/\/aconteceunovale.com.br\/portal\/index.php?rest_route=\/wp\/v2\/posts\/128941\/revisions"}],"wp:featuredmedia":[{"embeddable":true,"href":"https:\/\/aconteceunovale.com.br\/portal\/index.php?rest_route=\/wp\/v2\/media\/128942"}],"wp:attachment":[{"href":"https:\/\/aconteceunovale.com.br\/portal\/index.php?rest_route=%2Fwp%2Fv2%2Fmedia&parent=128941"}],"wp:term":[{"taxonomy":"category","embeddable":true,"href":"https:\/\/aconteceunovale.com.br\/portal\/index.php?rest_route=%2Fwp%2Fv2%2Fcategories&post=128941"},{"taxonomy":"post_tag","embeddable":true,"href":"https:\/\/aconteceunovale.com.br\/portal\/index.php?rest_route=%2Fwp%2Fv2%2Ftags&post=128941"}],"curies":[{"name":"wp","href":"https:\/\/api.w.org\/{rel}","templated":true}]}}