{"id":128939,"date":"2018-03-02T20:31:13","date_gmt":"2018-03-02T22:31:13","guid":{"rendered":"http:\/\/aconteceunovale.com.br\/portal\/?p=128939"},"modified":"2018-03-02T20:31:13","modified_gmt":"2018-03-02T22:31:13","slug":"governo-de-minas-divulga-escala-de-pagamento-de-marco-para-os-servidores","status":"publish","type":"post","link":"https:\/\/aconteceunovale.com.br\/portal\/?p=128939","title":{"rendered":"Governo de Minas divulga escala de pagamento de mar\u00e7o para os servidores"},"content":{"rendered":"<p>A Secretaria de Estado de Fazenda de Minas Gerais (SEF-MG) divulgou nesta sexta-feira (02\/03\/2018) as datas do m\u00eas de mar\u00e7o para o pagamento dos sal\u00e1rios do funcionalismo p\u00fablico do Executivo Estadual:<\/p>\n<p>&#8211; 1\u00aa parcela: 14\/3 (quarta-feira)<br \/>\n&#8211; 2\u00aa parcela: 23\/3 (sexta-feira);<br \/>\n&#8211; 3\u00aa parcela: 29\/3 (quinta-feira).<\/p>\n<p>Os crit\u00e9rios adotados s\u00e3o os seguintes:<\/p>\n<p>&#8211; servidores com sal\u00e1rio at\u00e9 R$ 3 mil l\u00edquidos recebem integralmente na primeira parcela;<br \/>\n&#8211; servidores com sal\u00e1rio at\u00e9 R$ 6 mil l\u00edquidos recebem uma parcela de R$ 3 mil e o restante na segunda parcela;<br \/>\n&#8211; servidores com sal\u00e1rio acima de R$ 6 mil l\u00edquidos recebem R$ 3 mil na primeira parcela, R$ 3 mil na segunda parcela e o restante na terceira parcela.<\/p>\n<p>A Secretaria informa ainda que a terceira parcela do 13\u00ba sal\u00e1rio ser\u00e1 depositada em 19\/3 (segunda-feira).<\/p>\n<p><strong>VER PRIMEIRO<\/strong><\/p>\n<p>Receba as not\u00edcias do Aconteceu no Vale em primeira m\u00e3o. Clique em curtir no endere\u00e7o <a href=\"https:\/\/www.facebook.com\/aconteceunovale\" target=\"_blank\"><font color=\"red\">www.facebook.com\/aconteceunovale<\/font><\/a> ou no box abaixo:<\/p>\n<div class=\"fb-like\" data-href=\"https:\/\/www.facebook.com\/aconteceunovale\" data-width=\"120\" data-layout=\"standard\" data-action=\"like\" data-size=\"small\" data-show-faces=\"true\" data-share=\"true\"><\/div>\n<p><\/br><\/p>\n<p><em>(Fonte: Ag\u00eancia Minas)<\/em><\/p>\n","protected":false},"excerpt":{"rendered":"<p>A Secretaria de Estado de Fazenda de Minas Gerais (SEF-MG) divulgou nesta sexta-feira (02\/03\/2018) as datas do m\u00eas de mar\u00e7o para o pagamento dos sal\u00e1rios do funcionalismo p\u00fablico do Executivo Estadual: &#8211; 1\u00aa parcela: 14\/3 (quarta-feira) &#8211; 2\u00aa parcela: 23\/3 (sexta-feira); &#8211; 3\u00aa parcela: 29\/3 (quinta-feira). Os crit\u00e9rios adotados s\u00e3o os seguintes: &#8211; servidores com [&hellip;]<\/p>\n","protected":false},"author":1,"featured_media":103762,"comment_status":"open","ping_status":"closed","sticky":false,"template":"","format":"standard","meta":{"amp_status":"","footnotes":""},"categories":[123],"tags":[169947,161122,169943,169946,169944,169945],"class_list":["post-128939","post","type-post","status-publish","format-standard","has-post-thumbnail","hentry","category-gerais","tag-escala-de-pagamentos-governo-de-minas","tag-escala-governo-de-minas","tag-governo-de-minas-divulga-escala-de-pagamento-de-marco-para-os-servidores","tag-pagamento-funcionarios-do-governo-de-minas","tag-pagamento-salario-governo-de-minas","tag-pagamento-servidores-do-governo-de-minas"],"yoast_head":"<!-- This site is optimized with the Yoast SEO plugin v28.3 - https:\/\/yoast.com\/product\/yoast-seo-wordpress\/ -->\n<title>Governo de Minas divulga escala de pagamento de mar\u00e7o para os servidores - Aconteceu no Vale<\/title>\n<meta name=\"robots\" content=\"index, follow, max-snippet:-1, max-image-preview:large, max-video-preview:-1\" \/>\n<link rel=\"canonical\" href=\"https:\/\/aconteceunovale.com.br\/portal\/?p=128939\" \/>\n<meta property=\"og:locale\" content=\"pt_BR\" \/>\n<meta property=\"og:type\" content=\"article\" \/>\n<meta property=\"og:title\" content=\"Governo de Minas divulga escala de pagamento de mar\u00e7o para os servidores - Aconteceu no Vale\" \/>\n<meta property=\"og:description\" content=\"A Secretaria de Estado de Fazenda de Minas Gerais (SEF-MG) divulgou nesta sexta-feira (02\/03\/2018) as datas do m\u00eas de mar\u00e7o para o pagamento dos sal\u00e1rios do funcionalismo p\u00fablico do Executivo Estadual: &#8211; 1\u00aa parcela: 14\/3 (quarta-feira) &#8211; 2\u00aa parcela: 23\/3 (sexta-feira); &#8211; 3\u00aa parcela: 29\/3 (quinta-feira). Os crit\u00e9rios adotados s\u00e3o os seguintes: &#8211; servidores com [&hellip;]\" \/>\n<meta property=\"og:url\" content=\"https:\/\/aconteceunovale.com.br\/portal\/?p=128939\" \/>\n<meta property=\"og:site_name\" content=\"Aconteceu no Vale\" \/>\n<meta property=\"article:publisher\" content=\"https:\/\/www.facebook.com\/aconteceunovale\/\" \/>\n<meta property=\"article:published_time\" content=\"2018-03-02T22:31:13+00:00\" \/>\n<meta property=\"og:image\" content=\"https:\/\/aconteceunovale.com.br\/portal\/wp-content\/uploads\/2016\/12\/salario_minimo.jpg\" \/>\n\t<meta property=\"og:image:width\" content=\"675\" \/>\n\t<meta property=\"og:image:height\" content=\"450\" \/>\n\t<meta property=\"og:image:type\" content=\"image\/jpeg\" \/>\n<meta name=\"author\" content=\"Aconteceu no Vale\" \/>\n<meta name=\"twitter:card\" content=\"summary_large_image\" \/>\n<meta name=\"twitter:creator\" content=\"@noticiadosvales\" \/>\n<meta name=\"twitter:site\" content=\"@noticiadosvales\" \/>\n<meta name=\"twitter:label1\" content=\"Escrito por\" \/>\n\t<meta name=\"twitter:data1\" content=\"Aconteceu no Vale\" \/>\n\t<meta name=\"twitter:label2\" content=\"Est. tempo de leitura\" \/>\n\t<meta name=\"twitter:data2\" content=\"1 minuto\" \/>\n<script type=\"application\/ld+json\" class=\"yoast-schema-graph\">{\"@context\":\"https:\\\/\\\/schema.org\",\"@graph\":[{\"@type\":\"Article\",\"@id\":\"https:\\\/\\\/aconteceunovale.com.br\\\/portal\\\/?p=128939#article\",\"isPartOf\":{\"@id\":\"https:\\\/\\\/aconteceunovale.com.br\\\/portal\\\/?p=128939\"},\"author\":{\"name\":\"Aconteceu no Vale\",\"@id\":\"https:\\\/\\\/aconteceunovale.com.br\\\/portal\\\/#\\\/schema\\\/person\\\/633529146f2c94272bef50ac2953d589\"},\"headline\":\"Governo de Minas divulga escala de pagamento de mar\u00e7o para os servidores\",\"datePublished\":\"2018-03-02T22:31:13+00:00\",\"mainEntityOfPage\":{\"@id\":\"https:\\\/\\\/aconteceunovale.com.br\\\/portal\\\/?p=128939\"},\"wordCount\":176,\"commentCount\":0,\"image\":{\"@id\":\"https:\\\/\\\/aconteceunovale.com.br\\\/portal\\\/?p=128939#primaryimage\"},\"thumbnailUrl\":\"https:\\\/\\\/aconteceunovale.com.br\\\/portal\\\/wp-content\\\/uploads\\\/2016\\\/12\\\/salario_minimo.jpg\",\"keywords\":[\"Escala de pagamentos governo de Minas\",\"Escala Governo de Minas\",\"Governo de Minas divulga escala de pagamento de mar\u00e7o para os servidores\",\"Pagamento funcion\u00e1rios do governo de Minas\",\"Pagamento sal\u00e1rio governo de Minas\",\"Pagamento servidores do governo de Minas\"],\"articleSection\":[\"Minas Gerais\"],\"inLanguage\":\"pt-BR\",\"potentialAction\":[{\"@type\":\"CommentAction\",\"name\":\"Comment\",\"target\":[\"https:\\\/\\\/aconteceunovale.com.br\\\/portal\\\/?p=128939#respond\"]}]},{\"@type\":\"WebPage\",\"@id\":\"https:\\\/\\\/aconteceunovale.com.br\\\/portal\\\/?p=128939\",\"url\":\"https:\\\/\\\/aconteceunovale.com.br\\\/portal\\\/?p=128939\",\"name\":\"Governo de Minas divulga escala de pagamento de mar\u00e7o para os servidores - Aconteceu no Vale\",\"isPartOf\":{\"@id\":\"https:\\\/\\\/aconteceunovale.com.br\\\/portal\\\/#website\"},\"primaryImageOfPage\":{\"@id\":\"https:\\\/\\\/aconteceunovale.com.br\\\/portal\\\/?p=128939#primaryimage\"},\"image\":{\"@id\":\"https:\\\/\\\/aconteceunovale.com.br\\\/portal\\\/?p=128939#primaryimage\"},\"thumbnailUrl\":\"https:\\\/\\\/aconteceunovale.com.br\\\/portal\\\/wp-content\\\/uploads\\\/2016\\\/12\\\/salario_minimo.jpg\",\"datePublished\":\"2018-03-02T22:31:13+00:00\",\"author\":{\"@id\":\"https:\\\/\\\/aconteceunovale.com.br\\\/portal\\\/#\\\/schema\\\/person\\\/633529146f2c94272bef50ac2953d589\"},\"breadcrumb\":{\"@id\":\"https:\\\/\\\/aconteceunovale.com.br\\\/portal\\\/?p=128939#breadcrumb\"},\"inLanguage\":\"pt-BR\",\"potentialAction\":[{\"@type\":\"ReadAction\",\"target\":[\"https:\\\/\\\/aconteceunovale.com.br\\\/portal\\\/?p=128939\"]}]},{\"@type\":\"ImageObject\",\"inLanguage\":\"pt-BR\",\"@id\":\"https:\\\/\\\/aconteceunovale.com.br\\\/portal\\\/?p=128939#primaryimage\",\"url\":\"https:\\\/\\\/aconteceunovale.com.br\\\/portal\\\/wp-content\\\/uploads\\\/2016\\\/12\\\/salario_minimo.jpg\",\"contentUrl\":\"https:\\\/\\\/aconteceunovale.com.br\\\/portal\\\/wp-content\\\/uploads\\\/2016\\\/12\\\/salario_minimo.jpg\",\"width\":675,\"height\":450},{\"@type\":\"BreadcrumbList\",\"@id\":\"https:\\\/\\\/aconteceunovale.com.br\\\/portal\\\/?p=128939#breadcrumb\",\"itemListElement\":[{\"@type\":\"ListItem\",\"position\":1,\"name\":\"In\u00edcio\",\"item\":\"https:\\\/\\\/aconteceunovale.com.br\\\/portal\\\/\"},{\"@type\":\"ListItem\",\"position\":2,\"name\":\"Governo de Minas divulga escala de pagamento de mar\u00e7o para os servidores\"}]},{\"@type\":\"WebSite\",\"@id\":\"https:\\\/\\\/aconteceunovale.com.br\\\/portal\\\/#website\",\"url\":\"https:\\\/\\\/aconteceunovale.com.br\\\/portal\\\/\",\"name\":\"Aconteceu no Vale\",\"description\":\"Portal de Not\u00edcias\",\"potentialAction\":[{\"@type\":\"SearchAction\",\"target\":{\"@type\":\"EntryPoint\",\"urlTemplate\":\"https:\\\/\\\/aconteceunovale.com.br\\\/portal\\\/?s={search_term_string}\"},\"query-input\":{\"@type\":\"PropertyValueSpecification\",\"valueRequired\":true,\"valueName\":\"search_term_string\"}}],\"inLanguage\":\"pt-BR\"},{\"@type\":\"Person\",\"@id\":\"https:\\\/\\\/aconteceunovale.com.br\\\/portal\\\/#\\\/schema\\\/person\\\/633529146f2c94272bef50ac2953d589\",\"name\":\"Aconteceu no Vale\",\"description\":\"Equipe de reportagem do Aconteceu no Vale, portal de not\u00edcias do Vale do Jequitinhonha, em Minas Gerais. Cobrimos as 51 cidades do Vale desde 2013. Sugest\u00f5es de pauta e pedidos de corre\u00e7\u00e3o: contato@aconteceunovale.com.br\",\"sameAs\":[\"http:\\\/\\\/www.aconteceunovale.com.br\"],\"url\":\"https:\\\/\\\/aconteceunovale.com.br\\\/portal\\\/?author=1\"}]}<\/script>\n<!-- \/ Yoast SEO plugin. -->","yoast_head_json":{"title":"Governo de Minas divulga escala de pagamento de mar\u00e7o para os servidores - Aconteceu no Vale","robots":{"index":"index","follow":"follow","max-snippet":"max-snippet:-1","max-image-preview":"max-image-preview:large","max-video-preview":"max-video-preview:-1"},"canonical":"https:\/\/aconteceunovale.com.br\/portal\/?p=128939","og_locale":"pt_BR","og_type":"article","og_title":"Governo de Minas divulga escala de pagamento de mar\u00e7o para os servidores - Aconteceu no Vale","og_description":"A Secretaria de Estado de Fazenda de Minas Gerais (SEF-MG) divulgou nesta sexta-feira (02\/03\/2018) as datas do m\u00eas de mar\u00e7o para o pagamento dos sal\u00e1rios do funcionalismo p\u00fablico do Executivo Estadual: &#8211; 1\u00aa parcela: 14\/3 (quarta-feira) &#8211; 2\u00aa parcela: 23\/3 (sexta-feira); &#8211; 3\u00aa parcela: 29\/3 (quinta-feira). Os crit\u00e9rios adotados s\u00e3o os seguintes: &#8211; servidores com [&hellip;]","og_url":"https:\/\/aconteceunovale.com.br\/portal\/?p=128939","og_site_name":"Aconteceu no Vale","article_publisher":"https:\/\/www.facebook.com\/aconteceunovale\/","article_published_time":"2018-03-02T22:31:13+00:00","og_image":[{"width":675,"height":450,"url":"https:\/\/aconteceunovale.com.br\/portal\/wp-content\/uploads\/2016\/12\/salario_minimo.jpg","type":"image\/jpeg"}],"author":"Aconteceu no Vale","twitter_card":"summary_large_image","twitter_creator":"@noticiadosvales","twitter_site":"@noticiadosvales","twitter_misc":{"Escrito por":"Aconteceu no Vale","Est. tempo de leitura":"1 minuto"},"schema":{"@context":"https:\/\/schema.org","@graph":[{"@type":"Article","@id":"https:\/\/aconteceunovale.com.br\/portal\/?p=128939#article","isPartOf":{"@id":"https:\/\/aconteceunovale.com.br\/portal\/?p=128939"},"author":{"name":"Aconteceu no Vale","@id":"https:\/\/aconteceunovale.com.br\/portal\/#\/schema\/person\/633529146f2c94272bef50ac2953d589"},"headline":"Governo de Minas divulga escala de pagamento de mar\u00e7o para os servidores","datePublished":"2018-03-02T22:31:13+00:00","mainEntityOfPage":{"@id":"https:\/\/aconteceunovale.com.br\/portal\/?p=128939"},"wordCount":176,"commentCount":0,"image":{"@id":"https:\/\/aconteceunovale.com.br\/portal\/?p=128939#primaryimage"},"thumbnailUrl":"https:\/\/aconteceunovale.com.br\/portal\/wp-content\/uploads\/2016\/12\/salario_minimo.jpg","keywords":["Escala de pagamentos governo de Minas","Escala Governo de Minas","Governo de Minas divulga escala de pagamento de mar\u00e7o para os servidores","Pagamento funcion\u00e1rios do governo de Minas","Pagamento sal\u00e1rio governo de Minas","Pagamento servidores do governo de Minas"],"articleSection":["Minas Gerais"],"inLanguage":"pt-BR","potentialAction":[{"@type":"CommentAction","name":"Comment","target":["https:\/\/aconteceunovale.com.br\/portal\/?p=128939#respond"]}]},{"@type":"WebPage","@id":"https:\/\/aconteceunovale.com.br\/portal\/?p=128939","url":"https:\/\/aconteceunovale.com.br\/portal\/?p=128939","name":"Governo de Minas divulga escala de pagamento de mar\u00e7o para os servidores - Aconteceu no Vale","isPartOf":{"@id":"https:\/\/aconteceunovale.com.br\/portal\/#website"},"primaryImageOfPage":{"@id":"https:\/\/aconteceunovale.com.br\/portal\/?p=128939#primaryimage"},"image":{"@id":"https:\/\/aconteceunovale.com.br\/portal\/?p=128939#primaryimage"},"thumbnailUrl":"https:\/\/aconteceunovale.com.br\/portal\/wp-content\/uploads\/2016\/12\/salario_minimo.jpg","datePublished":"2018-03-02T22:31:13+00:00","author":{"@id":"https:\/\/aconteceunovale.com.br\/portal\/#\/schema\/person\/633529146f2c94272bef50ac2953d589"},"breadcrumb":{"@id":"https:\/\/aconteceunovale.com.br\/portal\/?p=128939#breadcrumb"},"inLanguage":"pt-BR","potentialAction":[{"@type":"ReadAction","target":["https:\/\/aconteceunovale.com.br\/portal\/?p=128939"]}]},{"@type":"ImageObject","inLanguage":"pt-BR","@id":"https:\/\/aconteceunovale.com.br\/portal\/?p=128939#primaryimage","url":"https:\/\/aconteceunovale.com.br\/portal\/wp-content\/uploads\/2016\/12\/salario_minimo.jpg","contentUrl":"https:\/\/aconteceunovale.com.br\/portal\/wp-content\/uploads\/2016\/12\/salario_minimo.jpg","width":675,"height":450},{"@type":"BreadcrumbList","@id":"https:\/\/aconteceunovale.com.br\/portal\/?p=128939#breadcrumb","itemListElement":[{"@type":"ListItem","position":1,"name":"In\u00edcio","item":"https:\/\/aconteceunovale.com.br\/portal\/"},{"@type":"ListItem","position":2,"name":"Governo de Minas divulga escala de pagamento de mar\u00e7o para os servidores"}]},{"@type":"WebSite","@id":"https:\/\/aconteceunovale.com.br\/portal\/#website","url":"https:\/\/aconteceunovale.com.br\/portal\/","name":"Aconteceu no Vale","description":"Portal de Not\u00edcias","potentialAction":[{"@type":"SearchAction","target":{"@type":"EntryPoint","urlTemplate":"https:\/\/aconteceunovale.com.br\/portal\/?s={search_term_string}"},"query-input":{"@type":"PropertyValueSpecification","valueRequired":true,"valueName":"search_term_string"}}],"inLanguage":"pt-BR"},{"@type":"Person","@id":"https:\/\/aconteceunovale.com.br\/portal\/#\/schema\/person\/633529146f2c94272bef50ac2953d589","name":"Aconteceu no Vale","description":"Equipe de reportagem do Aconteceu no Vale, portal de not\u00edcias do Vale do Jequitinhonha, em Minas Gerais. Cobrimos as 51 cidades do Vale desde 2013. Sugest\u00f5es de pauta e pedidos de corre\u00e7\u00e3o: contato@aconteceunovale.com.br","sameAs":["http:\/\/www.aconteceunovale.com.br"],"url":"https:\/\/aconteceunovale.com.br\/portal\/?author=1"}]}},"_links":{"self":[{"href":"https:\/\/aconteceunovale.com.br\/portal\/index.php?rest_route=\/wp\/v2\/posts\/128939","targetHints":{"allow":["GET"]}}],"collection":[{"href":"https:\/\/aconteceunovale.com.br\/portal\/index.php?rest_route=\/wp\/v2\/posts"}],"about":[{"href":"https:\/\/aconteceunovale.com.br\/portal\/index.php?rest_route=\/wp\/v2\/types\/post"}],"author":[{"embeddable":true,"href":"https:\/\/aconteceunovale.com.br\/portal\/index.php?rest_route=\/wp\/v2\/users\/1"}],"replies":[{"embeddable":true,"href":"https:\/\/aconteceunovale.com.br\/portal\/index.php?rest_route=%2Fwp%2Fv2%2Fcomments&post=128939"}],"version-history":[{"count":0,"href":"https:\/\/aconteceunovale.com.br\/portal\/index.php?rest_route=\/wp\/v2\/posts\/128939\/revisions"}],"wp:featuredmedia":[{"embeddable":true,"href":"https:\/\/aconteceunovale.com.br\/portal\/index.php?rest_route=\/wp\/v2\/media\/103762"}],"wp:attachment":[{"href":"https:\/\/aconteceunovale.com.br\/portal\/index.php?rest_route=%2Fwp%2Fv2%2Fmedia&parent=128939"}],"wp:term":[{"taxonomy":"category","embeddable":true,"href":"https:\/\/aconteceunovale.com.br\/portal\/index.php?rest_route=%2Fwp%2Fv2%2Fcategories&post=128939"},{"taxonomy":"post_tag","embeddable":true,"href":"https:\/\/aconteceunovale.com.br\/portal\/index.php?rest_route=%2Fwp%2Fv2%2Ftags&post=128939"}],"curies":[{"name":"wp","href":"https:\/\/api.w.org\/{rel}","templated":true}]}}