{"id":128935,"date":"2018-03-02T00:51:48","date_gmt":"2018-03-02T02:51:48","guid":{"rendered":"http:\/\/aconteceunovale.com.br\/portal\/?p=128935"},"modified":"2018-03-02T00:51:48","modified_gmt":"2018-03-02T02:51:48","slug":"pai-e-filho-sao-esfaqueados-dentro-de-casa-em-governador-valadares","status":"publish","type":"post","link":"https:\/\/aconteceunovale.com.br\/portal\/?p=128935","title":{"rendered":"Pai e filho s\u00e3o esfaqueados dentro de casa em Governador Valadares"},"content":{"rendered":"<p>Um homem de 48 anos e o filho dele, de 22, foram esfaqueados dentro de casa em Governador Valadares, na madrugada de quarta-feira (28\/02\/2018). Segundo a Pol\u00edcia Militar, eles estavam deitados, quando dois criminosos arrombaram a porta da resid\u00eancia e cometeram o crime.<\/p>\n<p>Uma idosa, de 82 anos, que mora na casa, escutou barulhos vindos da sala e ao chegar no local viu os dois autores esfaqueando as v\u00edtimas. Ao perceberem a presen\u00e7a da mulher, eles fugiram.<\/p>\n<p>Pai e filho foram socorridos por vizinhos e encaminhados ao hospital. O estado de sa\u00fade deles n\u00e3o foi divulgado.<\/p>\n<p>At\u00e9 o momento ningu\u00e9m foi preso e o caso ser\u00e1 investigado pela Pol\u00edcia Civil.<\/p>\n<h4>Adolescente \u00e9 morto com dois tiros<\/h4>\n<p>Um adolescente de 16 anos foi morto com dois tiros em Governador Valadares, nessa segunda-feira (26). Gabriel Vitor Vieira da Silva foi atingido na coluna e no t\u00f3rax; ele chegou a ser socorrido pelo Samu, mas n\u00e3o resistiu aos ferimentos.<\/p>\n<p>De acordo com a Pol\u00edcia Militar, antes de morrer a v\u00edtima contou para uma testemunha que o crime foi cometido por um ex-colega de escola, tamb\u00e9m de 16 anos. O suspeito foi visto fugindo do local ap\u00f3s os disparos.<\/p>\n<p>Familiares do jovem contaram que ele se envolveu em uma briga na escola onde estudava h\u00e1 2 anos e mudou de institui\u00e7\u00e3o para evitar problemas, mas continuava sendo amea\u00e7ado.<\/p>\n<p>Os militares foram at\u00e9 a casa do suspeito do crime, mas ele n\u00e3o foi encontrado. A m\u00e3e do menor disse \u00e0 pol\u00edcia que o filho contou ter recebido dois socos durante a briga e dizia que iria se vingar. Segundo a Pol\u00edcia Militar, ele tem passagens por tr\u00e1fico de drogas.<\/p>\n<p><strong>VER PRIMEIRO<\/strong><\/p>\n<p>Receba as not\u00edcias do Aconteceu no Vale em primeira m\u00e3o. Clique em curtir no endere\u00e7o <a href=\"https:\/\/www.facebook.com\/aconteceunovale\" target=\"_blank\"><font color=\"red\">www.facebook.com\/aconteceunovale<\/font><\/a> ou no box abaixo:<\/p>\n<div class=\"fb-like\" data-href=\"https:\/\/www.facebook.com\/aconteceunovale\" data-width=\"120\" data-layout=\"standard\" data-action=\"like\" data-size=\"small\" data-show-faces=\"true\" data-share=\"true\"><\/div>\n<p><\/br><\/p>\n<p><em>(Fonte: G1 Vales)<\/em><\/p>\n","protected":false},"excerpt":{"rendered":"<p>Um homem de 48 anos e o filho dele, de 22, foram esfaqueados dentro de casa em Governador Valadares, na madrugada de quarta-feira (28\/02\/2018). Segundo a Pol\u00edcia Militar, eles estavam deitados, quando dois criminosos arrombaram a porta da resid\u00eancia e cometeram o crime. Uma idosa, de 82 anos, que mora na casa, escutou barulhos vindos [&hellip;]<\/p>\n","protected":false},"author":1,"featured_media":71442,"comment_status":"open","ping_status":"closed","sticky":false,"template":"","format":"standard","meta":{"amp_status":"","footnotes":""},"categories":[121],"tags":[169938,169939,169936,169940,247,8180,32916,169937,169935,72300,44656],"class_list":["post-128935","post","type-post","status-publish","format-standard","has-post-thumbnail","hentry","category-leste","tag-adolescente-e-morto-apos-briga-em-escola","tag-adolescente-e-morto-apos-briga-em-escola-em-governador-valadares","tag-esfaqueados-em-governador-valadares","tag-gabriel-vitor-vieira-da-silva","tag-governador-valadares","tag-homicidio-em-governador-valadares","tag-morte-em-governador-valadares","tag-pai-e-filho-sao-esfaqueados-dentro-de-casa-em-governador-valadares","tag-pai-e-filho-sao-esfaqueados-em-governador-valadares","tag-tentativa-de-homicidio-em-governador-valadares","tag-violencia-em-governador-valadares"],"yoast_head":"<!-- This site is optimized with the Yoast SEO plugin v28.3 - https:\/\/yoast.com\/product\/yoast-seo-wordpress\/ -->\n<title>Pai e filho s\u00e3o esfaqueados dentro de casa em Governador Valadares - Aconteceu no Vale<\/title>\n<meta name=\"robots\" content=\"index, follow, max-snippet:-1, max-image-preview:large, max-video-preview:-1\" \/>\n<link rel=\"canonical\" href=\"https:\/\/aconteceunovale.com.br\/portal\/?p=128935\" \/>\n<meta property=\"og:locale\" content=\"pt_BR\" \/>\n<meta property=\"og:type\" content=\"article\" \/>\n<meta property=\"og:title\" content=\"Pai e filho s\u00e3o esfaqueados dentro de casa em Governador Valadares - Aconteceu no Vale\" \/>\n<meta property=\"og:description\" content=\"Um homem de 48 anos e o filho dele, de 22, foram esfaqueados dentro de casa em Governador Valadares, na madrugada de quarta-feira (28\/02\/2018). Segundo a Pol\u00edcia Militar, eles estavam deitados, quando dois criminosos arrombaram a porta da resid\u00eancia e cometeram o crime. Uma idosa, de 82 anos, que mora na casa, escutou barulhos vindos [&hellip;]\" \/>\n<meta property=\"og:url\" content=\"https:\/\/aconteceunovale.com.br\/portal\/?p=128935\" \/>\n<meta property=\"og:site_name\" content=\"Aconteceu no Vale\" \/>\n<meta property=\"article:publisher\" content=\"https:\/\/www.facebook.com\/aconteceunovale\/\" \/>\n<meta property=\"article:published_time\" content=\"2018-03-02T02:51:48+00:00\" \/>\n<meta property=\"og:image\" content=\"https:\/\/aconteceunovale.com.br\/portal\/wp-content\/uploads\/2015\/10\/plantao_giroflex.jpg\" \/>\n\t<meta property=\"og:image:width\" content=\"678\" \/>\n\t<meta property=\"og:image:height\" content=\"389\" \/>\n\t<meta property=\"og:image:type\" content=\"image\/jpeg\" \/>\n<meta name=\"author\" content=\"Aconteceu no Vale\" \/>\n<meta name=\"twitter:card\" content=\"summary_large_image\" \/>\n<meta name=\"twitter:creator\" content=\"@noticiadosvales\" \/>\n<meta name=\"twitter:site\" content=\"@noticiadosvales\" \/>\n<meta name=\"twitter:label1\" content=\"Escrito por\" \/>\n\t<meta name=\"twitter:data1\" content=\"Aconteceu no Vale\" \/>\n\t<meta name=\"twitter:label2\" content=\"Est. tempo de leitura\" \/>\n\t<meta name=\"twitter:data2\" content=\"2 minutos\" \/>\n<script type=\"application\/ld+json\" class=\"yoast-schema-graph\">{\"@context\":\"https:\\\/\\\/schema.org\",\"@graph\":[{\"@type\":\"Article\",\"@id\":\"https:\\\/\\\/aconteceunovale.com.br\\\/portal\\\/?p=128935#article\",\"isPartOf\":{\"@id\":\"https:\\\/\\\/aconteceunovale.com.br\\\/portal\\\/?p=128935\"},\"author\":{\"name\":\"Aconteceu no Vale\",\"@id\":\"https:\\\/\\\/aconteceunovale.com.br\\\/portal\\\/#\\\/schema\\\/person\\\/633529146f2c94272bef50ac2953d589\"},\"headline\":\"Pai e filho s\u00e3o esfaqueados dentro de casa em Governador Valadares\",\"datePublished\":\"2018-03-02T02:51:48+00:00\",\"mainEntityOfPage\":{\"@id\":\"https:\\\/\\\/aconteceunovale.com.br\\\/portal\\\/?p=128935\"},\"wordCount\":328,\"commentCount\":0,\"image\":{\"@id\":\"https:\\\/\\\/aconteceunovale.com.br\\\/portal\\\/?p=128935#primaryimage\"},\"thumbnailUrl\":\"https:\\\/\\\/aconteceunovale.com.br\\\/portal\\\/wp-content\\\/uploads\\\/2015\\\/10\\\/plantao_giroflex.jpg\",\"keywords\":[\"Adolescente \u00e9 morto ap\u00f3s briga em escola\",\"Adolescente \u00e9 morto ap\u00f3s briga em escola em Governador Valadares\",\"Esfaqueados em Governador Valadares\",\"Gabriel Vitor Vieira da Silva\",\"Governador Valadares\",\"homic\u00eddio em governador valadares\",\"morte em Governador Valadares\",\"Pai e filho s\u00e3o esfaqueados dentro de casa em Governador Valadares\",\"Pai e filho s\u00e3o esfaqueados em Governador Valadares\",\"Tentativa de homic\u00eddio em Governador Valadares\",\"viol\u00eancia em Governador Valadares\"],\"articleSection\":[\"Leste de Minas\"],\"inLanguage\":\"pt-BR\",\"potentialAction\":[{\"@type\":\"CommentAction\",\"name\":\"Comment\",\"target\":[\"https:\\\/\\\/aconteceunovale.com.br\\\/portal\\\/?p=128935#respond\"]}]},{\"@type\":\"WebPage\",\"@id\":\"https:\\\/\\\/aconteceunovale.com.br\\\/portal\\\/?p=128935\",\"url\":\"https:\\\/\\\/aconteceunovale.com.br\\\/portal\\\/?p=128935\",\"name\":\"Pai e filho s\u00e3o esfaqueados dentro de casa em Governador Valadares - Aconteceu no Vale\",\"isPartOf\":{\"@id\":\"https:\\\/\\\/aconteceunovale.com.br\\\/portal\\\/#website\"},\"primaryImageOfPage\":{\"@id\":\"https:\\\/\\\/aconteceunovale.com.br\\\/portal\\\/?p=128935#primaryimage\"},\"image\":{\"@id\":\"https:\\\/\\\/aconteceunovale.com.br\\\/portal\\\/?p=128935#primaryimage\"},\"thumbnailUrl\":\"https:\\\/\\\/aconteceunovale.com.br\\\/portal\\\/wp-content\\\/uploads\\\/2015\\\/10\\\/plantao_giroflex.jpg\",\"datePublished\":\"2018-03-02T02:51:48+00:00\",\"author\":{\"@id\":\"https:\\\/\\\/aconteceunovale.com.br\\\/portal\\\/#\\\/schema\\\/person\\\/633529146f2c94272bef50ac2953d589\"},\"breadcrumb\":{\"@id\":\"https:\\\/\\\/aconteceunovale.com.br\\\/portal\\\/?p=128935#breadcrumb\"},\"inLanguage\":\"pt-BR\",\"potentialAction\":[{\"@type\":\"ReadAction\",\"target\":[\"https:\\\/\\\/aconteceunovale.com.br\\\/portal\\\/?p=128935\"]}]},{\"@type\":\"ImageObject\",\"inLanguage\":\"pt-BR\",\"@id\":\"https:\\\/\\\/aconteceunovale.com.br\\\/portal\\\/?p=128935#primaryimage\",\"url\":\"https:\\\/\\\/aconteceunovale.com.br\\\/portal\\\/wp-content\\\/uploads\\\/2015\\\/10\\\/plantao_giroflex.jpg\",\"contentUrl\":\"https:\\\/\\\/aconteceunovale.com.br\\\/portal\\\/wp-content\\\/uploads\\\/2015\\\/10\\\/plantao_giroflex.jpg\",\"width\":678,\"height\":389},{\"@type\":\"BreadcrumbList\",\"@id\":\"https:\\\/\\\/aconteceunovale.com.br\\\/portal\\\/?p=128935#breadcrumb\",\"itemListElement\":[{\"@type\":\"ListItem\",\"position\":1,\"name\":\"In\u00edcio\",\"item\":\"https:\\\/\\\/aconteceunovale.com.br\\\/portal\\\/\"},{\"@type\":\"ListItem\",\"position\":2,\"name\":\"Pai e filho s\u00e3o esfaqueados dentro de casa em Governador Valadares\"}]},{\"@type\":\"WebSite\",\"@id\":\"https:\\\/\\\/aconteceunovale.com.br\\\/portal\\\/#website\",\"url\":\"https:\\\/\\\/aconteceunovale.com.br\\\/portal\\\/\",\"name\":\"Aconteceu no Vale\",\"description\":\"Portal de Not\u00edcias\",\"potentialAction\":[{\"@type\":\"SearchAction\",\"target\":{\"@type\":\"EntryPoint\",\"urlTemplate\":\"https:\\\/\\\/aconteceunovale.com.br\\\/portal\\\/?s={search_term_string}\"},\"query-input\":{\"@type\":\"PropertyValueSpecification\",\"valueRequired\":true,\"valueName\":\"search_term_string\"}}],\"inLanguage\":\"pt-BR\"},{\"@type\":\"Person\",\"@id\":\"https:\\\/\\\/aconteceunovale.com.br\\\/portal\\\/#\\\/schema\\\/person\\\/633529146f2c94272bef50ac2953d589\",\"name\":\"Aconteceu no Vale\",\"description\":\"Equipe de reportagem do Aconteceu no Vale, portal de not\u00edcias do Vale do Jequitinhonha, em Minas Gerais. Cobrimos as 51 cidades do Vale desde 2013. Sugest\u00f5es de pauta e pedidos de corre\u00e7\u00e3o: contato@aconteceunovale.com.br\",\"sameAs\":[\"http:\\\/\\\/www.aconteceunovale.com.br\"],\"url\":\"https:\\\/\\\/aconteceunovale.com.br\\\/portal\\\/?author=1\"}]}<\/script>\n<!-- \/ Yoast SEO plugin. -->","yoast_head_json":{"title":"Pai e filho s\u00e3o esfaqueados dentro de casa em Governador Valadares - Aconteceu no Vale","robots":{"index":"index","follow":"follow","max-snippet":"max-snippet:-1","max-image-preview":"max-image-preview:large","max-video-preview":"max-video-preview:-1"},"canonical":"https:\/\/aconteceunovale.com.br\/portal\/?p=128935","og_locale":"pt_BR","og_type":"article","og_title":"Pai e filho s\u00e3o esfaqueados dentro de casa em Governador Valadares - Aconteceu no Vale","og_description":"Um homem de 48 anos e o filho dele, de 22, foram esfaqueados dentro de casa em Governador Valadares, na madrugada de quarta-feira (28\/02\/2018). Segundo a Pol\u00edcia Militar, eles estavam deitados, quando dois criminosos arrombaram a porta da resid\u00eancia e cometeram o crime. Uma idosa, de 82 anos, que mora na casa, escutou barulhos vindos [&hellip;]","og_url":"https:\/\/aconteceunovale.com.br\/portal\/?p=128935","og_site_name":"Aconteceu no Vale","article_publisher":"https:\/\/www.facebook.com\/aconteceunovale\/","article_published_time":"2018-03-02T02:51:48+00:00","og_image":[{"width":678,"height":389,"url":"https:\/\/aconteceunovale.com.br\/portal\/wp-content\/uploads\/2015\/10\/plantao_giroflex.jpg","type":"image\/jpeg"}],"author":"Aconteceu no Vale","twitter_card":"summary_large_image","twitter_creator":"@noticiadosvales","twitter_site":"@noticiadosvales","twitter_misc":{"Escrito por":"Aconteceu no Vale","Est. tempo de leitura":"2 minutos"},"schema":{"@context":"https:\/\/schema.org","@graph":[{"@type":"Article","@id":"https:\/\/aconteceunovale.com.br\/portal\/?p=128935#article","isPartOf":{"@id":"https:\/\/aconteceunovale.com.br\/portal\/?p=128935"},"author":{"name":"Aconteceu no Vale","@id":"https:\/\/aconteceunovale.com.br\/portal\/#\/schema\/person\/633529146f2c94272bef50ac2953d589"},"headline":"Pai e filho s\u00e3o esfaqueados dentro de casa em Governador Valadares","datePublished":"2018-03-02T02:51:48+00:00","mainEntityOfPage":{"@id":"https:\/\/aconteceunovale.com.br\/portal\/?p=128935"},"wordCount":328,"commentCount":0,"image":{"@id":"https:\/\/aconteceunovale.com.br\/portal\/?p=128935#primaryimage"},"thumbnailUrl":"https:\/\/aconteceunovale.com.br\/portal\/wp-content\/uploads\/2015\/10\/plantao_giroflex.jpg","keywords":["Adolescente \u00e9 morto ap\u00f3s briga em escola","Adolescente \u00e9 morto ap\u00f3s briga em escola em Governador Valadares","Esfaqueados em Governador Valadares","Gabriel Vitor Vieira da Silva","Governador Valadares","homic\u00eddio em governador valadares","morte em Governador Valadares","Pai e filho s\u00e3o esfaqueados dentro de casa em Governador Valadares","Pai e filho s\u00e3o esfaqueados em Governador Valadares","Tentativa de homic\u00eddio em Governador Valadares","viol\u00eancia em Governador Valadares"],"articleSection":["Leste de Minas"],"inLanguage":"pt-BR","potentialAction":[{"@type":"CommentAction","name":"Comment","target":["https:\/\/aconteceunovale.com.br\/portal\/?p=128935#respond"]}]},{"@type":"WebPage","@id":"https:\/\/aconteceunovale.com.br\/portal\/?p=128935","url":"https:\/\/aconteceunovale.com.br\/portal\/?p=128935","name":"Pai e filho s\u00e3o esfaqueados dentro de casa em Governador Valadares - Aconteceu no Vale","isPartOf":{"@id":"https:\/\/aconteceunovale.com.br\/portal\/#website"},"primaryImageOfPage":{"@id":"https:\/\/aconteceunovale.com.br\/portal\/?p=128935#primaryimage"},"image":{"@id":"https:\/\/aconteceunovale.com.br\/portal\/?p=128935#primaryimage"},"thumbnailUrl":"https:\/\/aconteceunovale.com.br\/portal\/wp-content\/uploads\/2015\/10\/plantao_giroflex.jpg","datePublished":"2018-03-02T02:51:48+00:00","author":{"@id":"https:\/\/aconteceunovale.com.br\/portal\/#\/schema\/person\/633529146f2c94272bef50ac2953d589"},"breadcrumb":{"@id":"https:\/\/aconteceunovale.com.br\/portal\/?p=128935#breadcrumb"},"inLanguage":"pt-BR","potentialAction":[{"@type":"ReadAction","target":["https:\/\/aconteceunovale.com.br\/portal\/?p=128935"]}]},{"@type":"ImageObject","inLanguage":"pt-BR","@id":"https:\/\/aconteceunovale.com.br\/portal\/?p=128935#primaryimage","url":"https:\/\/aconteceunovale.com.br\/portal\/wp-content\/uploads\/2015\/10\/plantao_giroflex.jpg","contentUrl":"https:\/\/aconteceunovale.com.br\/portal\/wp-content\/uploads\/2015\/10\/plantao_giroflex.jpg","width":678,"height":389},{"@type":"BreadcrumbList","@id":"https:\/\/aconteceunovale.com.br\/portal\/?p=128935#breadcrumb","itemListElement":[{"@type":"ListItem","position":1,"name":"In\u00edcio","item":"https:\/\/aconteceunovale.com.br\/portal\/"},{"@type":"ListItem","position":2,"name":"Pai e filho s\u00e3o esfaqueados dentro de casa em Governador Valadares"}]},{"@type":"WebSite","@id":"https:\/\/aconteceunovale.com.br\/portal\/#website","url":"https:\/\/aconteceunovale.com.br\/portal\/","name":"Aconteceu no Vale","description":"Portal de Not\u00edcias","potentialAction":[{"@type":"SearchAction","target":{"@type":"EntryPoint","urlTemplate":"https:\/\/aconteceunovale.com.br\/portal\/?s={search_term_string}"},"query-input":{"@type":"PropertyValueSpecification","valueRequired":true,"valueName":"search_term_string"}}],"inLanguage":"pt-BR"},{"@type":"Person","@id":"https:\/\/aconteceunovale.com.br\/portal\/#\/schema\/person\/633529146f2c94272bef50ac2953d589","name":"Aconteceu no Vale","description":"Equipe de reportagem do Aconteceu no Vale, portal de not\u00edcias do Vale do Jequitinhonha, em Minas Gerais. Cobrimos as 51 cidades do Vale desde 2013. Sugest\u00f5es de pauta e pedidos de corre\u00e7\u00e3o: contato@aconteceunovale.com.br","sameAs":["http:\/\/www.aconteceunovale.com.br"],"url":"https:\/\/aconteceunovale.com.br\/portal\/?author=1"}]}},"_links":{"self":[{"href":"https:\/\/aconteceunovale.com.br\/portal\/index.php?rest_route=\/wp\/v2\/posts\/128935","targetHints":{"allow":["GET"]}}],"collection":[{"href":"https:\/\/aconteceunovale.com.br\/portal\/index.php?rest_route=\/wp\/v2\/posts"}],"about":[{"href":"https:\/\/aconteceunovale.com.br\/portal\/index.php?rest_route=\/wp\/v2\/types\/post"}],"author":[{"embeddable":true,"href":"https:\/\/aconteceunovale.com.br\/portal\/index.php?rest_route=\/wp\/v2\/users\/1"}],"replies":[{"embeddable":true,"href":"https:\/\/aconteceunovale.com.br\/portal\/index.php?rest_route=%2Fwp%2Fv2%2Fcomments&post=128935"}],"version-history":[{"count":0,"href":"https:\/\/aconteceunovale.com.br\/portal\/index.php?rest_route=\/wp\/v2\/posts\/128935\/revisions"}],"wp:featuredmedia":[{"embeddable":true,"href":"https:\/\/aconteceunovale.com.br\/portal\/index.php?rest_route=\/wp\/v2\/media\/71442"}],"wp:attachment":[{"href":"https:\/\/aconteceunovale.com.br\/portal\/index.php?rest_route=%2Fwp%2Fv2%2Fmedia&parent=128935"}],"wp:term":[{"taxonomy":"category","embeddable":true,"href":"https:\/\/aconteceunovale.com.br\/portal\/index.php?rest_route=%2Fwp%2Fv2%2Fcategories&post=128935"},{"taxonomy":"post_tag","embeddable":true,"href":"https:\/\/aconteceunovale.com.br\/portal\/index.php?rest_route=%2Fwp%2Fv2%2Ftags&post=128935"}],"curies":[{"name":"wp","href":"https:\/\/api.w.org\/{rel}","templated":true}]}}