{"id":128927,"date":"2018-03-02T00:00:04","date_gmt":"2018-03-02T02:00:04","guid":{"rendered":"http:\/\/aconteceunovale.com.br\/portal\/?p=128927"},"modified":"2018-03-02T00:00:04","modified_gmt":"2018-03-02T02:00:04","slug":"incendio-destroi-sede-de-fazenda-no-municipio-de-galileia-no-vale-do-rio-doce","status":"publish","type":"post","link":"https:\/\/aconteceunovale.com.br\/portal\/?p=128927","title":{"rendered":"Inc\u00eandio destr\u00f3i sede de fazenda no munic\u00edpio de Galil\u00e9ia, no Vale do Rio Doce"},"content":{"rendered":"<p>A sede de uma fazenda ficou completamente destru\u00edda ap\u00f3s um inc\u00eandio na manh\u00e3 desta quinta-feira (01\/03\/2018) na zona rural de Galil\u00e9ia, no Vale do Rio Doce. Segundo o Corpo de Bombeiros, n\u00e3o houve feridos, pois n\u00e3o havia ningu\u00e9m na resid\u00eancia quando o fogo come\u00e7ou.<\/p>\n<p>\u201cDevido \u00e0 dist\u00e2ncia do quartel, encontramos o inc\u00eandio em sua fase final quando chegamos ao local e come\u00e7amos a fazer o rescaldo para extinguir as chamas. Encontramos a resid\u00eancia totalmente comprometida. Em alguns c\u00f4modos h\u00e1 possibilidade de serem preservados, mas isso s\u00f3 d\u00e1 para saber depois do combate final\u201d, explicou o tenente Andr\u00e9 Dutra.<\/p>\n<p>O dono da resid\u00eancia contou que havia sa\u00eddo de casa cerca de uma hora antes dos bombeiros serem acionados. \u201cEu tratei das cria\u00e7\u00f5es e sa\u00ed por volta das 10h. Estava prestes a almo\u00e7ar na casa de um amigo quando fui avisado. Quando cheguei aqui, j\u00e1 n\u00e3o tinha como recuperar mais nada. Meus m\u00f3veis eram todos de madeira r\u00fastica, coisa cara. Eu tinha vendido gado. Tinha deixado R$ 10 mil da venda em casa. Roupa nova, sapato, cord\u00e3o de ouro, documentos, perdi tudo, menos a vida, que \u00e9 o que importa\u201d, contou o produtor Josias Assis de Oliveira.<\/p>\n<p>As causas do inc\u00eandio s\u00e3o desconhecidas e a per\u00edcia foi acionada para investigar o caso.<\/p>\n<p><img decoding=\"async\" src=\"http:\/\/aconteceunovale.com.br\/portal\/wp-content\/uploads\/2018\/03\/incendio_galileia.jpg\" alt=\"\" \/><em>Fogo consumiu todos os c\u00f4modos da resid\u00eancia (Foto: Tiago Lopes\/InterTV dos Vales)<\/em><br \/>\n<\/br><\/p>\n<p><strong>VER PRIMEIRO<\/strong><\/p>\n<p>Receba as not\u00edcias do Aconteceu no Vale em primeira m\u00e3o. Clique em curtir no endere\u00e7o <a href=\"https:\/\/www.facebook.com\/aconteceunovale\" target=\"_blank\"><font color=\"red\">www.facebook.com\/aconteceunovale<\/font><\/a> ou no box abaixo:<\/p>\n<div class=\"fb-like\" data-href=\"https:\/\/www.facebook.com\/aconteceunovale\" data-width=\"120\" data-layout=\"standard\" data-action=\"like\" data-size=\"small\" data-show-faces=\"true\" data-share=\"true\"><\/div>\n<p><\/br><\/p>\n<p><em>(Fonte: G1 Vales)<\/em><\/p>\n","protected":false},"excerpt":{"rendered":"<p>A sede de uma fazenda ficou completamente destru\u00edda ap\u00f3s um inc\u00eandio na manh\u00e3 desta quinta-feira (01\/03\/2018) na zona rural de Galil\u00e9ia, no Vale do Rio Doce. Segundo o Corpo de Bombeiros, n\u00e3o houve feridos, pois n\u00e3o havia ningu\u00e9m na resid\u00eancia quando o fogo come\u00e7ou. \u201cDevido \u00e0 dist\u00e2ncia do quartel, encontramos o inc\u00eandio em sua fase [&hellip;]<\/p>\n","protected":false},"author":1,"featured_media":128928,"comment_status":"open","ping_status":"closed","sticky":false,"template":"","format":"standard","meta":{"amp_status":"","footnotes":""},"categories":[121],"tags":[292,169923,169921,169920,169922,58056],"class_list":["post-128927","post","type-post","status-publish","format-standard","has-post-thumbnail","hentry","category-leste","tag-galileia","tag-incendio-destroi-sede-de-fazenda-no-municipio-de-galileia","tag-incendio-em-fazenda-no-municipio-de-galileia","tag-incendio-em-galileia","tag-josias-assis-de-oliveira","tag-no-vale-do-rio-doce"],"yoast_head":"<!-- This site is optimized with the Yoast SEO plugin v28.3 - https:\/\/yoast.com\/product\/yoast-seo-wordpress\/ -->\n<title>Inc\u00eandio destr\u00f3i sede de fazenda no munic\u00edpio de Galil\u00e9ia, no Vale do Rio Doce - Aconteceu no Vale<\/title>\n<meta name=\"robots\" content=\"index, follow, max-snippet:-1, max-image-preview:large, max-video-preview:-1\" \/>\n<link rel=\"canonical\" href=\"https:\/\/aconteceunovale.com.br\/portal\/?p=128927\" \/>\n<meta property=\"og:locale\" content=\"pt_BR\" \/>\n<meta property=\"og:type\" content=\"article\" \/>\n<meta property=\"og:title\" content=\"Inc\u00eandio destr\u00f3i sede de fazenda no munic\u00edpio de Galil\u00e9ia, no Vale do Rio Doce - Aconteceu no Vale\" \/>\n<meta property=\"og:description\" content=\"A sede de uma fazenda ficou completamente destru\u00edda ap\u00f3s um inc\u00eandio na manh\u00e3 desta quinta-feira (01\/03\/2018) na zona rural de Galil\u00e9ia, no Vale do Rio Doce. Segundo o Corpo de Bombeiros, n\u00e3o houve feridos, pois n\u00e3o havia ningu\u00e9m na resid\u00eancia quando o fogo come\u00e7ou. \u201cDevido \u00e0 dist\u00e2ncia do quartel, encontramos o inc\u00eandio em sua fase [&hellip;]\" \/>\n<meta property=\"og:url\" content=\"https:\/\/aconteceunovale.com.br\/portal\/?p=128927\" \/>\n<meta property=\"og:site_name\" content=\"Aconteceu no Vale\" \/>\n<meta property=\"article:publisher\" content=\"https:\/\/www.facebook.com\/aconteceunovale\/\" \/>\n<meta property=\"article:published_time\" content=\"2018-03-02T02:00:04+00:00\" \/>\n<meta property=\"og:image\" content=\"https:\/\/aconteceunovale.com.br\/portal\/wp-content\/uploads\/2018\/03\/incendio_galileia.jpg\" \/>\n\t<meta property=\"og:image:width\" content=\"678\" \/>\n\t<meta property=\"og:image:height\" content=\"444\" \/>\n\t<meta property=\"og:image:type\" content=\"image\/jpeg\" \/>\n<meta name=\"author\" content=\"Aconteceu no Vale\" \/>\n<meta name=\"twitter:card\" content=\"summary_large_image\" \/>\n<meta name=\"twitter:creator\" content=\"@noticiadosvales\" \/>\n<meta name=\"twitter:site\" content=\"@noticiadosvales\" \/>\n<meta name=\"twitter:label1\" content=\"Escrito por\" \/>\n\t<meta name=\"twitter:data1\" content=\"Aconteceu no Vale\" \/>\n\t<meta name=\"twitter:label2\" content=\"Est. tempo de leitura\" \/>\n\t<meta name=\"twitter:data2\" content=\"1 minuto\" \/>\n<script type=\"application\/ld+json\" class=\"yoast-schema-graph\">{\"@context\":\"https:\\\/\\\/schema.org\",\"@graph\":[{\"@type\":\"Article\",\"@id\":\"https:\\\/\\\/aconteceunovale.com.br\\\/portal\\\/?p=128927#article\",\"isPartOf\":{\"@id\":\"https:\\\/\\\/aconteceunovale.com.br\\\/portal\\\/?p=128927\"},\"author\":{\"name\":\"Aconteceu no Vale\",\"@id\":\"https:\\\/\\\/aconteceunovale.com.br\\\/portal\\\/#\\\/schema\\\/person\\\/633529146f2c94272bef50ac2953d589\"},\"headline\":\"Inc\u00eandio destr\u00f3i sede de fazenda no munic\u00edpio de Galil\u00e9ia, no Vale do Rio Doce\",\"datePublished\":\"2018-03-02T02:00:04+00:00\",\"mainEntityOfPage\":{\"@id\":\"https:\\\/\\\/aconteceunovale.com.br\\\/portal\\\/?p=128927\"},\"wordCount\":295,\"commentCount\":0,\"image\":{\"@id\":\"https:\\\/\\\/aconteceunovale.com.br\\\/portal\\\/?p=128927#primaryimage\"},\"thumbnailUrl\":\"https:\\\/\\\/aconteceunovale.com.br\\\/portal\\\/wp-content\\\/uploads\\\/2018\\\/03\\\/incendio_galileia.jpg\",\"keywords\":[\"Galil\u00e9ia\",\"Inc\u00eandio destr\u00f3i sede de fazenda no munic\u00edpio de Galil\u00e9ia\",\"Inc\u00eandio em fazenda no munic\u00edpio de Galil\u00e9ia\",\"Inc\u00eandio em Galil\u00e9ia\",\"Josias Assis de Oliveira\",\"no Vale do Rio Doce\"],\"articleSection\":[\"Leste de Minas\"],\"inLanguage\":\"pt-BR\",\"potentialAction\":[{\"@type\":\"CommentAction\",\"name\":\"Comment\",\"target\":[\"https:\\\/\\\/aconteceunovale.com.br\\\/portal\\\/?p=128927#respond\"]}]},{\"@type\":\"WebPage\",\"@id\":\"https:\\\/\\\/aconteceunovale.com.br\\\/portal\\\/?p=128927\",\"url\":\"https:\\\/\\\/aconteceunovale.com.br\\\/portal\\\/?p=128927\",\"name\":\"Inc\u00eandio destr\u00f3i sede de fazenda no munic\u00edpio de Galil\u00e9ia, no Vale do Rio Doce - Aconteceu no Vale\",\"isPartOf\":{\"@id\":\"https:\\\/\\\/aconteceunovale.com.br\\\/portal\\\/#website\"},\"primaryImageOfPage\":{\"@id\":\"https:\\\/\\\/aconteceunovale.com.br\\\/portal\\\/?p=128927#primaryimage\"},\"image\":{\"@id\":\"https:\\\/\\\/aconteceunovale.com.br\\\/portal\\\/?p=128927#primaryimage\"},\"thumbnailUrl\":\"https:\\\/\\\/aconteceunovale.com.br\\\/portal\\\/wp-content\\\/uploads\\\/2018\\\/03\\\/incendio_galileia.jpg\",\"datePublished\":\"2018-03-02T02:00:04+00:00\",\"author\":{\"@id\":\"https:\\\/\\\/aconteceunovale.com.br\\\/portal\\\/#\\\/schema\\\/person\\\/633529146f2c94272bef50ac2953d589\"},\"breadcrumb\":{\"@id\":\"https:\\\/\\\/aconteceunovale.com.br\\\/portal\\\/?p=128927#breadcrumb\"},\"inLanguage\":\"pt-BR\",\"potentialAction\":[{\"@type\":\"ReadAction\",\"target\":[\"https:\\\/\\\/aconteceunovale.com.br\\\/portal\\\/?p=128927\"]}]},{\"@type\":\"ImageObject\",\"inLanguage\":\"pt-BR\",\"@id\":\"https:\\\/\\\/aconteceunovale.com.br\\\/portal\\\/?p=128927#primaryimage\",\"url\":\"https:\\\/\\\/aconteceunovale.com.br\\\/portal\\\/wp-content\\\/uploads\\\/2018\\\/03\\\/incendio_galileia.jpg\",\"contentUrl\":\"https:\\\/\\\/aconteceunovale.com.br\\\/portal\\\/wp-content\\\/uploads\\\/2018\\\/03\\\/incendio_galileia.jpg\",\"width\":678,\"height\":444},{\"@type\":\"BreadcrumbList\",\"@id\":\"https:\\\/\\\/aconteceunovale.com.br\\\/portal\\\/?p=128927#breadcrumb\",\"itemListElement\":[{\"@type\":\"ListItem\",\"position\":1,\"name\":\"In\u00edcio\",\"item\":\"https:\\\/\\\/aconteceunovale.com.br\\\/portal\\\/\"},{\"@type\":\"ListItem\",\"position\":2,\"name\":\"Inc\u00eandio destr\u00f3i sede de fazenda no munic\u00edpio de Galil\u00e9ia, no Vale do Rio Doce\"}]},{\"@type\":\"WebSite\",\"@id\":\"https:\\\/\\\/aconteceunovale.com.br\\\/portal\\\/#website\",\"url\":\"https:\\\/\\\/aconteceunovale.com.br\\\/portal\\\/\",\"name\":\"Aconteceu no Vale\",\"description\":\"Portal de Not\u00edcias\",\"potentialAction\":[{\"@type\":\"SearchAction\",\"target\":{\"@type\":\"EntryPoint\",\"urlTemplate\":\"https:\\\/\\\/aconteceunovale.com.br\\\/portal\\\/?s={search_term_string}\"},\"query-input\":{\"@type\":\"PropertyValueSpecification\",\"valueRequired\":true,\"valueName\":\"search_term_string\"}}],\"inLanguage\":\"pt-BR\"},{\"@type\":\"Person\",\"@id\":\"https:\\\/\\\/aconteceunovale.com.br\\\/portal\\\/#\\\/schema\\\/person\\\/633529146f2c94272bef50ac2953d589\",\"name\":\"Aconteceu no Vale\",\"description\":\"Equipe de reportagem do Aconteceu no Vale, portal de not\u00edcias do Vale do Jequitinhonha, em Minas Gerais. Cobrimos as 51 cidades do Vale desde 2013. Sugest\u00f5es de pauta e pedidos de corre\u00e7\u00e3o: contato@aconteceunovale.com.br\",\"sameAs\":[\"http:\\\/\\\/www.aconteceunovale.com.br\"],\"url\":\"https:\\\/\\\/aconteceunovale.com.br\\\/portal\\\/?author=1\"}]}<\/script>\n<!-- \/ Yoast SEO plugin. -->","yoast_head_json":{"title":"Inc\u00eandio destr\u00f3i sede de fazenda no munic\u00edpio de Galil\u00e9ia, no Vale do Rio Doce - Aconteceu no Vale","robots":{"index":"index","follow":"follow","max-snippet":"max-snippet:-1","max-image-preview":"max-image-preview:large","max-video-preview":"max-video-preview:-1"},"canonical":"https:\/\/aconteceunovale.com.br\/portal\/?p=128927","og_locale":"pt_BR","og_type":"article","og_title":"Inc\u00eandio destr\u00f3i sede de fazenda no munic\u00edpio de Galil\u00e9ia, no Vale do Rio Doce - Aconteceu no Vale","og_description":"A sede de uma fazenda ficou completamente destru\u00edda ap\u00f3s um inc\u00eandio na manh\u00e3 desta quinta-feira (01\/03\/2018) na zona rural de Galil\u00e9ia, no Vale do Rio Doce. Segundo o Corpo de Bombeiros, n\u00e3o houve feridos, pois n\u00e3o havia ningu\u00e9m na resid\u00eancia quando o fogo come\u00e7ou. \u201cDevido \u00e0 dist\u00e2ncia do quartel, encontramos o inc\u00eandio em sua fase [&hellip;]","og_url":"https:\/\/aconteceunovale.com.br\/portal\/?p=128927","og_site_name":"Aconteceu no Vale","article_publisher":"https:\/\/www.facebook.com\/aconteceunovale\/","article_published_time":"2018-03-02T02:00:04+00:00","og_image":[{"width":678,"height":444,"url":"https:\/\/aconteceunovale.com.br\/portal\/wp-content\/uploads\/2018\/03\/incendio_galileia.jpg","type":"image\/jpeg"}],"author":"Aconteceu no Vale","twitter_card":"summary_large_image","twitter_creator":"@noticiadosvales","twitter_site":"@noticiadosvales","twitter_misc":{"Escrito por":"Aconteceu no Vale","Est. tempo de leitura":"1 minuto"},"schema":{"@context":"https:\/\/schema.org","@graph":[{"@type":"Article","@id":"https:\/\/aconteceunovale.com.br\/portal\/?p=128927#article","isPartOf":{"@id":"https:\/\/aconteceunovale.com.br\/portal\/?p=128927"},"author":{"name":"Aconteceu no Vale","@id":"https:\/\/aconteceunovale.com.br\/portal\/#\/schema\/person\/633529146f2c94272bef50ac2953d589"},"headline":"Inc\u00eandio destr\u00f3i sede de fazenda no munic\u00edpio de Galil\u00e9ia, no Vale do Rio Doce","datePublished":"2018-03-02T02:00:04+00:00","mainEntityOfPage":{"@id":"https:\/\/aconteceunovale.com.br\/portal\/?p=128927"},"wordCount":295,"commentCount":0,"image":{"@id":"https:\/\/aconteceunovale.com.br\/portal\/?p=128927#primaryimage"},"thumbnailUrl":"https:\/\/aconteceunovale.com.br\/portal\/wp-content\/uploads\/2018\/03\/incendio_galileia.jpg","keywords":["Galil\u00e9ia","Inc\u00eandio destr\u00f3i sede de fazenda no munic\u00edpio de Galil\u00e9ia","Inc\u00eandio em fazenda no munic\u00edpio de Galil\u00e9ia","Inc\u00eandio em Galil\u00e9ia","Josias Assis de Oliveira","no Vale do Rio Doce"],"articleSection":["Leste de Minas"],"inLanguage":"pt-BR","potentialAction":[{"@type":"CommentAction","name":"Comment","target":["https:\/\/aconteceunovale.com.br\/portal\/?p=128927#respond"]}]},{"@type":"WebPage","@id":"https:\/\/aconteceunovale.com.br\/portal\/?p=128927","url":"https:\/\/aconteceunovale.com.br\/portal\/?p=128927","name":"Inc\u00eandio destr\u00f3i sede de fazenda no munic\u00edpio de Galil\u00e9ia, no Vale do Rio Doce - Aconteceu no Vale","isPartOf":{"@id":"https:\/\/aconteceunovale.com.br\/portal\/#website"},"primaryImageOfPage":{"@id":"https:\/\/aconteceunovale.com.br\/portal\/?p=128927#primaryimage"},"image":{"@id":"https:\/\/aconteceunovale.com.br\/portal\/?p=128927#primaryimage"},"thumbnailUrl":"https:\/\/aconteceunovale.com.br\/portal\/wp-content\/uploads\/2018\/03\/incendio_galileia.jpg","datePublished":"2018-03-02T02:00:04+00:00","author":{"@id":"https:\/\/aconteceunovale.com.br\/portal\/#\/schema\/person\/633529146f2c94272bef50ac2953d589"},"breadcrumb":{"@id":"https:\/\/aconteceunovale.com.br\/portal\/?p=128927#breadcrumb"},"inLanguage":"pt-BR","potentialAction":[{"@type":"ReadAction","target":["https:\/\/aconteceunovale.com.br\/portal\/?p=128927"]}]},{"@type":"ImageObject","inLanguage":"pt-BR","@id":"https:\/\/aconteceunovale.com.br\/portal\/?p=128927#primaryimage","url":"https:\/\/aconteceunovale.com.br\/portal\/wp-content\/uploads\/2018\/03\/incendio_galileia.jpg","contentUrl":"https:\/\/aconteceunovale.com.br\/portal\/wp-content\/uploads\/2018\/03\/incendio_galileia.jpg","width":678,"height":444},{"@type":"BreadcrumbList","@id":"https:\/\/aconteceunovale.com.br\/portal\/?p=128927#breadcrumb","itemListElement":[{"@type":"ListItem","position":1,"name":"In\u00edcio","item":"https:\/\/aconteceunovale.com.br\/portal\/"},{"@type":"ListItem","position":2,"name":"Inc\u00eandio destr\u00f3i sede de fazenda no munic\u00edpio de Galil\u00e9ia, no Vale do Rio Doce"}]},{"@type":"WebSite","@id":"https:\/\/aconteceunovale.com.br\/portal\/#website","url":"https:\/\/aconteceunovale.com.br\/portal\/","name":"Aconteceu no Vale","description":"Portal de Not\u00edcias","potentialAction":[{"@type":"SearchAction","target":{"@type":"EntryPoint","urlTemplate":"https:\/\/aconteceunovale.com.br\/portal\/?s={search_term_string}"},"query-input":{"@type":"PropertyValueSpecification","valueRequired":true,"valueName":"search_term_string"}}],"inLanguage":"pt-BR"},{"@type":"Person","@id":"https:\/\/aconteceunovale.com.br\/portal\/#\/schema\/person\/633529146f2c94272bef50ac2953d589","name":"Aconteceu no Vale","description":"Equipe de reportagem do Aconteceu no Vale, portal de not\u00edcias do Vale do Jequitinhonha, em Minas Gerais. Cobrimos as 51 cidades do Vale desde 2013. Sugest\u00f5es de pauta e pedidos de corre\u00e7\u00e3o: contato@aconteceunovale.com.br","sameAs":["http:\/\/www.aconteceunovale.com.br"],"url":"https:\/\/aconteceunovale.com.br\/portal\/?author=1"}]}},"_links":{"self":[{"href":"https:\/\/aconteceunovale.com.br\/portal\/index.php?rest_route=\/wp\/v2\/posts\/128927","targetHints":{"allow":["GET"]}}],"collection":[{"href":"https:\/\/aconteceunovale.com.br\/portal\/index.php?rest_route=\/wp\/v2\/posts"}],"about":[{"href":"https:\/\/aconteceunovale.com.br\/portal\/index.php?rest_route=\/wp\/v2\/types\/post"}],"author":[{"embeddable":true,"href":"https:\/\/aconteceunovale.com.br\/portal\/index.php?rest_route=\/wp\/v2\/users\/1"}],"replies":[{"embeddable":true,"href":"https:\/\/aconteceunovale.com.br\/portal\/index.php?rest_route=%2Fwp%2Fv2%2Fcomments&post=128927"}],"version-history":[{"count":0,"href":"https:\/\/aconteceunovale.com.br\/portal\/index.php?rest_route=\/wp\/v2\/posts\/128927\/revisions"}],"wp:featuredmedia":[{"embeddable":true,"href":"https:\/\/aconteceunovale.com.br\/portal\/index.php?rest_route=\/wp\/v2\/media\/128928"}],"wp:attachment":[{"href":"https:\/\/aconteceunovale.com.br\/portal\/index.php?rest_route=%2Fwp%2Fv2%2Fmedia&parent=128927"}],"wp:term":[{"taxonomy":"category","embeddable":true,"href":"https:\/\/aconteceunovale.com.br\/portal\/index.php?rest_route=%2Fwp%2Fv2%2Fcategories&post=128927"},{"taxonomy":"post_tag","embeddable":true,"href":"https:\/\/aconteceunovale.com.br\/portal\/index.php?rest_route=%2Fwp%2Fv2%2Ftags&post=128927"}],"curies":[{"name":"wp","href":"https:\/\/api.w.org\/{rel}","templated":true}]}}