{"id":128922,"date":"2018-03-01T23:51:47","date_gmt":"2018-03-02T01:51:47","guid":{"rendered":"http:\/\/aconteceunovale.com.br\/portal\/?p=128922"},"modified":"2018-03-01T23:51:47","modified_gmt":"2018-03-02T01:51:47","slug":"dois-foragidos-da-justica-sao-presos-pela-prf-em-teofilo-otoni","status":"publish","type":"post","link":"https:\/\/aconteceunovale.com.br\/portal\/?p=128922","title":{"rendered":"Dois foragidos da Justi\u00e7a s\u00e3o presos pela PRF em Te\u00f3filo Otoni"},"content":{"rendered":"<p>Um homem de 37 anos foi preso na BR-116 na tarde desta quinta-feira (01\/03\/2018), pr\u00f3ximo a Te\u00f3filo Otoni, no Vale do Mucuri. Segundo a Pol\u00edcia Rodovi\u00e1ria Federal (PRF), o autor estava com mandado de pris\u00e3o aberto da cidade de Vit\u00f3ria (ES) por um homic\u00eddio e vinha praticando roubos em cidades mineiras.<\/p>\n<p>A Pol\u00edcia Rodovi\u00e1ria Federal chegou at\u00e9 ele ap\u00f3s uma informa\u00e7\u00e3o que o autor de um roubo em Itambacuri (MG) tinha fugido em uma moto azul sentido \u00e0 rodovia federal. Os policiais rodovi\u00e1rios seguiram na dire\u00e7\u00e3o da cidade, interceptando o suspeito e realizando a abordagem. Com o homem foi encontrado um rev\u00f3lver calibre 22 e quatro muni\u00e7\u00f5es intactas; ele utilizava a arma para amea\u00e7ar as v\u00edtimas e realizar os roubos.<\/p>\n<p>Com ele tamb\u00e9m foram apreendidos dois celulares, uma bucha de maconha, balan\u00e7a de precis\u00e3o e tr\u00eas \u00f3culos escuros; a moto que o homem estava tinha queixa de roubo, ocorrido no in\u00edcio da semana, em Teixeira de Freitas, na Bahia.<\/p>\n<p>O homem confessou a pr\u00e1tica de crimes em Itambacuri, bem como o roubo da moto na cidade baiana. Ele contou ainda que ap\u00f3s sair da Bahia, foi at\u00e9 Ipatinga, onde roubou um dos celulares apreendidos, voltando em dire\u00e7\u00e3o ao Vale do Mucuri.<\/p>\n<p>A PRF descobriu ainda um mandado de pris\u00e3o emitido contra o suspeito; o homem disse que foi condenado a 27 anos de pris\u00e3o e que estava cumprindo pena na cidade de Juiz de Fora, mas conseguiu fugir da penitenci\u00e1ria em 2016.<\/p>\n<p>O autor e o material apreendido foram encaminhados \u00e0 Delegacia de Pol\u00edcia Civil de Te\u00f3filo Otoni.<\/p>\n<p><img decoding=\"async\" src=\"http:\/\/aconteceunovale.com.br\/portal\/wp-content\/uploads\/2018\/03\/presos_prf_teo_1.jpg\" alt=\"\" \/><em>Ap\u00f3s ser capturado, foragido da Justi\u00e7a confessou diversos roubos (Foto: PRF\/Divulga\u00e7\u00e3o)<\/em><br \/>\n<\/br><\/p>\n<p><img decoding=\"async\" src=\"http:\/\/aconteceunovale.com.br\/portal\/wp-content\/uploads\/2018\/03\/presos_prf_teo_2.jpg\" alt=\"\" \/><em>Rev\u00f3lver, celulares, \u00f3culos escuros e droga foram apreendidos (Foto: PRF\/Divulga\u00e7\u00e3o)<\/em><br \/>\n<\/br><\/p>\n<h4>Passageiro de \u00f4nibus \u00e9 preso por tr\u00e1fico<\/h4>\n<p>Um homem de 44 anos foi preso na tarde de quarta-feira (28\/02) durante uma fiscaliza\u00e7\u00e3o na BR-116, em Te\u00f3filo Otoni. Segundo a Pol\u00edcia Rodovi\u00e1ria Federal, o suspeito era passageiro em um \u00f4nibus que saiu de Campinas (SP) com destino a Salvador (BA).<\/p>\n<p>Ao realizarem a fiscaliza\u00e7\u00e3o no \u00f4nibus, os policiais constataram que havia um mandado de pris\u00e3o contra o passageiro pelo crime de tr\u00e1fico de drogas no estado de S\u00e3o Paulo. O homem foi preso e encaminhado \u00e0 Delegacia de Pol\u00edcia Civil da cidade.<\/p>\n<p><img decoding=\"async\" src=\"http:\/\/aconteceunovale.com.br\/portal\/wp-content\/uploads\/2018\/03\/presos_prf_teo_3.jpg\" alt=\"\" \/><em>Passageiro de \u00f4nibus foi preso na BR-116 (Foto: PRF\/Divulga\u00e7\u00e3o)<\/em><br \/>\n<\/br><\/p>\n<p><strong>VER PRIMEIRO<\/strong><\/p>\n<p>Receba as not\u00edcias do Aconteceu no Vale em primeira m\u00e3o. Clique em curtir no endere\u00e7o <a href=\"https:\/\/www.facebook.com\/aconteceunovale\" target=\"_blank\"><font color=\"red\">www.facebook.com\/aconteceunovale<\/font><\/a> ou no box abaixo:<\/p>\n<div class=\"fb-like\" data-href=\"https:\/\/www.facebook.com\/aconteceunovale\" data-width=\"120\" data-layout=\"standard\" data-action=\"like\" data-size=\"small\" data-show-faces=\"true\" data-share=\"true\"><\/div>\n<p><\/br><\/p>\n<p><em>(Fonte: G1 Vales)<\/em><\/p>\n","protected":false},"excerpt":{"rendered":"<p>Um homem de 37 anos foi preso na BR-116 na tarde desta quinta-feira (01\/03\/2018), pr\u00f3ximo a Te\u00f3filo Otoni, no Vale do Mucuri. Segundo a Pol\u00edcia Rodovi\u00e1ria Federal (PRF), o autor estava com mandado de pris\u00e3o aberto da cidade de Vit\u00f3ria (ES) por um homic\u00eddio e vinha praticando roubos em cidades mineiras. A Pol\u00edcia Rodovi\u00e1ria Federal [&hellip;]<\/p>\n","protected":false},"author":1,"featured_media":128925,"comment_status":"open","ping_status":"closed","sticky":false,"template":"","format":"standard","meta":{"amp_status":"","footnotes":""},"categories":[122],"tags":[57038,4607,1018,169919,169916,169914,201,188,206,169917,169918,79096,159558,169915,57039,6531,15841,164,9763],"class_list":["post-128922","post","type-post","status-publish","format-standard","has-post-thumbnail","hentry","category-mucuri","tag-assalto-em-itambacuri","tag-campinas","tag-destaque","tag-dois-foragidos-da-justica-sao-presos-pela-prf-em-teofilo-otoni","tag-fugitivo-da-penitenciaria-de-juiz-de-fora","tag-homicidio-em-vitoria","tag-ipatinga","tag-itambacuri","tag-juiz-de-fora","tag-passageiro-de-onibus-e-preso-por-trafico-de-drogas-na-br-116-em-teofilo-otoni","tag-passageiro-de-onibus-e-preso-por-trafico-em-teofilo-otoni","tag-preso-em-teofilo-otoni","tag-preso-na-br-116-em-teofilo-otoni","tag-preso-por-roubo-em-itambacuri","tag-roubo-em-itambacuri","tag-salvador","tag-teixeira-de-freitas","tag-teofilo-otoni","tag-vitoria"],"yoast_head":"<!-- This site is optimized with the Yoast SEO plugin v28.3 - https:\/\/yoast.com\/product\/yoast-seo-wordpress\/ -->\n<title>Dois foragidos da Justi\u00e7a s\u00e3o presos pela PRF em Te\u00f3filo Otoni - Aconteceu no Vale<\/title>\n<meta name=\"robots\" content=\"index, follow, max-snippet:-1, max-image-preview:large, max-video-preview:-1\" \/>\n<link rel=\"canonical\" href=\"https:\/\/aconteceunovale.com.br\/portal\/?p=128922\" \/>\n<meta property=\"og:locale\" content=\"pt_BR\" \/>\n<meta property=\"og:type\" content=\"article\" \/>\n<meta property=\"og:title\" content=\"Dois foragidos da Justi\u00e7a s\u00e3o presos pela PRF em Te\u00f3filo Otoni - Aconteceu no Vale\" \/>\n<meta property=\"og:description\" content=\"Um homem de 37 anos foi preso na BR-116 na tarde desta quinta-feira (01\/03\/2018), pr\u00f3ximo a Te\u00f3filo Otoni, no Vale do Mucuri. Segundo a Pol\u00edcia Rodovi\u00e1ria Federal (PRF), o autor estava com mandado de pris\u00e3o aberto da cidade de Vit\u00f3ria (ES) por um homic\u00eddio e vinha praticando roubos em cidades mineiras. A Pol\u00edcia Rodovi\u00e1ria Federal [&hellip;]\" \/>\n<meta property=\"og:url\" content=\"https:\/\/aconteceunovale.com.br\/portal\/?p=128922\" \/>\n<meta property=\"og:site_name\" content=\"Aconteceu no Vale\" \/>\n<meta property=\"article:publisher\" content=\"https:\/\/www.facebook.com\/aconteceunovale\/\" \/>\n<meta property=\"article:published_time\" content=\"2018-03-02T01:51:47+00:00\" \/>\n<meta property=\"og:image\" content=\"https:\/\/aconteceunovale.com.br\/portal\/wp-content\/uploads\/2018\/03\/presos_prf_teo_1.jpg\" \/>\n\t<meta property=\"og:image:width\" content=\"678\" \/>\n\t<meta property=\"og:image:height\" content=\"381\" \/>\n\t<meta property=\"og:image:type\" content=\"image\/jpeg\" \/>\n<meta name=\"author\" content=\"Aconteceu no Vale\" \/>\n<meta name=\"twitter:card\" content=\"summary_large_image\" \/>\n<meta name=\"twitter:creator\" content=\"@noticiadosvales\" \/>\n<meta name=\"twitter:site\" content=\"@noticiadosvales\" \/>\n<meta name=\"twitter:label1\" content=\"Escrito por\" \/>\n\t<meta name=\"twitter:data1\" content=\"Aconteceu no Vale\" \/>\n\t<meta name=\"twitter:label2\" content=\"Est. tempo de leitura\" \/>\n\t<meta name=\"twitter:data2\" content=\"2 minutos\" \/>\n<script type=\"application\/ld+json\" class=\"yoast-schema-graph\">{\"@context\":\"https:\\\/\\\/schema.org\",\"@graph\":[{\"@type\":\"Article\",\"@id\":\"https:\\\/\\\/aconteceunovale.com.br\\\/portal\\\/?p=128922#article\",\"isPartOf\":{\"@id\":\"https:\\\/\\\/aconteceunovale.com.br\\\/portal\\\/?p=128922\"},\"author\":{\"name\":\"Aconteceu no Vale\",\"@id\":\"https:\\\/\\\/aconteceunovale.com.br\\\/portal\\\/#\\\/schema\\\/person\\\/633529146f2c94272bef50ac2953d589\"},\"headline\":\"Dois foragidos da Justi\u00e7a s\u00e3o presos pela PRF em Te\u00f3filo Otoni\",\"datePublished\":\"2018-03-02T01:51:47+00:00\",\"mainEntityOfPage\":{\"@id\":\"https:\\\/\\\/aconteceunovale.com.br\\\/portal\\\/?p=128922\"},\"wordCount\":462,\"commentCount\":0,\"image\":{\"@id\":\"https:\\\/\\\/aconteceunovale.com.br\\\/portal\\\/?p=128922#primaryimage\"},\"thumbnailUrl\":\"https:\\\/\\\/aconteceunovale.com.br\\\/portal\\\/wp-content\\\/uploads\\\/2018\\\/03\\\/presos_prf_teo_1.jpg\",\"keywords\":[\"assalto em Itambacuri\",\"Campinas\",\"destaque\",\"Dois foragidos da Justi\u00e7a s\u00e3o presos pela PRF em Te\u00f3filo Otoni\",\"Fugitivo da penitenci\u00e1ria de Juiz de Fora\",\"Homic\u00eddio em Vit\u00f3ria\",\"Ipatinga\",\"Itambacuri\",\"Juiz de Fora\",\"Passageiro de \u00f4nibus \u00e9 preso por tr\u00e1fico de drogas na BR-116 em Te\u00f3filo Otoni\",\"Passageiro de \u00f4nibus \u00e9 preso por tr\u00e1fico em Te\u00f3filo Otoni\",\"preso em Te\u00f3filo Otoni\",\"Preso na BR-116 em Te\u00f3filo Otoni\",\"Preso por roubo em Itambacuri\",\"roubo em Itambacuri\",\"Salvador\",\"Teixeira de Freitas\",\"Te\u00f3filo Otoni\",\"Vit\u00f3ria\"],\"articleSection\":[\"Vale do Mucuri\"],\"inLanguage\":\"pt-BR\",\"potentialAction\":[{\"@type\":\"CommentAction\",\"name\":\"Comment\",\"target\":[\"https:\\\/\\\/aconteceunovale.com.br\\\/portal\\\/?p=128922#respond\"]}]},{\"@type\":\"WebPage\",\"@id\":\"https:\\\/\\\/aconteceunovale.com.br\\\/portal\\\/?p=128922\",\"url\":\"https:\\\/\\\/aconteceunovale.com.br\\\/portal\\\/?p=128922\",\"name\":\"Dois foragidos da Justi\u00e7a s\u00e3o presos pela PRF em Te\u00f3filo Otoni - Aconteceu no Vale\",\"isPartOf\":{\"@id\":\"https:\\\/\\\/aconteceunovale.com.br\\\/portal\\\/#website\"},\"primaryImageOfPage\":{\"@id\":\"https:\\\/\\\/aconteceunovale.com.br\\\/portal\\\/?p=128922#primaryimage\"},\"image\":{\"@id\":\"https:\\\/\\\/aconteceunovale.com.br\\\/portal\\\/?p=128922#primaryimage\"},\"thumbnailUrl\":\"https:\\\/\\\/aconteceunovale.com.br\\\/portal\\\/wp-content\\\/uploads\\\/2018\\\/03\\\/presos_prf_teo_1.jpg\",\"datePublished\":\"2018-03-02T01:51:47+00:00\",\"author\":{\"@id\":\"https:\\\/\\\/aconteceunovale.com.br\\\/portal\\\/#\\\/schema\\\/person\\\/633529146f2c94272bef50ac2953d589\"},\"breadcrumb\":{\"@id\":\"https:\\\/\\\/aconteceunovale.com.br\\\/portal\\\/?p=128922#breadcrumb\"},\"inLanguage\":\"pt-BR\",\"potentialAction\":[{\"@type\":\"ReadAction\",\"target\":[\"https:\\\/\\\/aconteceunovale.com.br\\\/portal\\\/?p=128922\"]}]},{\"@type\":\"ImageObject\",\"inLanguage\":\"pt-BR\",\"@id\":\"https:\\\/\\\/aconteceunovale.com.br\\\/portal\\\/?p=128922#primaryimage\",\"url\":\"https:\\\/\\\/aconteceunovale.com.br\\\/portal\\\/wp-content\\\/uploads\\\/2018\\\/03\\\/presos_prf_teo_1.jpg\",\"contentUrl\":\"https:\\\/\\\/aconteceunovale.com.br\\\/portal\\\/wp-content\\\/uploads\\\/2018\\\/03\\\/presos_prf_teo_1.jpg\",\"width\":678,\"height\":381},{\"@type\":\"BreadcrumbList\",\"@id\":\"https:\\\/\\\/aconteceunovale.com.br\\\/portal\\\/?p=128922#breadcrumb\",\"itemListElement\":[{\"@type\":\"ListItem\",\"position\":1,\"name\":\"In\u00edcio\",\"item\":\"https:\\\/\\\/aconteceunovale.com.br\\\/portal\\\/\"},{\"@type\":\"ListItem\",\"position\":2,\"name\":\"Dois foragidos da Justi\u00e7a s\u00e3o presos pela PRF em Te\u00f3filo Otoni\"}]},{\"@type\":\"WebSite\",\"@id\":\"https:\\\/\\\/aconteceunovale.com.br\\\/portal\\\/#website\",\"url\":\"https:\\\/\\\/aconteceunovale.com.br\\\/portal\\\/\",\"name\":\"Aconteceu no Vale\",\"description\":\"Portal de Not\u00edcias\",\"potentialAction\":[{\"@type\":\"SearchAction\",\"target\":{\"@type\":\"EntryPoint\",\"urlTemplate\":\"https:\\\/\\\/aconteceunovale.com.br\\\/portal\\\/?s={search_term_string}\"},\"query-input\":{\"@type\":\"PropertyValueSpecification\",\"valueRequired\":true,\"valueName\":\"search_term_string\"}}],\"inLanguage\":\"pt-BR\"},{\"@type\":\"Person\",\"@id\":\"https:\\\/\\\/aconteceunovale.com.br\\\/portal\\\/#\\\/schema\\\/person\\\/633529146f2c94272bef50ac2953d589\",\"name\":\"Aconteceu no Vale\",\"description\":\"Equipe de reportagem do Aconteceu no Vale, portal de not\u00edcias do Vale do Jequitinhonha, em Minas Gerais. Cobrimos as 51 cidades do Vale desde 2013. Sugest\u00f5es de pauta e pedidos de corre\u00e7\u00e3o: contato@aconteceunovale.com.br\",\"sameAs\":[\"http:\\\/\\\/www.aconteceunovale.com.br\"],\"url\":\"https:\\\/\\\/aconteceunovale.com.br\\\/portal\\\/?author=1\"}]}<\/script>\n<!-- \/ Yoast SEO plugin. -->","yoast_head_json":{"title":"Dois foragidos da Justi\u00e7a s\u00e3o presos pela PRF em Te\u00f3filo Otoni - Aconteceu no Vale","robots":{"index":"index","follow":"follow","max-snippet":"max-snippet:-1","max-image-preview":"max-image-preview:large","max-video-preview":"max-video-preview:-1"},"canonical":"https:\/\/aconteceunovale.com.br\/portal\/?p=128922","og_locale":"pt_BR","og_type":"article","og_title":"Dois foragidos da Justi\u00e7a s\u00e3o presos pela PRF em Te\u00f3filo Otoni - Aconteceu no Vale","og_description":"Um homem de 37 anos foi preso na BR-116 na tarde desta quinta-feira (01\/03\/2018), pr\u00f3ximo a Te\u00f3filo Otoni, no Vale do Mucuri. Segundo a Pol\u00edcia Rodovi\u00e1ria Federal (PRF), o autor estava com mandado de pris\u00e3o aberto da cidade de Vit\u00f3ria (ES) por um homic\u00eddio e vinha praticando roubos em cidades mineiras. A Pol\u00edcia Rodovi\u00e1ria Federal [&hellip;]","og_url":"https:\/\/aconteceunovale.com.br\/portal\/?p=128922","og_site_name":"Aconteceu no Vale","article_publisher":"https:\/\/www.facebook.com\/aconteceunovale\/","article_published_time":"2018-03-02T01:51:47+00:00","og_image":[{"width":678,"height":381,"url":"https:\/\/aconteceunovale.com.br\/portal\/wp-content\/uploads\/2018\/03\/presos_prf_teo_1.jpg","type":"image\/jpeg"}],"author":"Aconteceu no Vale","twitter_card":"summary_large_image","twitter_creator":"@noticiadosvales","twitter_site":"@noticiadosvales","twitter_misc":{"Escrito por":"Aconteceu no Vale","Est. tempo de leitura":"2 minutos"},"schema":{"@context":"https:\/\/schema.org","@graph":[{"@type":"Article","@id":"https:\/\/aconteceunovale.com.br\/portal\/?p=128922#article","isPartOf":{"@id":"https:\/\/aconteceunovale.com.br\/portal\/?p=128922"},"author":{"name":"Aconteceu no Vale","@id":"https:\/\/aconteceunovale.com.br\/portal\/#\/schema\/person\/633529146f2c94272bef50ac2953d589"},"headline":"Dois foragidos da Justi\u00e7a s\u00e3o presos pela PRF em Te\u00f3filo Otoni","datePublished":"2018-03-02T01:51:47+00:00","mainEntityOfPage":{"@id":"https:\/\/aconteceunovale.com.br\/portal\/?p=128922"},"wordCount":462,"commentCount":0,"image":{"@id":"https:\/\/aconteceunovale.com.br\/portal\/?p=128922#primaryimage"},"thumbnailUrl":"https:\/\/aconteceunovale.com.br\/portal\/wp-content\/uploads\/2018\/03\/presos_prf_teo_1.jpg","keywords":["assalto em Itambacuri","Campinas","destaque","Dois foragidos da Justi\u00e7a s\u00e3o presos pela PRF em Te\u00f3filo Otoni","Fugitivo da penitenci\u00e1ria de Juiz de Fora","Homic\u00eddio em Vit\u00f3ria","Ipatinga","Itambacuri","Juiz de Fora","Passageiro de \u00f4nibus \u00e9 preso por tr\u00e1fico de drogas na BR-116 em Te\u00f3filo Otoni","Passageiro de \u00f4nibus \u00e9 preso por tr\u00e1fico em Te\u00f3filo Otoni","preso em Te\u00f3filo Otoni","Preso na BR-116 em Te\u00f3filo Otoni","Preso por roubo em Itambacuri","roubo em Itambacuri","Salvador","Teixeira de Freitas","Te\u00f3filo Otoni","Vit\u00f3ria"],"articleSection":["Vale do Mucuri"],"inLanguage":"pt-BR","potentialAction":[{"@type":"CommentAction","name":"Comment","target":["https:\/\/aconteceunovale.com.br\/portal\/?p=128922#respond"]}]},{"@type":"WebPage","@id":"https:\/\/aconteceunovale.com.br\/portal\/?p=128922","url":"https:\/\/aconteceunovale.com.br\/portal\/?p=128922","name":"Dois foragidos da Justi\u00e7a s\u00e3o presos pela PRF em Te\u00f3filo Otoni - Aconteceu no Vale","isPartOf":{"@id":"https:\/\/aconteceunovale.com.br\/portal\/#website"},"primaryImageOfPage":{"@id":"https:\/\/aconteceunovale.com.br\/portal\/?p=128922#primaryimage"},"image":{"@id":"https:\/\/aconteceunovale.com.br\/portal\/?p=128922#primaryimage"},"thumbnailUrl":"https:\/\/aconteceunovale.com.br\/portal\/wp-content\/uploads\/2018\/03\/presos_prf_teo_1.jpg","datePublished":"2018-03-02T01:51:47+00:00","author":{"@id":"https:\/\/aconteceunovale.com.br\/portal\/#\/schema\/person\/633529146f2c94272bef50ac2953d589"},"breadcrumb":{"@id":"https:\/\/aconteceunovale.com.br\/portal\/?p=128922#breadcrumb"},"inLanguage":"pt-BR","potentialAction":[{"@type":"ReadAction","target":["https:\/\/aconteceunovale.com.br\/portal\/?p=128922"]}]},{"@type":"ImageObject","inLanguage":"pt-BR","@id":"https:\/\/aconteceunovale.com.br\/portal\/?p=128922#primaryimage","url":"https:\/\/aconteceunovale.com.br\/portal\/wp-content\/uploads\/2018\/03\/presos_prf_teo_1.jpg","contentUrl":"https:\/\/aconteceunovale.com.br\/portal\/wp-content\/uploads\/2018\/03\/presos_prf_teo_1.jpg","width":678,"height":381},{"@type":"BreadcrumbList","@id":"https:\/\/aconteceunovale.com.br\/portal\/?p=128922#breadcrumb","itemListElement":[{"@type":"ListItem","position":1,"name":"In\u00edcio","item":"https:\/\/aconteceunovale.com.br\/portal\/"},{"@type":"ListItem","position":2,"name":"Dois foragidos da Justi\u00e7a s\u00e3o presos pela PRF em Te\u00f3filo Otoni"}]},{"@type":"WebSite","@id":"https:\/\/aconteceunovale.com.br\/portal\/#website","url":"https:\/\/aconteceunovale.com.br\/portal\/","name":"Aconteceu no Vale","description":"Portal de Not\u00edcias","potentialAction":[{"@type":"SearchAction","target":{"@type":"EntryPoint","urlTemplate":"https:\/\/aconteceunovale.com.br\/portal\/?s={search_term_string}"},"query-input":{"@type":"PropertyValueSpecification","valueRequired":true,"valueName":"search_term_string"}}],"inLanguage":"pt-BR"},{"@type":"Person","@id":"https:\/\/aconteceunovale.com.br\/portal\/#\/schema\/person\/633529146f2c94272bef50ac2953d589","name":"Aconteceu no Vale","description":"Equipe de reportagem do Aconteceu no Vale, portal de not\u00edcias do Vale do Jequitinhonha, em Minas Gerais. Cobrimos as 51 cidades do Vale desde 2013. Sugest\u00f5es de pauta e pedidos de corre\u00e7\u00e3o: contato@aconteceunovale.com.br","sameAs":["http:\/\/www.aconteceunovale.com.br"],"url":"https:\/\/aconteceunovale.com.br\/portal\/?author=1"}]}},"_links":{"self":[{"href":"https:\/\/aconteceunovale.com.br\/portal\/index.php?rest_route=\/wp\/v2\/posts\/128922","targetHints":{"allow":["GET"]}}],"collection":[{"href":"https:\/\/aconteceunovale.com.br\/portal\/index.php?rest_route=\/wp\/v2\/posts"}],"about":[{"href":"https:\/\/aconteceunovale.com.br\/portal\/index.php?rest_route=\/wp\/v2\/types\/post"}],"author":[{"embeddable":true,"href":"https:\/\/aconteceunovale.com.br\/portal\/index.php?rest_route=\/wp\/v2\/users\/1"}],"replies":[{"embeddable":true,"href":"https:\/\/aconteceunovale.com.br\/portal\/index.php?rest_route=%2Fwp%2Fv2%2Fcomments&post=128922"}],"version-history":[{"count":0,"href":"https:\/\/aconteceunovale.com.br\/portal\/index.php?rest_route=\/wp\/v2\/posts\/128922\/revisions"}],"wp:featuredmedia":[{"embeddable":true,"href":"https:\/\/aconteceunovale.com.br\/portal\/index.php?rest_route=\/wp\/v2\/media\/128925"}],"wp:attachment":[{"href":"https:\/\/aconteceunovale.com.br\/portal\/index.php?rest_route=%2Fwp%2Fv2%2Fmedia&parent=128922"}],"wp:term":[{"taxonomy":"category","embeddable":true,"href":"https:\/\/aconteceunovale.com.br\/portal\/index.php?rest_route=%2Fwp%2Fv2%2Fcategories&post=128922"},{"taxonomy":"post_tag","embeddable":true,"href":"https:\/\/aconteceunovale.com.br\/portal\/index.php?rest_route=%2Fwp%2Fv2%2Ftags&post=128922"}],"curies":[{"name":"wp","href":"https:\/\/api.w.org\/{rel}","templated":true}]}}