{"id":128909,"date":"2018-03-01T22:31:40","date_gmt":"2018-03-02T00:31:40","guid":{"rendered":"http:\/\/aconteceunovale.com.br\/portal\/?p=128909"},"modified":"2018-03-01T22:31:40","modified_gmt":"2018-03-02T00:31:40","slug":"jovens-sao-detidos-com-equipamentos-furtados-em-escola-de-montezuma","status":"publish","type":"post","link":"https:\/\/aconteceunovale.com.br\/portal\/?p=128909","title":{"rendered":"Jovens s\u00e3o detidos com equipamentos furtados em escola de Montezuma"},"content":{"rendered":"<p>Um jovem foi preso e tr\u00eas adolescentes apreendidos na manh\u00e3 desta quinta-feira (01\/03\/2018) com materiais roubados em uma Escola Municipal de Montezuma, no Extremo Norte de Minas. De acordo com a Pol\u00edcia Militar (PM), a institui\u00e7\u00e3o de ensino fica na comunidade de Estiva e foi invadida no dia 26 de fevereiro.<\/p>\n<p>Na ocasi\u00e3o, os criminosos furtaram notebooks, computador e televis\u00e3o rec\u00e9m adquiridos pela escola. Durante opera\u00e7\u00e3o de Batida Policial, militares perceberam quando um adolescente, de 17 anos, chegava \u00e0 casa do jovem, de 21; os dois s\u00e3o conhecidos pela pol\u00edcia por envolvimento em furtos e tr\u00e1fico de drogas. Os policiais fizeram buscas na resid\u00eancia e localizaram escondidos em um balde alguns cabos de computadores. As buscas foram intensificadas e a pol\u00edcia encontrou o computador e dois notebooks.<\/p>\n<p>A pol\u00edcia explica que os materiais possuem identifica\u00e7\u00e3o do MEC e do FNDE impressos e s\u00e3o produzidos e enviados exclusivamente \u00e0s institui\u00e7\u00f5es de ensino.<\/p>\n<p>O propriet\u00e1rio da resid\u00eancia confessou a autoria do furto e indicou que outros dois menores, de 15 e 16 anos, participaram da a\u00e7\u00e3o. Na casa dos adolescentes foram localizados os outros materiais roubados da escola. A PM informou ainda que o menor flagrado na casa do jovem foi apreendido por recepta\u00e7\u00e3o; ele estava utilizando um dos notebooks furtados.<\/p>\n<p>Todos os envolvidos e os materiais recuperados foram levados para a Delegacia de Rio Pardo de Minas.<\/p>\n<p><img decoding=\"async\" src=\"http:\/\/aconteceunovale.com.br\/portal\/wp-content\/uploads\/2018\/03\/ocorrencias_montezuma_1.jpeg\" alt=\"\" \/><em>Materiais foram recuperados com os envolvidos (Foto: Pol\u00edcia Militar\/Divulga\u00e7\u00e3o)<\/em><br \/>\n<\/br><\/p>\n<h4>Comerciante preso por contrabando<\/h4>\n<p>Em Montezuma tamb\u00e9m foi realizada, na quinta-feira, uma opera\u00e7\u00e3o para cumprimento de mandado de busca e apreens\u00e3o. Um homem, de 45 anos, foi preso no Bairro Nossa Senhora de Santana.<\/p>\n<p>No estabelecimento foram apreendidos diversos pacotes de cigarros sem nota fiscal e ainda R$ 5.700. A PM afirma que o comerciante n\u00e3o soube informar a proced\u00eancia do dinheiro, mas confirmou que os cigarros foram adquiridos de vendedores clandestinos.<\/p>\n<p><img decoding=\"async\" src=\"http:\/\/aconteceunovale.com.br\/portal\/wp-content\/uploads\/2018\/03\/ocorrencias_montezuma_2.jpeg\" alt=\"\" \/><em>Homem n\u00e3o soube informar a proced\u00eancia do dinheiro, segundo a PM (Foto: PM\/Divulga\u00e7\u00e3o)<\/em><br \/>\n<\/br><\/p>\n<p><strong>VER PRIMEIRO<\/strong><\/p>\n<p>Receba as not\u00edcias do Aconteceu no Vale em primeira m\u00e3o. Clique em curtir no endere\u00e7o <a href=\"https:\/\/www.facebook.com\/aconteceunovale\" target=\"_blank\"><font color=\"red\">www.facebook.com\/aconteceunovale<\/font><\/a> ou no box abaixo:<\/p>\n<div class=\"fb-like\" data-href=\"https:\/\/www.facebook.com\/aconteceunovale\" data-width=\"120\" data-layout=\"standard\" data-action=\"like\" data-size=\"small\" data-show-faces=\"true\" data-share=\"true\"><\/div>\n<p><\/br><\/p>\n<p><em>(Fonte: G1 Grande Minas)<\/em><\/p>\n","protected":false},"excerpt":{"rendered":"<p>Um jovem foi preso e tr\u00eas adolescentes apreendidos na manh\u00e3 desta quinta-feira (01\/03\/2018) com materiais roubados em uma Escola Municipal de Montezuma, no Extremo Norte de Minas. De acordo com a Pol\u00edcia Militar (PM), a institui\u00e7\u00e3o de ensino fica na comunidade de Estiva e foi invadida no dia 26 de fevereiro. Na ocasi\u00e3o, os criminosos [&hellip;]<\/p>\n","protected":false},"author":1,"featured_media":128911,"comment_status":"open","ping_status":"closed","sticky":false,"template":"","format":"standard","meta":{"amp_status":"","footnotes":""},"categories":[1236],"tags":[169897,169899,169900,1009,123109,169898,156641],"class_list":["post-128909","post","type-post","status-publish","format-standard","has-post-thumbnail","hentry","category-norte_de_minas","tag-contrabando-em-montezuma","tag-furto-em-escola-de-montezuma","tag-jovens-sao-detidos-com-equipamentos-furtados-em-escola-de-montezuma","tag-montezuma","tag-preso-em-montezuma","tag-roubo-em-escola-de-montezuma","tag-roubo-em-montezuma"],"yoast_head":"<!-- This site is optimized with the Yoast SEO plugin v28.3 - https:\/\/yoast.com\/product\/yoast-seo-wordpress\/ -->\n<title>Jovens s\u00e3o detidos com equipamentos furtados em escola de Montezuma - Aconteceu no Vale<\/title>\n<meta name=\"robots\" content=\"index, follow, max-snippet:-1, max-image-preview:large, max-video-preview:-1\" \/>\n<link rel=\"canonical\" href=\"https:\/\/aconteceunovale.com.br\/portal\/?p=128909\" \/>\n<meta property=\"og:locale\" content=\"pt_BR\" \/>\n<meta property=\"og:type\" content=\"article\" \/>\n<meta property=\"og:title\" content=\"Jovens s\u00e3o detidos com equipamentos furtados em escola de Montezuma - Aconteceu no Vale\" \/>\n<meta property=\"og:description\" content=\"Um jovem foi preso e tr\u00eas adolescentes apreendidos na manh\u00e3 desta quinta-feira (01\/03\/2018) com materiais roubados em uma Escola Municipal de Montezuma, no Extremo Norte de Minas. De acordo com a Pol\u00edcia Militar (PM), a institui\u00e7\u00e3o de ensino fica na comunidade de Estiva e foi invadida no dia 26 de fevereiro. Na ocasi\u00e3o, os criminosos [&hellip;]\" \/>\n<meta property=\"og:url\" content=\"https:\/\/aconteceunovale.com.br\/portal\/?p=128909\" \/>\n<meta property=\"og:site_name\" content=\"Aconteceu no Vale\" \/>\n<meta property=\"article:publisher\" content=\"https:\/\/www.facebook.com\/aconteceunovale\/\" \/>\n<meta property=\"article:published_time\" content=\"2018-03-02T00:31:40+00:00\" \/>\n<meta property=\"og:image\" content=\"https:\/\/aconteceunovale.com.br\/portal\/wp-content\/uploads\/2018\/03\/ocorrencias_montezuma_1.jpeg\" \/>\n\t<meta property=\"og:image:width\" content=\"678\" \/>\n\t<meta property=\"og:image:height\" content=\"381\" \/>\n\t<meta property=\"og:image:type\" content=\"image\/jpeg\" \/>\n<meta name=\"author\" content=\"Aconteceu no Vale\" \/>\n<meta name=\"twitter:card\" content=\"summary_large_image\" \/>\n<meta name=\"twitter:creator\" content=\"@noticiadosvales\" \/>\n<meta name=\"twitter:site\" content=\"@noticiadosvales\" \/>\n<meta name=\"twitter:label1\" content=\"Escrito por\" \/>\n\t<meta name=\"twitter:data1\" content=\"Aconteceu no Vale\" \/>\n\t<meta name=\"twitter:label2\" content=\"Est. tempo de leitura\" \/>\n\t<meta name=\"twitter:data2\" content=\"2 minutos\" \/>\n<script type=\"application\/ld+json\" class=\"yoast-schema-graph\">{\"@context\":\"https:\\\/\\\/schema.org\",\"@graph\":[{\"@type\":\"Article\",\"@id\":\"https:\\\/\\\/aconteceunovale.com.br\\\/portal\\\/?p=128909#article\",\"isPartOf\":{\"@id\":\"https:\\\/\\\/aconteceunovale.com.br\\\/portal\\\/?p=128909\"},\"author\":{\"name\":\"Aconteceu no Vale\",\"@id\":\"https:\\\/\\\/aconteceunovale.com.br\\\/portal\\\/#\\\/schema\\\/person\\\/633529146f2c94272bef50ac2953d589\"},\"headline\":\"Jovens s\u00e3o detidos com equipamentos furtados em escola de Montezuma\",\"datePublished\":\"2018-03-02T00:31:40+00:00\",\"mainEntityOfPage\":{\"@id\":\"https:\\\/\\\/aconteceunovale.com.br\\\/portal\\\/?p=128909\"},\"wordCount\":386,\"commentCount\":0,\"image\":{\"@id\":\"https:\\\/\\\/aconteceunovale.com.br\\\/portal\\\/?p=128909#primaryimage\"},\"thumbnailUrl\":\"https:\\\/\\\/aconteceunovale.com.br\\\/portal\\\/wp-content\\\/uploads\\\/2018\\\/03\\\/ocorrencias_montezuma_1.jpeg\",\"keywords\":[\"Contrabando em Montezuma\",\"Furto em escola de Montezuma\",\"Jovens s\u00e3o detidos com equipamentos furtados em escola de Montezuma\",\"montezuma\",\"Preso em Montezuma\",\"Roubo em escola de Montezuma\",\"Roubo em Montezuma\"],\"articleSection\":[\"Norte de Minas\"],\"inLanguage\":\"pt-BR\",\"potentialAction\":[{\"@type\":\"CommentAction\",\"name\":\"Comment\",\"target\":[\"https:\\\/\\\/aconteceunovale.com.br\\\/portal\\\/?p=128909#respond\"]}]},{\"@type\":\"WebPage\",\"@id\":\"https:\\\/\\\/aconteceunovale.com.br\\\/portal\\\/?p=128909\",\"url\":\"https:\\\/\\\/aconteceunovale.com.br\\\/portal\\\/?p=128909\",\"name\":\"Jovens s\u00e3o detidos com equipamentos furtados em escola de Montezuma - Aconteceu no Vale\",\"isPartOf\":{\"@id\":\"https:\\\/\\\/aconteceunovale.com.br\\\/portal\\\/#website\"},\"primaryImageOfPage\":{\"@id\":\"https:\\\/\\\/aconteceunovale.com.br\\\/portal\\\/?p=128909#primaryimage\"},\"image\":{\"@id\":\"https:\\\/\\\/aconteceunovale.com.br\\\/portal\\\/?p=128909#primaryimage\"},\"thumbnailUrl\":\"https:\\\/\\\/aconteceunovale.com.br\\\/portal\\\/wp-content\\\/uploads\\\/2018\\\/03\\\/ocorrencias_montezuma_1.jpeg\",\"datePublished\":\"2018-03-02T00:31:40+00:00\",\"author\":{\"@id\":\"https:\\\/\\\/aconteceunovale.com.br\\\/portal\\\/#\\\/schema\\\/person\\\/633529146f2c94272bef50ac2953d589\"},\"breadcrumb\":{\"@id\":\"https:\\\/\\\/aconteceunovale.com.br\\\/portal\\\/?p=128909#breadcrumb\"},\"inLanguage\":\"pt-BR\",\"potentialAction\":[{\"@type\":\"ReadAction\",\"target\":[\"https:\\\/\\\/aconteceunovale.com.br\\\/portal\\\/?p=128909\"]}]},{\"@type\":\"ImageObject\",\"inLanguage\":\"pt-BR\",\"@id\":\"https:\\\/\\\/aconteceunovale.com.br\\\/portal\\\/?p=128909#primaryimage\",\"url\":\"https:\\\/\\\/aconteceunovale.com.br\\\/portal\\\/wp-content\\\/uploads\\\/2018\\\/03\\\/ocorrencias_montezuma_1.jpeg\",\"contentUrl\":\"https:\\\/\\\/aconteceunovale.com.br\\\/portal\\\/wp-content\\\/uploads\\\/2018\\\/03\\\/ocorrencias_montezuma_1.jpeg\",\"width\":678,\"height\":381},{\"@type\":\"BreadcrumbList\",\"@id\":\"https:\\\/\\\/aconteceunovale.com.br\\\/portal\\\/?p=128909#breadcrumb\",\"itemListElement\":[{\"@type\":\"ListItem\",\"position\":1,\"name\":\"In\u00edcio\",\"item\":\"https:\\\/\\\/aconteceunovale.com.br\\\/portal\\\/\"},{\"@type\":\"ListItem\",\"position\":2,\"name\":\"Jovens s\u00e3o detidos com equipamentos furtados em escola de Montezuma\"}]},{\"@type\":\"WebSite\",\"@id\":\"https:\\\/\\\/aconteceunovale.com.br\\\/portal\\\/#website\",\"url\":\"https:\\\/\\\/aconteceunovale.com.br\\\/portal\\\/\",\"name\":\"Aconteceu no Vale\",\"description\":\"Portal de Not\u00edcias\",\"potentialAction\":[{\"@type\":\"SearchAction\",\"target\":{\"@type\":\"EntryPoint\",\"urlTemplate\":\"https:\\\/\\\/aconteceunovale.com.br\\\/portal\\\/?s={search_term_string}\"},\"query-input\":{\"@type\":\"PropertyValueSpecification\",\"valueRequired\":true,\"valueName\":\"search_term_string\"}}],\"inLanguage\":\"pt-BR\"},{\"@type\":\"Person\",\"@id\":\"https:\\\/\\\/aconteceunovale.com.br\\\/portal\\\/#\\\/schema\\\/person\\\/633529146f2c94272bef50ac2953d589\",\"name\":\"Aconteceu no Vale\",\"description\":\"Equipe de reportagem do Aconteceu no Vale, portal de not\u00edcias do Vale do Jequitinhonha, em Minas Gerais. Cobrimos as 51 cidades do Vale desde 2013. Sugest\u00f5es de pauta e pedidos de corre\u00e7\u00e3o: contato@aconteceunovale.com.br\",\"sameAs\":[\"http:\\\/\\\/www.aconteceunovale.com.br\"],\"url\":\"https:\\\/\\\/aconteceunovale.com.br\\\/portal\\\/?author=1\"}]}<\/script>\n<!-- \/ Yoast SEO plugin. -->","yoast_head_json":{"title":"Jovens s\u00e3o detidos com equipamentos furtados em escola de Montezuma - Aconteceu no Vale","robots":{"index":"index","follow":"follow","max-snippet":"max-snippet:-1","max-image-preview":"max-image-preview:large","max-video-preview":"max-video-preview:-1"},"canonical":"https:\/\/aconteceunovale.com.br\/portal\/?p=128909","og_locale":"pt_BR","og_type":"article","og_title":"Jovens s\u00e3o detidos com equipamentos furtados em escola de Montezuma - Aconteceu no Vale","og_description":"Um jovem foi preso e tr\u00eas adolescentes apreendidos na manh\u00e3 desta quinta-feira (01\/03\/2018) com materiais roubados em uma Escola Municipal de Montezuma, no Extremo Norte de Minas. De acordo com a Pol\u00edcia Militar (PM), a institui\u00e7\u00e3o de ensino fica na comunidade de Estiva e foi invadida no dia 26 de fevereiro. Na ocasi\u00e3o, os criminosos [&hellip;]","og_url":"https:\/\/aconteceunovale.com.br\/portal\/?p=128909","og_site_name":"Aconteceu no Vale","article_publisher":"https:\/\/www.facebook.com\/aconteceunovale\/","article_published_time":"2018-03-02T00:31:40+00:00","og_image":[{"width":678,"height":381,"url":"https:\/\/aconteceunovale.com.br\/portal\/wp-content\/uploads\/2018\/03\/ocorrencias_montezuma_1.jpeg","type":"image\/jpeg"}],"author":"Aconteceu no Vale","twitter_card":"summary_large_image","twitter_creator":"@noticiadosvales","twitter_site":"@noticiadosvales","twitter_misc":{"Escrito por":"Aconteceu no Vale","Est. tempo de leitura":"2 minutos"},"schema":{"@context":"https:\/\/schema.org","@graph":[{"@type":"Article","@id":"https:\/\/aconteceunovale.com.br\/portal\/?p=128909#article","isPartOf":{"@id":"https:\/\/aconteceunovale.com.br\/portal\/?p=128909"},"author":{"name":"Aconteceu no Vale","@id":"https:\/\/aconteceunovale.com.br\/portal\/#\/schema\/person\/633529146f2c94272bef50ac2953d589"},"headline":"Jovens s\u00e3o detidos com equipamentos furtados em escola de Montezuma","datePublished":"2018-03-02T00:31:40+00:00","mainEntityOfPage":{"@id":"https:\/\/aconteceunovale.com.br\/portal\/?p=128909"},"wordCount":386,"commentCount":0,"image":{"@id":"https:\/\/aconteceunovale.com.br\/portal\/?p=128909#primaryimage"},"thumbnailUrl":"https:\/\/aconteceunovale.com.br\/portal\/wp-content\/uploads\/2018\/03\/ocorrencias_montezuma_1.jpeg","keywords":["Contrabando em Montezuma","Furto em escola de Montezuma","Jovens s\u00e3o detidos com equipamentos furtados em escola de Montezuma","montezuma","Preso em Montezuma","Roubo em escola de Montezuma","Roubo em Montezuma"],"articleSection":["Norte de Minas"],"inLanguage":"pt-BR","potentialAction":[{"@type":"CommentAction","name":"Comment","target":["https:\/\/aconteceunovale.com.br\/portal\/?p=128909#respond"]}]},{"@type":"WebPage","@id":"https:\/\/aconteceunovale.com.br\/portal\/?p=128909","url":"https:\/\/aconteceunovale.com.br\/portal\/?p=128909","name":"Jovens s\u00e3o detidos com equipamentos furtados em escola de Montezuma - Aconteceu no Vale","isPartOf":{"@id":"https:\/\/aconteceunovale.com.br\/portal\/#website"},"primaryImageOfPage":{"@id":"https:\/\/aconteceunovale.com.br\/portal\/?p=128909#primaryimage"},"image":{"@id":"https:\/\/aconteceunovale.com.br\/portal\/?p=128909#primaryimage"},"thumbnailUrl":"https:\/\/aconteceunovale.com.br\/portal\/wp-content\/uploads\/2018\/03\/ocorrencias_montezuma_1.jpeg","datePublished":"2018-03-02T00:31:40+00:00","author":{"@id":"https:\/\/aconteceunovale.com.br\/portal\/#\/schema\/person\/633529146f2c94272bef50ac2953d589"},"breadcrumb":{"@id":"https:\/\/aconteceunovale.com.br\/portal\/?p=128909#breadcrumb"},"inLanguage":"pt-BR","potentialAction":[{"@type":"ReadAction","target":["https:\/\/aconteceunovale.com.br\/portal\/?p=128909"]}]},{"@type":"ImageObject","inLanguage":"pt-BR","@id":"https:\/\/aconteceunovale.com.br\/portal\/?p=128909#primaryimage","url":"https:\/\/aconteceunovale.com.br\/portal\/wp-content\/uploads\/2018\/03\/ocorrencias_montezuma_1.jpeg","contentUrl":"https:\/\/aconteceunovale.com.br\/portal\/wp-content\/uploads\/2018\/03\/ocorrencias_montezuma_1.jpeg","width":678,"height":381},{"@type":"BreadcrumbList","@id":"https:\/\/aconteceunovale.com.br\/portal\/?p=128909#breadcrumb","itemListElement":[{"@type":"ListItem","position":1,"name":"In\u00edcio","item":"https:\/\/aconteceunovale.com.br\/portal\/"},{"@type":"ListItem","position":2,"name":"Jovens s\u00e3o detidos com equipamentos furtados em escola de Montezuma"}]},{"@type":"WebSite","@id":"https:\/\/aconteceunovale.com.br\/portal\/#website","url":"https:\/\/aconteceunovale.com.br\/portal\/","name":"Aconteceu no Vale","description":"Portal de Not\u00edcias","potentialAction":[{"@type":"SearchAction","target":{"@type":"EntryPoint","urlTemplate":"https:\/\/aconteceunovale.com.br\/portal\/?s={search_term_string}"},"query-input":{"@type":"PropertyValueSpecification","valueRequired":true,"valueName":"search_term_string"}}],"inLanguage":"pt-BR"},{"@type":"Person","@id":"https:\/\/aconteceunovale.com.br\/portal\/#\/schema\/person\/633529146f2c94272bef50ac2953d589","name":"Aconteceu no Vale","description":"Equipe de reportagem do Aconteceu no Vale, portal de not\u00edcias do Vale do Jequitinhonha, em Minas Gerais. Cobrimos as 51 cidades do Vale desde 2013. Sugest\u00f5es de pauta e pedidos de corre\u00e7\u00e3o: contato@aconteceunovale.com.br","sameAs":["http:\/\/www.aconteceunovale.com.br"],"url":"https:\/\/aconteceunovale.com.br\/portal\/?author=1"}]}},"_links":{"self":[{"href":"https:\/\/aconteceunovale.com.br\/portal\/index.php?rest_route=\/wp\/v2\/posts\/128909","targetHints":{"allow":["GET"]}}],"collection":[{"href":"https:\/\/aconteceunovale.com.br\/portal\/index.php?rest_route=\/wp\/v2\/posts"}],"about":[{"href":"https:\/\/aconteceunovale.com.br\/portal\/index.php?rest_route=\/wp\/v2\/types\/post"}],"author":[{"embeddable":true,"href":"https:\/\/aconteceunovale.com.br\/portal\/index.php?rest_route=\/wp\/v2\/users\/1"}],"replies":[{"embeddable":true,"href":"https:\/\/aconteceunovale.com.br\/portal\/index.php?rest_route=%2Fwp%2Fv2%2Fcomments&post=128909"}],"version-history":[{"count":0,"href":"https:\/\/aconteceunovale.com.br\/portal\/index.php?rest_route=\/wp\/v2\/posts\/128909\/revisions"}],"wp:featuredmedia":[{"embeddable":true,"href":"https:\/\/aconteceunovale.com.br\/portal\/index.php?rest_route=\/wp\/v2\/media\/128911"}],"wp:attachment":[{"href":"https:\/\/aconteceunovale.com.br\/portal\/index.php?rest_route=%2Fwp%2Fv2%2Fmedia&parent=128909"}],"wp:term":[{"taxonomy":"category","embeddable":true,"href":"https:\/\/aconteceunovale.com.br\/portal\/index.php?rest_route=%2Fwp%2Fv2%2Fcategories&post=128909"},{"taxonomy":"post_tag","embeddable":true,"href":"https:\/\/aconteceunovale.com.br\/portal\/index.php?rest_route=%2Fwp%2Fv2%2Ftags&post=128909"}],"curies":[{"name":"wp","href":"https:\/\/api.w.org\/{rel}","templated":true}]}}