{"id":128899,"date":"2018-03-01T20:40:59","date_gmt":"2018-03-01T22:40:59","guid":{"rendered":"http:\/\/aconteceunovale.com.br\/portal\/?p=128899"},"modified":"2018-03-01T20:50:20","modified_gmt":"2018-03-01T22:50:20","slug":"assaltante-e-baleado-durante-tentativa-de-roubo-em-supermercado-de-montes-claros","status":"publish","type":"post","link":"https:\/\/aconteceunovale.com.br\/portal\/?p=128899","title":{"rendered":"Assaltante \u00e9 baleado durante tentativa de roubo em supermercado de Montes Claros"},"content":{"rendered":"<p>Um criminoso de 25 anos foi baleado durante uma tentativa de assalto na tarde dessa quarta-feira (28\/02\/2018) em um supermercado localizado no Bairro S\u00e3o Lu\u00eds, em Montes Claros (MG). Segundo a Pol\u00edcia Militar (MG), o bandido estava no escrit\u00f3rio do estabelecimento procurando por dinheiro, quando a pol\u00edcia foi acionada atrav\u00e9s de um bot\u00e3o de p\u00e2nico, dispositivo de alarme.<\/p>\n<p>Um militar foi verificar a situa\u00e7\u00e3o no local e deparou com o homem nas escadas do escrit\u00f3rio, em tentativa de fuga. Segundo a PM, o criminoso apontou uma arma para o policial, que reagiu e atirou. Ele foi atingido na regi\u00e3o do abd\u00f4men e socorrido por uma equipe do Samu. A Santa Casa divulgou na manh\u00e3 desta quinta-feira (1\u00ba) que o baleado passou por procedimento cir\u00fargico e com o quadro de sa\u00fade est\u00e1vel.<\/p>\n<p>Ainda de acordo com a pol\u00edcia, o bandido entrou no supermercado pelo estacionamento dos fundos e rendeu uma funcion\u00e1ria, que estava no terceiro andar. Um comparsa o aguardava de moto do lado de fora do estabelecimento. Ele conseguiu fugir, mas j\u00e1 foi identificado e est\u00e1 sendo procurado.<\/p>\n<p>A PM informou que a arma sacada pelo criminoso era uma r\u00e9plica.<\/p>\n<p><img decoding=\"async\" src=\"http:\/\/aconteceunovale.com.br\/portal\/wp-content\/uploads\/2018\/03\/roubo_moc.jpg\" alt=\"\" \/><em>Bandido estava armado com uma r\u00e9plica (Foto: Pol\u00edcia Militar\/Divulga\u00e7\u00e3o)<\/em><br \/>\n<\/br><\/p>\n<h4>M\u00e3e e filhos s\u00e3o presos por recepta\u00e7\u00e3o de objetos furtados<\/h4>\n<p>Tr\u00eas pessoas foram presas na ter\u00e7a-feira (27) suspeitas de recepta\u00e7\u00e3o de produtos furtados em Montes Claros, no Norte de Minas. Segundo a Pol\u00edcia Militar, os presos s\u00e3o dois jovens de 23 e 26 anos, e a m\u00e3e deles, de 42; todos possuem passagem pela pol\u00edcia.<\/p>\n<p>Na casa dos suspeitos, que fica no Bairro S\u00e3o Judas, foram encontrados eletrodom\u00e9sticos e alimentos que podem ter sido roubados em um Centro Municipal de Educa\u00e7\u00e3o Infantil, localizado no mesmo bairro onde os suspeitos foram presos. A PM diz que funcion\u00e1rios do centro de educa\u00e7\u00e3o reconheceram uma caixa de som, um liquidificador, leite em p\u00f3, uma caixa de l\u00e1pis de cor e pacotes de feij\u00e3o como sendo da institui\u00e7\u00e3o de ensino.<\/p>\n<p>Os tr\u00eas envolvidos foram levados para a delegacia de plant\u00e3o.<\/p>\n<p><strong>VER PRIMEIRO<\/strong><\/p>\n<p>Receba as not\u00edcias do Aconteceu no Vale em primeira m\u00e3o. Clique em curtir no endere\u00e7o <a href=\"https:\/\/www.facebook.com\/aconteceunovale\" target=\"_blank\"><font color=\"red\">www.facebook.com\/aconteceunovale<\/font><\/a> ou no box abaixo:<\/p>\n<div class=\"fb-like\" data-href=\"https:\/\/www.facebook.com\/aconteceunovale\" data-width=\"120\" data-layout=\"standard\" data-action=\"like\" data-size=\"small\" data-show-faces=\"true\" data-share=\"true\"><\/div>\n<p><\/br><\/p>\n<p><em>(Fonte: G1 Grande Minas)<\/em><\/p>\n","protected":false},"excerpt":{"rendered":"<p>Um criminoso de 25 anos foi baleado durante uma tentativa de assalto na tarde dessa quarta-feira (28\/02\/2018) em um supermercado localizado no Bairro S\u00e3o Lu\u00eds, em Montes Claros (MG). Segundo a Pol\u00edcia Militar (MG), o bandido estava no escrit\u00f3rio do estabelecimento procurando por dinheiro, quando a pol\u00edcia foi acionada atrav\u00e9s de um bot\u00e3o de p\u00e2nico, [&hellip;]<\/p>\n","protected":false},"author":1,"featured_media":128900,"comment_status":"open","ping_status":"closed","sticky":false,"template":"","format":"standard","meta":{"amp_status":"","footnotes":""},"categories":[1236],"tags":[120514,169893,46820,77451,120513,120512,210,169894],"class_list":["post-128899","post","type-post","status-publish","format-standard","has-post-thumbnail","hentry","category-norte_de_minas","tag-assaltante-baleado-em-montes-claros","tag-assaltante-e-baleado-durante-tentativa-de-roubo-em-supermercado-de-montes-claros","tag-assalto-em-supermercado-de-montes-claros","tag-baleado-em-montes-claros","tag-bandido-baleado-em-montes-claros","tag-ladrao-baleado-em-montes-claros","tag-montes-claros","tag-roubo-em-supermercado-de-montes-claros"],"yoast_head":"<!-- This site is optimized with the Yoast SEO plugin v28.3 - https:\/\/yoast.com\/product\/yoast-seo-wordpress\/ -->\n<title>Assaltante \u00e9 baleado durante tentativa de roubo em supermercado de Montes Claros - Aconteceu no Vale<\/title>\n<meta name=\"robots\" content=\"index, follow, max-snippet:-1, max-image-preview:large, max-video-preview:-1\" \/>\n<link rel=\"canonical\" href=\"https:\/\/aconteceunovale.com.br\/portal\/?p=128899\" \/>\n<meta property=\"og:locale\" content=\"pt_BR\" \/>\n<meta property=\"og:type\" content=\"article\" \/>\n<meta property=\"og:title\" content=\"Assaltante \u00e9 baleado durante tentativa de roubo em supermercado de Montes Claros - Aconteceu no Vale\" \/>\n<meta property=\"og:description\" content=\"Um criminoso de 25 anos foi baleado durante uma tentativa de assalto na tarde dessa quarta-feira (28\/02\/2018) em um supermercado localizado no Bairro S\u00e3o Lu\u00eds, em Montes Claros (MG). Segundo a Pol\u00edcia Militar (MG), o bandido estava no escrit\u00f3rio do estabelecimento procurando por dinheiro, quando a pol\u00edcia foi acionada atrav\u00e9s de um bot\u00e3o de p\u00e2nico, [&hellip;]\" \/>\n<meta property=\"og:url\" content=\"https:\/\/aconteceunovale.com.br\/portal\/?p=128899\" \/>\n<meta property=\"og:site_name\" content=\"Aconteceu no Vale\" \/>\n<meta property=\"article:publisher\" content=\"https:\/\/www.facebook.com\/aconteceunovale\/\" \/>\n<meta property=\"article:published_time\" content=\"2018-03-01T22:40:59+00:00\" \/>\n<meta property=\"article:modified_time\" content=\"2018-03-01T22:50:20+00:00\" \/>\n<meta property=\"og:image\" content=\"https:\/\/aconteceunovale.com.br\/portal\/wp-content\/uploads\/2018\/03\/roubo_moc.jpg\" \/>\n\t<meta property=\"og:image:width\" content=\"633\" \/>\n\t<meta property=\"og:image:height\" content=\"450\" \/>\n\t<meta property=\"og:image:type\" content=\"image\/jpeg\" \/>\n<meta name=\"author\" content=\"Aconteceu no Vale\" \/>\n<meta name=\"twitter:card\" content=\"summary_large_image\" \/>\n<meta name=\"twitter:creator\" content=\"@noticiadosvales\" \/>\n<meta name=\"twitter:site\" content=\"@noticiadosvales\" \/>\n<meta name=\"twitter:label1\" content=\"Escrito por\" \/>\n\t<meta name=\"twitter:data1\" content=\"Aconteceu no Vale\" \/>\n\t<meta name=\"twitter:label2\" content=\"Est. tempo de leitura\" \/>\n\t<meta name=\"twitter:data2\" content=\"2 minutos\" \/>\n<script type=\"application\/ld+json\" class=\"yoast-schema-graph\">{\"@context\":\"https:\\\/\\\/schema.org\",\"@graph\":[{\"@type\":\"Article\",\"@id\":\"https:\\\/\\\/aconteceunovale.com.br\\\/portal\\\/?p=128899#article\",\"isPartOf\":{\"@id\":\"https:\\\/\\\/aconteceunovale.com.br\\\/portal\\\/?p=128899\"},\"author\":{\"name\":\"Aconteceu no Vale\",\"@id\":\"https:\\\/\\\/aconteceunovale.com.br\\\/portal\\\/#\\\/schema\\\/person\\\/633529146f2c94272bef50ac2953d589\"},\"headline\":\"Assaltante \u00e9 baleado durante tentativa de roubo em supermercado de Montes Claros\",\"datePublished\":\"2018-03-01T22:40:59+00:00\",\"dateModified\":\"2018-03-01T22:50:20+00:00\",\"mainEntityOfPage\":{\"@id\":\"https:\\\/\\\/aconteceunovale.com.br\\\/portal\\\/?p=128899\"},\"wordCount\":413,\"commentCount\":0,\"image\":{\"@id\":\"https:\\\/\\\/aconteceunovale.com.br\\\/portal\\\/?p=128899#primaryimage\"},\"thumbnailUrl\":\"https:\\\/\\\/aconteceunovale.com.br\\\/portal\\\/wp-content\\\/uploads\\\/2018\\\/03\\\/roubo_moc.jpg\",\"keywords\":[\"Assaltante baleado em Montes Claros\",\"Assaltante \u00e9 baleado durante tentativa de roubo em supermercado de Montes Claros\",\"assalto em supermercado de montes claros\",\"baleado em Montes Claros\",\"Bandido baleado em Montes Claros\",\"Ladr\u00e3o baleado em Montes Claros\",\"Montes Claros\",\"Roubo em supermercado de Montes Claros\"],\"articleSection\":[\"Norte de Minas\"],\"inLanguage\":\"pt-BR\",\"potentialAction\":[{\"@type\":\"CommentAction\",\"name\":\"Comment\",\"target\":[\"https:\\\/\\\/aconteceunovale.com.br\\\/portal\\\/?p=128899#respond\"]}]},{\"@type\":\"WebPage\",\"@id\":\"https:\\\/\\\/aconteceunovale.com.br\\\/portal\\\/?p=128899\",\"url\":\"https:\\\/\\\/aconteceunovale.com.br\\\/portal\\\/?p=128899\",\"name\":\"Assaltante \u00e9 baleado durante tentativa de roubo em supermercado de Montes Claros - Aconteceu no Vale\",\"isPartOf\":{\"@id\":\"https:\\\/\\\/aconteceunovale.com.br\\\/portal\\\/#website\"},\"primaryImageOfPage\":{\"@id\":\"https:\\\/\\\/aconteceunovale.com.br\\\/portal\\\/?p=128899#primaryimage\"},\"image\":{\"@id\":\"https:\\\/\\\/aconteceunovale.com.br\\\/portal\\\/?p=128899#primaryimage\"},\"thumbnailUrl\":\"https:\\\/\\\/aconteceunovale.com.br\\\/portal\\\/wp-content\\\/uploads\\\/2018\\\/03\\\/roubo_moc.jpg\",\"datePublished\":\"2018-03-01T22:40:59+00:00\",\"dateModified\":\"2018-03-01T22:50:20+00:00\",\"author\":{\"@id\":\"https:\\\/\\\/aconteceunovale.com.br\\\/portal\\\/#\\\/schema\\\/person\\\/633529146f2c94272bef50ac2953d589\"},\"breadcrumb\":{\"@id\":\"https:\\\/\\\/aconteceunovale.com.br\\\/portal\\\/?p=128899#breadcrumb\"},\"inLanguage\":\"pt-BR\",\"potentialAction\":[{\"@type\":\"ReadAction\",\"target\":[\"https:\\\/\\\/aconteceunovale.com.br\\\/portal\\\/?p=128899\"]}]},{\"@type\":\"ImageObject\",\"inLanguage\":\"pt-BR\",\"@id\":\"https:\\\/\\\/aconteceunovale.com.br\\\/portal\\\/?p=128899#primaryimage\",\"url\":\"https:\\\/\\\/aconteceunovale.com.br\\\/portal\\\/wp-content\\\/uploads\\\/2018\\\/03\\\/roubo_moc.jpg\",\"contentUrl\":\"https:\\\/\\\/aconteceunovale.com.br\\\/portal\\\/wp-content\\\/uploads\\\/2018\\\/03\\\/roubo_moc.jpg\",\"width\":633,\"height\":450},{\"@type\":\"BreadcrumbList\",\"@id\":\"https:\\\/\\\/aconteceunovale.com.br\\\/portal\\\/?p=128899#breadcrumb\",\"itemListElement\":[{\"@type\":\"ListItem\",\"position\":1,\"name\":\"In\u00edcio\",\"item\":\"https:\\\/\\\/aconteceunovale.com.br\\\/portal\\\/\"},{\"@type\":\"ListItem\",\"position\":2,\"name\":\"Assaltante \u00e9 baleado durante tentativa de roubo em supermercado de Montes Claros\"}]},{\"@type\":\"WebSite\",\"@id\":\"https:\\\/\\\/aconteceunovale.com.br\\\/portal\\\/#website\",\"url\":\"https:\\\/\\\/aconteceunovale.com.br\\\/portal\\\/\",\"name\":\"Aconteceu no Vale\",\"description\":\"Portal de Not\u00edcias\",\"potentialAction\":[{\"@type\":\"SearchAction\",\"target\":{\"@type\":\"EntryPoint\",\"urlTemplate\":\"https:\\\/\\\/aconteceunovale.com.br\\\/portal\\\/?s={search_term_string}\"},\"query-input\":{\"@type\":\"PropertyValueSpecification\",\"valueRequired\":true,\"valueName\":\"search_term_string\"}}],\"inLanguage\":\"pt-BR\"},{\"@type\":\"Person\",\"@id\":\"https:\\\/\\\/aconteceunovale.com.br\\\/portal\\\/#\\\/schema\\\/person\\\/633529146f2c94272bef50ac2953d589\",\"name\":\"Aconteceu no Vale\",\"description\":\"Equipe de reportagem do Aconteceu no Vale, portal de not\u00edcias do Vale do Jequitinhonha, em Minas Gerais. Cobrimos as 51 cidades do Vale desde 2013. Sugest\u00f5es de pauta e pedidos de corre\u00e7\u00e3o: contato@aconteceunovale.com.br\",\"sameAs\":[\"http:\\\/\\\/www.aconteceunovale.com.br\"],\"url\":\"https:\\\/\\\/aconteceunovale.com.br\\\/portal\\\/?author=1\"}]}<\/script>\n<!-- \/ Yoast SEO plugin. -->","yoast_head_json":{"title":"Assaltante \u00e9 baleado durante tentativa de roubo em supermercado de Montes Claros - Aconteceu no Vale","robots":{"index":"index","follow":"follow","max-snippet":"max-snippet:-1","max-image-preview":"max-image-preview:large","max-video-preview":"max-video-preview:-1"},"canonical":"https:\/\/aconteceunovale.com.br\/portal\/?p=128899","og_locale":"pt_BR","og_type":"article","og_title":"Assaltante \u00e9 baleado durante tentativa de roubo em supermercado de Montes Claros - Aconteceu no Vale","og_description":"Um criminoso de 25 anos foi baleado durante uma tentativa de assalto na tarde dessa quarta-feira (28\/02\/2018) em um supermercado localizado no Bairro S\u00e3o Lu\u00eds, em Montes Claros (MG). Segundo a Pol\u00edcia Militar (MG), o bandido estava no escrit\u00f3rio do estabelecimento procurando por dinheiro, quando a pol\u00edcia foi acionada atrav\u00e9s de um bot\u00e3o de p\u00e2nico, [&hellip;]","og_url":"https:\/\/aconteceunovale.com.br\/portal\/?p=128899","og_site_name":"Aconteceu no Vale","article_publisher":"https:\/\/www.facebook.com\/aconteceunovale\/","article_published_time":"2018-03-01T22:40:59+00:00","article_modified_time":"2018-03-01T22:50:20+00:00","og_image":[{"width":633,"height":450,"url":"https:\/\/aconteceunovale.com.br\/portal\/wp-content\/uploads\/2018\/03\/roubo_moc.jpg","type":"image\/jpeg"}],"author":"Aconteceu no Vale","twitter_card":"summary_large_image","twitter_creator":"@noticiadosvales","twitter_site":"@noticiadosvales","twitter_misc":{"Escrito por":"Aconteceu no Vale","Est. tempo de leitura":"2 minutos"},"schema":{"@context":"https:\/\/schema.org","@graph":[{"@type":"Article","@id":"https:\/\/aconteceunovale.com.br\/portal\/?p=128899#article","isPartOf":{"@id":"https:\/\/aconteceunovale.com.br\/portal\/?p=128899"},"author":{"name":"Aconteceu no Vale","@id":"https:\/\/aconteceunovale.com.br\/portal\/#\/schema\/person\/633529146f2c94272bef50ac2953d589"},"headline":"Assaltante \u00e9 baleado durante tentativa de roubo em supermercado de Montes Claros","datePublished":"2018-03-01T22:40:59+00:00","dateModified":"2018-03-01T22:50:20+00:00","mainEntityOfPage":{"@id":"https:\/\/aconteceunovale.com.br\/portal\/?p=128899"},"wordCount":413,"commentCount":0,"image":{"@id":"https:\/\/aconteceunovale.com.br\/portal\/?p=128899#primaryimage"},"thumbnailUrl":"https:\/\/aconteceunovale.com.br\/portal\/wp-content\/uploads\/2018\/03\/roubo_moc.jpg","keywords":["Assaltante baleado em Montes Claros","Assaltante \u00e9 baleado durante tentativa de roubo em supermercado de Montes Claros","assalto em supermercado de montes claros","baleado em Montes Claros","Bandido baleado em Montes Claros","Ladr\u00e3o baleado em Montes Claros","Montes Claros","Roubo em supermercado de Montes Claros"],"articleSection":["Norte de Minas"],"inLanguage":"pt-BR","potentialAction":[{"@type":"CommentAction","name":"Comment","target":["https:\/\/aconteceunovale.com.br\/portal\/?p=128899#respond"]}]},{"@type":"WebPage","@id":"https:\/\/aconteceunovale.com.br\/portal\/?p=128899","url":"https:\/\/aconteceunovale.com.br\/portal\/?p=128899","name":"Assaltante \u00e9 baleado durante tentativa de roubo em supermercado de Montes Claros - Aconteceu no Vale","isPartOf":{"@id":"https:\/\/aconteceunovale.com.br\/portal\/#website"},"primaryImageOfPage":{"@id":"https:\/\/aconteceunovale.com.br\/portal\/?p=128899#primaryimage"},"image":{"@id":"https:\/\/aconteceunovale.com.br\/portal\/?p=128899#primaryimage"},"thumbnailUrl":"https:\/\/aconteceunovale.com.br\/portal\/wp-content\/uploads\/2018\/03\/roubo_moc.jpg","datePublished":"2018-03-01T22:40:59+00:00","dateModified":"2018-03-01T22:50:20+00:00","author":{"@id":"https:\/\/aconteceunovale.com.br\/portal\/#\/schema\/person\/633529146f2c94272bef50ac2953d589"},"breadcrumb":{"@id":"https:\/\/aconteceunovale.com.br\/portal\/?p=128899#breadcrumb"},"inLanguage":"pt-BR","potentialAction":[{"@type":"ReadAction","target":["https:\/\/aconteceunovale.com.br\/portal\/?p=128899"]}]},{"@type":"ImageObject","inLanguage":"pt-BR","@id":"https:\/\/aconteceunovale.com.br\/portal\/?p=128899#primaryimage","url":"https:\/\/aconteceunovale.com.br\/portal\/wp-content\/uploads\/2018\/03\/roubo_moc.jpg","contentUrl":"https:\/\/aconteceunovale.com.br\/portal\/wp-content\/uploads\/2018\/03\/roubo_moc.jpg","width":633,"height":450},{"@type":"BreadcrumbList","@id":"https:\/\/aconteceunovale.com.br\/portal\/?p=128899#breadcrumb","itemListElement":[{"@type":"ListItem","position":1,"name":"In\u00edcio","item":"https:\/\/aconteceunovale.com.br\/portal\/"},{"@type":"ListItem","position":2,"name":"Assaltante \u00e9 baleado durante tentativa de roubo em supermercado de Montes Claros"}]},{"@type":"WebSite","@id":"https:\/\/aconteceunovale.com.br\/portal\/#website","url":"https:\/\/aconteceunovale.com.br\/portal\/","name":"Aconteceu no Vale","description":"Portal de Not\u00edcias","potentialAction":[{"@type":"SearchAction","target":{"@type":"EntryPoint","urlTemplate":"https:\/\/aconteceunovale.com.br\/portal\/?s={search_term_string}"},"query-input":{"@type":"PropertyValueSpecification","valueRequired":true,"valueName":"search_term_string"}}],"inLanguage":"pt-BR"},{"@type":"Person","@id":"https:\/\/aconteceunovale.com.br\/portal\/#\/schema\/person\/633529146f2c94272bef50ac2953d589","name":"Aconteceu no Vale","description":"Equipe de reportagem do Aconteceu no Vale, portal de not\u00edcias do Vale do Jequitinhonha, em Minas Gerais. Cobrimos as 51 cidades do Vale desde 2013. Sugest\u00f5es de pauta e pedidos de corre\u00e7\u00e3o: contato@aconteceunovale.com.br","sameAs":["http:\/\/www.aconteceunovale.com.br"],"url":"https:\/\/aconteceunovale.com.br\/portal\/?author=1"}]}},"_links":{"self":[{"href":"https:\/\/aconteceunovale.com.br\/portal\/index.php?rest_route=\/wp\/v2\/posts\/128899","targetHints":{"allow":["GET"]}}],"collection":[{"href":"https:\/\/aconteceunovale.com.br\/portal\/index.php?rest_route=\/wp\/v2\/posts"}],"about":[{"href":"https:\/\/aconteceunovale.com.br\/portal\/index.php?rest_route=\/wp\/v2\/types\/post"}],"author":[{"embeddable":true,"href":"https:\/\/aconteceunovale.com.br\/portal\/index.php?rest_route=\/wp\/v2\/users\/1"}],"replies":[{"embeddable":true,"href":"https:\/\/aconteceunovale.com.br\/portal\/index.php?rest_route=%2Fwp%2Fv2%2Fcomments&post=128899"}],"version-history":[{"count":0,"href":"https:\/\/aconteceunovale.com.br\/portal\/index.php?rest_route=\/wp\/v2\/posts\/128899\/revisions"}],"wp:featuredmedia":[{"embeddable":true,"href":"https:\/\/aconteceunovale.com.br\/portal\/index.php?rest_route=\/wp\/v2\/media\/128900"}],"wp:attachment":[{"href":"https:\/\/aconteceunovale.com.br\/portal\/index.php?rest_route=%2Fwp%2Fv2%2Fmedia&parent=128899"}],"wp:term":[{"taxonomy":"category","embeddable":true,"href":"https:\/\/aconteceunovale.com.br\/portal\/index.php?rest_route=%2Fwp%2Fv2%2Fcategories&post=128899"},{"taxonomy":"post_tag","embeddable":true,"href":"https:\/\/aconteceunovale.com.br\/portal\/index.php?rest_route=%2Fwp%2Fv2%2Ftags&post=128899"}],"curies":[{"name":"wp","href":"https:\/\/api.w.org\/{rel}","templated":true}]}}