{"id":128883,"date":"2018-03-01T09:17:37","date_gmt":"2018-03-01T11:17:37","guid":{"rendered":"http:\/\/aconteceunovale.com.br\/portal\/?p=128883"},"modified":"2018-03-01T09:17:37","modified_gmt":"2018-03-01T11:17:37","slug":"receita-comeca-a-receber-hoje-a-declaracao-do-imposto-de-renda-saiba-quem-e-obrigado","status":"publish","type":"post","link":"https:\/\/aconteceunovale.com.br\/portal\/?p=128883","title":{"rendered":"Receita come\u00e7a a receber hoje a declara\u00e7\u00e3o do Imposto de Renda; saiba quem \u00e9 obrigado"},"content":{"rendered":"<p>A Receita Federal recebe a partir das 8h de hoje (01\/03\/2018) as declara\u00e7\u00f5es do Imposto de Renda da Pessoa F\u00edsica (IRPF) 2018, ano-base 2017. O prazo para entrega vai at\u00e9 30 de abril. A declara\u00e7\u00e3o poder\u00e1 ser preenchida por meio do programa baixado no computador ou do aplicativo Meu Imposto de Renda para tablets e celulares.<\/p>\n<p>Este ano, \u00e9 obrigat\u00f3ria a apresenta\u00e7\u00e3o do Cadastro de Pessoa F\u00edsica (CPF) para dependentes a partir de 8 anos de idade, completados at\u00e9 o dia 31 de dezembro de 2017. Outra mudan\u00e7a \u00e9 a possibilidade de impress\u00e3o do Documento de Arrecada\u00e7\u00e3o de Receitas Federais (Darf) para pagamento de todas as cotas do imposto, inclusive as que est\u00e3o em atraso.<\/p>\n<p>Segundo a Receita, \u00e9 obrigado a declarar quem recebeu em 2017 rendimentos tribut\u00e1veis em valores superiores a R$ 28.559,70. No caso da atividade rural, deve declarar quem teve receita bruta acima de R$ 142.798,50. O Fisco espera receber, este ano, 28,8 milh\u00f5es de declara\u00e7\u00f5es do IRPF, 300 mil a mais do que em 2017 (28,5 milh\u00f5es).<\/p>\n<p>Tamb\u00e9m est\u00e3o obrigadas a declarar as pessoas f\u00edsicas residentes no Brasil que receberam rendimentos isentos, n\u00e3o tribut\u00e1veis ou tributados exclusivamente na fonte, cuja soma foi superior a R$ 40 mil; as que obtiveram, em qualquer m\u00eas, ganho de capital na aliena\u00e7\u00e3o de bens e direitos, sujeito \u00e0 incid\u00eancia do imposto ou que realizaram opera\u00e7\u00f5es em bolsas de valores; que pretendem compensar preju\u00edzos com a atividade rural; que tiveram, em 31 de dezembro de 2017, a posse ou a propriedade de bens e direitos, inclusive terra nua, de valor total superior a R$ 300 mil; que passaram \u00e0 condi\u00e7\u00e3o de residentes no Brasil em qualquer m\u00eas e assim se encontravam em 31 de dezembro; ou que optaram pela isen\u00e7\u00e3o do IR incidente sobre o ganho de capital com a venda de im\u00f3veis residenciais para a compra de outro im\u00f3vel no pa\u00eds, no prazo de 180 dias contados do contrato de venda.<\/p>\n<p><strong>VER PRIMEIRO<\/strong><\/p>\n<p>Receba as not\u00edcias do Aconteceu no Vale em primeira m\u00e3o. Clique em curtir no endere\u00e7o <a href=\"https:\/\/www.facebook.com\/aconteceunovale\" target=\"_blank\"><font color=\"red\">www.facebook.com\/aconteceunovale<\/font><\/a> ou no box abaixo:<\/p>\n<div class=\"fb-like\" data-href=\"https:\/\/www.facebook.com\/aconteceunovale\" data-width=\"120\" data-layout=\"standard\" data-action=\"like\" data-size=\"small\" data-show-faces=\"true\" data-share=\"true\"><\/div>\n<p><\/br><\/p>\n<p><em>(Fonte: Ag\u00eancia Brasil)<\/em><\/p>\n","protected":false},"excerpt":{"rendered":"<p>A Receita Federal recebe a partir das 8h de hoje (01\/03\/2018) as declara\u00e7\u00f5es do Imposto de Renda da Pessoa F\u00edsica (IRPF) 2018, ano-base 2017. O prazo para entrega vai at\u00e9 30 de abril. A declara\u00e7\u00e3o poder\u00e1 ser preenchida por meio do programa baixado no computador ou do aplicativo Meu Imposto de Renda para tablets e [&hellip;]<\/p>\n","protected":false},"author":1,"featured_media":65200,"comment_status":"open","ping_status":"closed","sticky":false,"template":"","format":"standard","meta":{"amp_status":"","footnotes":""},"categories":[6],"tags":[41675,169873,169872,21727,169874,1464],"class_list":["post-128883","post","type-post","status-publish","format-standard","has-post-thumbnail","hentry","category-br","tag-declaracao-do-imposto-de-renda-da-pessoa-fisica","tag-declaracao-do-irpf","tag-imposto-de-renda-da-pessoa-fisica","tag-irpf","tag-prazo-para-declaracao-do-irpf","tag-receita-federal"],"yoast_head":"<!-- This site is optimized with the Yoast SEO plugin v28.3 - https:\/\/yoast.com\/product\/yoast-seo-wordpress\/ -->\n<title>Receita come\u00e7a a receber hoje a declara\u00e7\u00e3o do Imposto de Renda; saiba quem \u00e9 obrigado - Aconteceu no Vale<\/title>\n<meta name=\"robots\" content=\"index, follow, max-snippet:-1, max-image-preview:large, max-video-preview:-1\" \/>\n<link rel=\"canonical\" href=\"https:\/\/aconteceunovale.com.br\/portal\/?p=128883\" \/>\n<meta property=\"og:locale\" content=\"pt_BR\" \/>\n<meta property=\"og:type\" content=\"article\" \/>\n<meta property=\"og:title\" content=\"Receita come\u00e7a a receber hoje a declara\u00e7\u00e3o do Imposto de Renda; saiba quem \u00e9 obrigado - Aconteceu no Vale\" \/>\n<meta property=\"og:description\" content=\"A Receita Federal recebe a partir das 8h de hoje (01\/03\/2018) as declara\u00e7\u00f5es do Imposto de Renda da Pessoa F\u00edsica (IRPF) 2018, ano-base 2017. O prazo para entrega vai at\u00e9 30 de abril. A declara\u00e7\u00e3o poder\u00e1 ser preenchida por meio do programa baixado no computador ou do aplicativo Meu Imposto de Renda para tablets e [&hellip;]\" \/>\n<meta property=\"og:url\" content=\"https:\/\/aconteceunovale.com.br\/portal\/?p=128883\" \/>\n<meta property=\"og:site_name\" content=\"Aconteceu no Vale\" \/>\n<meta property=\"article:publisher\" content=\"https:\/\/www.facebook.com\/aconteceunovale\/\" \/>\n<meta property=\"article:published_time\" content=\"2018-03-01T11:17:37+00:00\" \/>\n<meta property=\"og:image\" content=\"https:\/\/aconteceunovale.com.br\/portal\/wp-content\/uploads\/2015\/08\/rascunho_irpf.jpg\" \/>\n\t<meta property=\"og:image:width\" content=\"450\" \/>\n\t<meta property=\"og:image:height\" content=\"300\" \/>\n\t<meta property=\"og:image:type\" content=\"image\/jpeg\" \/>\n<meta name=\"author\" content=\"Aconteceu no Vale\" \/>\n<meta name=\"twitter:card\" content=\"summary_large_image\" \/>\n<meta name=\"twitter:creator\" content=\"@noticiadosvales\" \/>\n<meta name=\"twitter:site\" content=\"@noticiadosvales\" \/>\n<meta name=\"twitter:label1\" content=\"Escrito por\" \/>\n\t<meta name=\"twitter:data1\" content=\"Aconteceu no Vale\" \/>\n\t<meta name=\"twitter:label2\" content=\"Est. tempo de leitura\" \/>\n\t<meta name=\"twitter:data2\" content=\"2 minutos\" \/>\n<script type=\"application\/ld+json\" class=\"yoast-schema-graph\">{\"@context\":\"https:\\\/\\\/schema.org\",\"@graph\":[{\"@type\":\"Article\",\"@id\":\"https:\\\/\\\/aconteceunovale.com.br\\\/portal\\\/?p=128883#article\",\"isPartOf\":{\"@id\":\"https:\\\/\\\/aconteceunovale.com.br\\\/portal\\\/?p=128883\"},\"author\":{\"name\":\"Aconteceu no Vale\",\"@id\":\"https:\\\/\\\/aconteceunovale.com.br\\\/portal\\\/#\\\/schema\\\/person\\\/633529146f2c94272bef50ac2953d589\"},\"headline\":\"Receita come\u00e7a a receber hoje a declara\u00e7\u00e3o do Imposto de Renda; saiba quem \u00e9 obrigado\",\"datePublished\":\"2018-03-01T11:17:37+00:00\",\"mainEntityOfPage\":{\"@id\":\"https:\\\/\\\/aconteceunovale.com.br\\\/portal\\\/?p=128883\"},\"wordCount\":374,\"commentCount\":0,\"image\":{\"@id\":\"https:\\\/\\\/aconteceunovale.com.br\\\/portal\\\/?p=128883#primaryimage\"},\"thumbnailUrl\":\"https:\\\/\\\/aconteceunovale.com.br\\\/portal\\\/wp-content\\\/uploads\\\/2015\\\/08\\\/rascunho_irpf.jpg\",\"keywords\":[\"Declara\u00e7\u00e3o do Imposto de Renda da Pessoa F\u00edsica\",\"Declara\u00e7\u00e3o do IRPF\",\"Imposto de Renda da Pessoa F\u00edsica\",\"IRPF\",\"Prazo para declara\u00e7\u00e3o do IRPF\",\"receita federal\"],\"articleSection\":[\"Brasil\"],\"inLanguage\":\"pt-BR\",\"potentialAction\":[{\"@type\":\"CommentAction\",\"name\":\"Comment\",\"target\":[\"https:\\\/\\\/aconteceunovale.com.br\\\/portal\\\/?p=128883#respond\"]}]},{\"@type\":\"WebPage\",\"@id\":\"https:\\\/\\\/aconteceunovale.com.br\\\/portal\\\/?p=128883\",\"url\":\"https:\\\/\\\/aconteceunovale.com.br\\\/portal\\\/?p=128883\",\"name\":\"Receita come\u00e7a a receber hoje a declara\u00e7\u00e3o do Imposto de Renda; saiba quem \u00e9 obrigado - Aconteceu no Vale\",\"isPartOf\":{\"@id\":\"https:\\\/\\\/aconteceunovale.com.br\\\/portal\\\/#website\"},\"primaryImageOfPage\":{\"@id\":\"https:\\\/\\\/aconteceunovale.com.br\\\/portal\\\/?p=128883#primaryimage\"},\"image\":{\"@id\":\"https:\\\/\\\/aconteceunovale.com.br\\\/portal\\\/?p=128883#primaryimage\"},\"thumbnailUrl\":\"https:\\\/\\\/aconteceunovale.com.br\\\/portal\\\/wp-content\\\/uploads\\\/2015\\\/08\\\/rascunho_irpf.jpg\",\"datePublished\":\"2018-03-01T11:17:37+00:00\",\"author\":{\"@id\":\"https:\\\/\\\/aconteceunovale.com.br\\\/portal\\\/#\\\/schema\\\/person\\\/633529146f2c94272bef50ac2953d589\"},\"breadcrumb\":{\"@id\":\"https:\\\/\\\/aconteceunovale.com.br\\\/portal\\\/?p=128883#breadcrumb\"},\"inLanguage\":\"pt-BR\",\"potentialAction\":[{\"@type\":\"ReadAction\",\"target\":[\"https:\\\/\\\/aconteceunovale.com.br\\\/portal\\\/?p=128883\"]}]},{\"@type\":\"ImageObject\",\"inLanguage\":\"pt-BR\",\"@id\":\"https:\\\/\\\/aconteceunovale.com.br\\\/portal\\\/?p=128883#primaryimage\",\"url\":\"https:\\\/\\\/aconteceunovale.com.br\\\/portal\\\/wp-content\\\/uploads\\\/2015\\\/08\\\/rascunho_irpf.jpg\",\"contentUrl\":\"https:\\\/\\\/aconteceunovale.com.br\\\/portal\\\/wp-content\\\/uploads\\\/2015\\\/08\\\/rascunho_irpf.jpg\",\"width\":450,\"height\":300},{\"@type\":\"BreadcrumbList\",\"@id\":\"https:\\\/\\\/aconteceunovale.com.br\\\/portal\\\/?p=128883#breadcrumb\",\"itemListElement\":[{\"@type\":\"ListItem\",\"position\":1,\"name\":\"In\u00edcio\",\"item\":\"https:\\\/\\\/aconteceunovale.com.br\\\/portal\\\/\"},{\"@type\":\"ListItem\",\"position\":2,\"name\":\"Receita come\u00e7a a receber hoje a declara\u00e7\u00e3o do Imposto de Renda; saiba quem \u00e9 obrigado\"}]},{\"@type\":\"WebSite\",\"@id\":\"https:\\\/\\\/aconteceunovale.com.br\\\/portal\\\/#website\",\"url\":\"https:\\\/\\\/aconteceunovale.com.br\\\/portal\\\/\",\"name\":\"Aconteceu no Vale\",\"description\":\"Portal de Not\u00edcias\",\"potentialAction\":[{\"@type\":\"SearchAction\",\"target\":{\"@type\":\"EntryPoint\",\"urlTemplate\":\"https:\\\/\\\/aconteceunovale.com.br\\\/portal\\\/?s={search_term_string}\"},\"query-input\":{\"@type\":\"PropertyValueSpecification\",\"valueRequired\":true,\"valueName\":\"search_term_string\"}}],\"inLanguage\":\"pt-BR\"},{\"@type\":\"Person\",\"@id\":\"https:\\\/\\\/aconteceunovale.com.br\\\/portal\\\/#\\\/schema\\\/person\\\/633529146f2c94272bef50ac2953d589\",\"name\":\"Aconteceu no Vale\",\"description\":\"Equipe de reportagem do Aconteceu no Vale, portal de not\u00edcias do Vale do Jequitinhonha, em Minas Gerais. Cobrimos as 51 cidades do Vale desde 2013. Sugest\u00f5es de pauta e pedidos de corre\u00e7\u00e3o: contato@aconteceunovale.com.br\",\"sameAs\":[\"http:\\\/\\\/www.aconteceunovale.com.br\"],\"url\":\"https:\\\/\\\/aconteceunovale.com.br\\\/portal\\\/?author=1\"}]}<\/script>\n<!-- \/ Yoast SEO plugin. -->","yoast_head_json":{"title":"Receita come\u00e7a a receber hoje a declara\u00e7\u00e3o do Imposto de Renda; saiba quem \u00e9 obrigado - Aconteceu no Vale","robots":{"index":"index","follow":"follow","max-snippet":"max-snippet:-1","max-image-preview":"max-image-preview:large","max-video-preview":"max-video-preview:-1"},"canonical":"https:\/\/aconteceunovale.com.br\/portal\/?p=128883","og_locale":"pt_BR","og_type":"article","og_title":"Receita come\u00e7a a receber hoje a declara\u00e7\u00e3o do Imposto de Renda; saiba quem \u00e9 obrigado - Aconteceu no Vale","og_description":"A Receita Federal recebe a partir das 8h de hoje (01\/03\/2018) as declara\u00e7\u00f5es do Imposto de Renda da Pessoa F\u00edsica (IRPF) 2018, ano-base 2017. O prazo para entrega vai at\u00e9 30 de abril. A declara\u00e7\u00e3o poder\u00e1 ser preenchida por meio do programa baixado no computador ou do aplicativo Meu Imposto de Renda para tablets e [&hellip;]","og_url":"https:\/\/aconteceunovale.com.br\/portal\/?p=128883","og_site_name":"Aconteceu no Vale","article_publisher":"https:\/\/www.facebook.com\/aconteceunovale\/","article_published_time":"2018-03-01T11:17:37+00:00","og_image":[{"width":450,"height":300,"url":"https:\/\/aconteceunovale.com.br\/portal\/wp-content\/uploads\/2015\/08\/rascunho_irpf.jpg","type":"image\/jpeg"}],"author":"Aconteceu no Vale","twitter_card":"summary_large_image","twitter_creator":"@noticiadosvales","twitter_site":"@noticiadosvales","twitter_misc":{"Escrito por":"Aconteceu no Vale","Est. tempo de leitura":"2 minutos"},"schema":{"@context":"https:\/\/schema.org","@graph":[{"@type":"Article","@id":"https:\/\/aconteceunovale.com.br\/portal\/?p=128883#article","isPartOf":{"@id":"https:\/\/aconteceunovale.com.br\/portal\/?p=128883"},"author":{"name":"Aconteceu no Vale","@id":"https:\/\/aconteceunovale.com.br\/portal\/#\/schema\/person\/633529146f2c94272bef50ac2953d589"},"headline":"Receita come\u00e7a a receber hoje a declara\u00e7\u00e3o do Imposto de Renda; saiba quem \u00e9 obrigado","datePublished":"2018-03-01T11:17:37+00:00","mainEntityOfPage":{"@id":"https:\/\/aconteceunovale.com.br\/portal\/?p=128883"},"wordCount":374,"commentCount":0,"image":{"@id":"https:\/\/aconteceunovale.com.br\/portal\/?p=128883#primaryimage"},"thumbnailUrl":"https:\/\/aconteceunovale.com.br\/portal\/wp-content\/uploads\/2015\/08\/rascunho_irpf.jpg","keywords":["Declara\u00e7\u00e3o do Imposto de Renda da Pessoa F\u00edsica","Declara\u00e7\u00e3o do IRPF","Imposto de Renda da Pessoa F\u00edsica","IRPF","Prazo para declara\u00e7\u00e3o do IRPF","receita federal"],"articleSection":["Brasil"],"inLanguage":"pt-BR","potentialAction":[{"@type":"CommentAction","name":"Comment","target":["https:\/\/aconteceunovale.com.br\/portal\/?p=128883#respond"]}]},{"@type":"WebPage","@id":"https:\/\/aconteceunovale.com.br\/portal\/?p=128883","url":"https:\/\/aconteceunovale.com.br\/portal\/?p=128883","name":"Receita come\u00e7a a receber hoje a declara\u00e7\u00e3o do Imposto de Renda; saiba quem \u00e9 obrigado - Aconteceu no Vale","isPartOf":{"@id":"https:\/\/aconteceunovale.com.br\/portal\/#website"},"primaryImageOfPage":{"@id":"https:\/\/aconteceunovale.com.br\/portal\/?p=128883#primaryimage"},"image":{"@id":"https:\/\/aconteceunovale.com.br\/portal\/?p=128883#primaryimage"},"thumbnailUrl":"https:\/\/aconteceunovale.com.br\/portal\/wp-content\/uploads\/2015\/08\/rascunho_irpf.jpg","datePublished":"2018-03-01T11:17:37+00:00","author":{"@id":"https:\/\/aconteceunovale.com.br\/portal\/#\/schema\/person\/633529146f2c94272bef50ac2953d589"},"breadcrumb":{"@id":"https:\/\/aconteceunovale.com.br\/portal\/?p=128883#breadcrumb"},"inLanguage":"pt-BR","potentialAction":[{"@type":"ReadAction","target":["https:\/\/aconteceunovale.com.br\/portal\/?p=128883"]}]},{"@type":"ImageObject","inLanguage":"pt-BR","@id":"https:\/\/aconteceunovale.com.br\/portal\/?p=128883#primaryimage","url":"https:\/\/aconteceunovale.com.br\/portal\/wp-content\/uploads\/2015\/08\/rascunho_irpf.jpg","contentUrl":"https:\/\/aconteceunovale.com.br\/portal\/wp-content\/uploads\/2015\/08\/rascunho_irpf.jpg","width":450,"height":300},{"@type":"BreadcrumbList","@id":"https:\/\/aconteceunovale.com.br\/portal\/?p=128883#breadcrumb","itemListElement":[{"@type":"ListItem","position":1,"name":"In\u00edcio","item":"https:\/\/aconteceunovale.com.br\/portal\/"},{"@type":"ListItem","position":2,"name":"Receita come\u00e7a a receber hoje a declara\u00e7\u00e3o do Imposto de Renda; saiba quem \u00e9 obrigado"}]},{"@type":"WebSite","@id":"https:\/\/aconteceunovale.com.br\/portal\/#website","url":"https:\/\/aconteceunovale.com.br\/portal\/","name":"Aconteceu no Vale","description":"Portal de Not\u00edcias","potentialAction":[{"@type":"SearchAction","target":{"@type":"EntryPoint","urlTemplate":"https:\/\/aconteceunovale.com.br\/portal\/?s={search_term_string}"},"query-input":{"@type":"PropertyValueSpecification","valueRequired":true,"valueName":"search_term_string"}}],"inLanguage":"pt-BR"},{"@type":"Person","@id":"https:\/\/aconteceunovale.com.br\/portal\/#\/schema\/person\/633529146f2c94272bef50ac2953d589","name":"Aconteceu no Vale","description":"Equipe de reportagem do Aconteceu no Vale, portal de not\u00edcias do Vale do Jequitinhonha, em Minas Gerais. Cobrimos as 51 cidades do Vale desde 2013. Sugest\u00f5es de pauta e pedidos de corre\u00e7\u00e3o: contato@aconteceunovale.com.br","sameAs":["http:\/\/www.aconteceunovale.com.br"],"url":"https:\/\/aconteceunovale.com.br\/portal\/?author=1"}]}},"_links":{"self":[{"href":"https:\/\/aconteceunovale.com.br\/portal\/index.php?rest_route=\/wp\/v2\/posts\/128883","targetHints":{"allow":["GET"]}}],"collection":[{"href":"https:\/\/aconteceunovale.com.br\/portal\/index.php?rest_route=\/wp\/v2\/posts"}],"about":[{"href":"https:\/\/aconteceunovale.com.br\/portal\/index.php?rest_route=\/wp\/v2\/types\/post"}],"author":[{"embeddable":true,"href":"https:\/\/aconteceunovale.com.br\/portal\/index.php?rest_route=\/wp\/v2\/users\/1"}],"replies":[{"embeddable":true,"href":"https:\/\/aconteceunovale.com.br\/portal\/index.php?rest_route=%2Fwp%2Fv2%2Fcomments&post=128883"}],"version-history":[{"count":0,"href":"https:\/\/aconteceunovale.com.br\/portal\/index.php?rest_route=\/wp\/v2\/posts\/128883\/revisions"}],"wp:featuredmedia":[{"embeddable":true,"href":"https:\/\/aconteceunovale.com.br\/portal\/index.php?rest_route=\/wp\/v2\/media\/65200"}],"wp:attachment":[{"href":"https:\/\/aconteceunovale.com.br\/portal\/index.php?rest_route=%2Fwp%2Fv2%2Fmedia&parent=128883"}],"wp:term":[{"taxonomy":"category","embeddable":true,"href":"https:\/\/aconteceunovale.com.br\/portal\/index.php?rest_route=%2Fwp%2Fv2%2Fcategories&post=128883"},{"taxonomy":"post_tag","embeddable":true,"href":"https:\/\/aconteceunovale.com.br\/portal\/index.php?rest_route=%2Fwp%2Fv2%2Ftags&post=128883"}],"curies":[{"name":"wp","href":"https:\/\/api.w.org\/{rel}","templated":true}]}}