{"id":128880,"date":"2018-03-01T09:12:09","date_gmt":"2018-03-01T11:12:09","guid":{"rendered":"http:\/\/aconteceunovale.com.br\/portal\/?p=128880"},"modified":"2018-03-01T09:12:09","modified_gmt":"2018-03-01T11:12:09","slug":"camara-aprova-regulamentacao-de-servicos-de-transporte-com-aplicativo","status":"publish","type":"post","link":"https:\/\/aconteceunovale.com.br\/portal\/?p=128880","title":{"rendered":"C\u00e2mara aprova regulamenta\u00e7\u00e3o de servi\u00e7os de transporte com aplicativo"},"content":{"rendered":"<p>Ap\u00f3s mais de tr\u00eas horas de debates, a C\u00e2mara dos Deputados aprovou ontem (28) o Projeto de Lei (PL) 5587\/16, que regulamenta os servi\u00e7os de transporte com aplicativos como Uber, Cabify e 99 POP. O PL segue para san\u00e7\u00e3o do presidente Michel Temer. Na \u00fanica altera\u00e7\u00e3o ao texto vindo do Senado, o plen\u00e1rio rejeitou, por 283 votos a 29, a mudan\u00e7a que retirava dos munic\u00edpios a compet\u00eancia de regulamentar os servi\u00e7os de transporte por meio de aplicativos.<\/p>\n<p>Os deputados mantiveram duas altera\u00e7\u00f5es ao texto feitas pelo Senado e, dessa forma, o texto final excluiu a necessidade de autoriza\u00e7\u00e3o pr\u00e9via emitida pelo poder p\u00fablico municipal para o motorista de aplicativo nos munic\u00edpios em que houver regulamenta\u00e7\u00e3o. Al\u00e9m disso, tamb\u00e9m prevaleceu a mudan\u00e7a do Senado que retirou a obrigatoriedade de o motorista do aplicativo ser o propriet\u00e1rio, fiduciante ou arrendat\u00e1rio do ve\u00edculo, assim como a de usar placa vermelha.<\/p>\n<p>Os deputados analisaram o projeto que havia sido aprovado pelo Senado no in\u00edcio de novembro do ano passado. Origin\u00e1rio da C\u00e2mara, o projeto de lei precisou ser analisado novamente para encerar o processo legislativo e ser sancionado para virar lei. Isso porque os senadores alteraram trechos do texto aprovado pelos deputados.<\/p>\n<p>Entre as regras de fiscaliza\u00e7\u00e3o previstas no PL aprovado est\u00e3o a exig\u00eancia de contrata\u00e7\u00e3o de seguro de Acidentes Pessoais a Passageiros (APP) e do Seguro Obrigat\u00f3rio de Danos Pessoais Causados por Ve\u00edculos Automotores de Vias Terrestres (DPVAT), al\u00e9m da necessidade de inscri\u00e7\u00e3o do motorista como contribuinte individual do Instituto Nacional do Seguro Social (INSS).<\/p>\n<p>O PL tamb\u00e9m estabelece que o motorista deve ser portador de Carteira Nacional de Habilita\u00e7\u00e3o na categoria B ou superior que tenha a informa\u00e7\u00e3o de que ele exerce atividade remunerada. Aquele que descumprir as regras ter\u00e1 seu trabalho caracterizado como transporte ilegal de passageiros.<\/p>\n<p><strong>Diverg\u00eancia<\/strong><\/p>\n<p>Pressionados por taxistas e motoristas de aplicativos, que tinham posi\u00e7\u00f5es divergentes sobre a regulamenta\u00e7\u00e3o, deputados travaram debates acalorados durante a sess\u00e3o que discutiu o tema. Favor\u00e1vel ao estabelecimento de regras mais r\u00edgidas para os servi\u00e7os de transporte por aplicativo, o deputado Major Ol\u00edmpio (SD-SP) defendeu que a regulamenta\u00e7\u00e3o permitiria a igualdade de tratamento entre os trabalhadores de transporte privado e taxistas.<\/p>\n<p>\u201cSe for vender pipoca, precisa de autoriza\u00e7\u00e3o do munic\u00edpio. Se tem a remunera\u00e7\u00e3o de um servi\u00e7o de transporte remunerado, n\u00e3o h\u00e1 o que discutir. Ningu\u00e9m est\u00e1 acabando com aplicativo nenhum, est\u00e1 se concedendo exatamente regulamenta\u00e7\u00e3o, igualdade para a disputa do mercado\u201d, argumentou.<\/p>\n<p>J\u00e1 o relator da mat\u00e9ria na Casa, deputado Daniel Coelho (PSDB-PE), defendeu que os aplicativos s\u00e3o respons\u00e1veis pela renda de mais de 500 mil trabalhadores brasileiros e foi respons\u00e1vel, em 2017, pelo pagamento de R$ 1 bilh\u00e3o em impostos. \u201cN\u00e3o cabe a esse plen\u00e1rio hoje tomar a decis\u00e3o de proibir aplicativos\u201d, disse.<\/p>\n<p><strong>VER PRIMEIRO<\/strong><\/p>\n<p>Receba as not\u00edcias do Aconteceu no Vale em primeira m\u00e3o. Clique em curtir no endere\u00e7o <a href=\"https:\/\/www.facebook.com\/aconteceunovale\" target=\"_blank\"><font color=\"red\">www.facebook.com\/aconteceunovale<\/font><\/a> ou no box abaixo:<\/p>\n<div class=\"fb-like\" data-href=\"https:\/\/www.facebook.com\/aconteceunovale\" data-width=\"120\" data-layout=\"standard\" data-action=\"like\" data-size=\"small\" data-show-faces=\"true\" data-share=\"true\"><\/div>\n<p><\/br><\/p>\n<p><em>(Fonte: Ag\u00eancia Brasil)<\/em><\/p>\n","protected":false},"excerpt":{"rendered":"<p>Ap\u00f3s mais de tr\u00eas horas de debates, a C\u00e2mara dos Deputados aprovou ontem (28) o Projeto de Lei (PL) 5587\/16, que regulamenta os servi\u00e7os de transporte com aplicativos como Uber, Cabify e 99 POP. O PL segue para san\u00e7\u00e3o do presidente Michel Temer. Na \u00fanica altera\u00e7\u00e3o ao texto vindo do Senado, o plen\u00e1rio rejeitou, por [&hellip;]<\/p>\n","protected":false},"author":1,"featured_media":128881,"comment_status":"open","ping_status":"closed","sticky":false,"template":"","format":"standard","meta":{"amp_status":"","footnotes":""},"categories":[6],"tags":[168151,169869,169868,120212,169870,20922,20181,144851,144850,22606,169871,21938,43276],"class_list":["post-128880","post","type-post","status-publish","format-standard","has-post-thumbnail","hentry","category-br","tag-99-pop","tag-99taxi","tag-aplicativo-de-transporte","tag-cabify","tag-camara-aprova-regulamentacao-de-servicos-de-transporte-com-aplicativo","tag-camara-dos-deputados","tag-michel-temer","tag-pl-558716","tag-projeto-de-lei-558716","tag-regulamentacao","tag-regulamentacao-de-servicos-de-transporte-com-aplicativo","tag-senado","tag-uber"],"yoast_head":"<!-- This site is optimized with the Yoast SEO plugin v28.3 - https:\/\/yoast.com\/product\/yoast-seo-wordpress\/ -->\n<title>C\u00e2mara aprova regulamenta\u00e7\u00e3o de servi\u00e7os de transporte com aplicativo - Aconteceu no Vale<\/title>\n<meta name=\"robots\" content=\"index, follow, max-snippet:-1, max-image-preview:large, max-video-preview:-1\" \/>\n<link rel=\"canonical\" href=\"https:\/\/aconteceunovale.com.br\/portal\/?p=128880\" \/>\n<meta property=\"og:locale\" content=\"pt_BR\" \/>\n<meta property=\"og:type\" content=\"article\" \/>\n<meta property=\"og:title\" content=\"C\u00e2mara aprova regulamenta\u00e7\u00e3o de servi\u00e7os de transporte com aplicativo - Aconteceu no Vale\" \/>\n<meta property=\"og:description\" content=\"Ap\u00f3s mais de tr\u00eas horas de debates, a C\u00e2mara dos Deputados aprovou ontem (28) o Projeto de Lei (PL) 5587\/16, que regulamenta os servi\u00e7os de transporte com aplicativos como Uber, Cabify e 99 POP. O PL segue para san\u00e7\u00e3o do presidente Michel Temer. Na \u00fanica altera\u00e7\u00e3o ao texto vindo do Senado, o plen\u00e1rio rejeitou, por [&hellip;]\" \/>\n<meta property=\"og:url\" content=\"https:\/\/aconteceunovale.com.br\/portal\/?p=128880\" \/>\n<meta property=\"og:site_name\" content=\"Aconteceu no Vale\" \/>\n<meta property=\"article:publisher\" content=\"https:\/\/www.facebook.com\/aconteceunovale\/\" \/>\n<meta property=\"article:published_time\" content=\"2018-03-01T11:12:09+00:00\" \/>\n<meta property=\"og:image\" content=\"https:\/\/aconteceunovale.com.br\/portal\/wp-content\/uploads\/2018\/03\/app_transporte.jpg\" \/>\n\t<meta property=\"og:image:width\" content=\"678\" \/>\n\t<meta property=\"og:image:height\" content=\"332\" \/>\n\t<meta property=\"og:image:type\" content=\"image\/jpeg\" \/>\n<meta name=\"author\" content=\"Aconteceu no Vale\" \/>\n<meta name=\"twitter:card\" content=\"summary_large_image\" \/>\n<meta name=\"twitter:creator\" content=\"@noticiadosvales\" \/>\n<meta name=\"twitter:site\" content=\"@noticiadosvales\" \/>\n<meta name=\"twitter:label1\" content=\"Escrito por\" \/>\n\t<meta name=\"twitter:data1\" content=\"Aconteceu no Vale\" \/>\n\t<meta name=\"twitter:label2\" content=\"Est. tempo de leitura\" \/>\n\t<meta name=\"twitter:data2\" content=\"3 minutos\" \/>\n<script type=\"application\/ld+json\" class=\"yoast-schema-graph\">{\"@context\":\"https:\\\/\\\/schema.org\",\"@graph\":[{\"@type\":\"Article\",\"@id\":\"https:\\\/\\\/aconteceunovale.com.br\\\/portal\\\/?p=128880#article\",\"isPartOf\":{\"@id\":\"https:\\\/\\\/aconteceunovale.com.br\\\/portal\\\/?p=128880\"},\"author\":{\"name\":\"Aconteceu no Vale\",\"@id\":\"https:\\\/\\\/aconteceunovale.com.br\\\/portal\\\/#\\\/schema\\\/person\\\/633529146f2c94272bef50ac2953d589\"},\"headline\":\"C\u00e2mara aprova regulamenta\u00e7\u00e3o de servi\u00e7os de transporte com aplicativo\",\"datePublished\":\"2018-03-01T11:12:09+00:00\",\"mainEntityOfPage\":{\"@id\":\"https:\\\/\\\/aconteceunovale.com.br\\\/portal\\\/?p=128880\"},\"wordCount\":549,\"commentCount\":0,\"image\":{\"@id\":\"https:\\\/\\\/aconteceunovale.com.br\\\/portal\\\/?p=128880#primaryimage\"},\"thumbnailUrl\":\"https:\\\/\\\/aconteceunovale.com.br\\\/portal\\\/wp-content\\\/uploads\\\/2018\\\/03\\\/app_transporte.jpg\",\"keywords\":[\"99 Pop\",\"99Taxi\",\"aplicativo de transporte\",\"Cabify\",\"C\u00e2mara aprova regulamenta\u00e7\u00e3o de servi\u00e7os de transporte com aplicativo\",\"C\u00e2mara dos Deputados\",\"Michel Temer\",\"PL 5587\\\/16\",\"Projeto de Lei 5587\\\/16\",\"Regulamenta\u00e7\u00e3o\",\"Regulamenta\u00e7\u00e3o de servi\u00e7os de transporte com aplicativo\",\"Senado\",\"Uber\"],\"articleSection\":[\"Brasil\"],\"inLanguage\":\"pt-BR\",\"potentialAction\":[{\"@type\":\"CommentAction\",\"name\":\"Comment\",\"target\":[\"https:\\\/\\\/aconteceunovale.com.br\\\/portal\\\/?p=128880#respond\"]}]},{\"@type\":\"WebPage\",\"@id\":\"https:\\\/\\\/aconteceunovale.com.br\\\/portal\\\/?p=128880\",\"url\":\"https:\\\/\\\/aconteceunovale.com.br\\\/portal\\\/?p=128880\",\"name\":\"C\u00e2mara aprova regulamenta\u00e7\u00e3o de servi\u00e7os de transporte com aplicativo - Aconteceu no Vale\",\"isPartOf\":{\"@id\":\"https:\\\/\\\/aconteceunovale.com.br\\\/portal\\\/#website\"},\"primaryImageOfPage\":{\"@id\":\"https:\\\/\\\/aconteceunovale.com.br\\\/portal\\\/?p=128880#primaryimage\"},\"image\":{\"@id\":\"https:\\\/\\\/aconteceunovale.com.br\\\/portal\\\/?p=128880#primaryimage\"},\"thumbnailUrl\":\"https:\\\/\\\/aconteceunovale.com.br\\\/portal\\\/wp-content\\\/uploads\\\/2018\\\/03\\\/app_transporte.jpg\",\"datePublished\":\"2018-03-01T11:12:09+00:00\",\"author\":{\"@id\":\"https:\\\/\\\/aconteceunovale.com.br\\\/portal\\\/#\\\/schema\\\/person\\\/633529146f2c94272bef50ac2953d589\"},\"breadcrumb\":{\"@id\":\"https:\\\/\\\/aconteceunovale.com.br\\\/portal\\\/?p=128880#breadcrumb\"},\"inLanguage\":\"pt-BR\",\"potentialAction\":[{\"@type\":\"ReadAction\",\"target\":[\"https:\\\/\\\/aconteceunovale.com.br\\\/portal\\\/?p=128880\"]}]},{\"@type\":\"ImageObject\",\"inLanguage\":\"pt-BR\",\"@id\":\"https:\\\/\\\/aconteceunovale.com.br\\\/portal\\\/?p=128880#primaryimage\",\"url\":\"https:\\\/\\\/aconteceunovale.com.br\\\/portal\\\/wp-content\\\/uploads\\\/2018\\\/03\\\/app_transporte.jpg\",\"contentUrl\":\"https:\\\/\\\/aconteceunovale.com.br\\\/portal\\\/wp-content\\\/uploads\\\/2018\\\/03\\\/app_transporte.jpg\",\"width\":678,\"height\":332},{\"@type\":\"BreadcrumbList\",\"@id\":\"https:\\\/\\\/aconteceunovale.com.br\\\/portal\\\/?p=128880#breadcrumb\",\"itemListElement\":[{\"@type\":\"ListItem\",\"position\":1,\"name\":\"In\u00edcio\",\"item\":\"https:\\\/\\\/aconteceunovale.com.br\\\/portal\\\/\"},{\"@type\":\"ListItem\",\"position\":2,\"name\":\"C\u00e2mara aprova regulamenta\u00e7\u00e3o de servi\u00e7os de transporte com aplicativo\"}]},{\"@type\":\"WebSite\",\"@id\":\"https:\\\/\\\/aconteceunovale.com.br\\\/portal\\\/#website\",\"url\":\"https:\\\/\\\/aconteceunovale.com.br\\\/portal\\\/\",\"name\":\"Aconteceu no Vale\",\"description\":\"Portal de Not\u00edcias\",\"potentialAction\":[{\"@type\":\"SearchAction\",\"target\":{\"@type\":\"EntryPoint\",\"urlTemplate\":\"https:\\\/\\\/aconteceunovale.com.br\\\/portal\\\/?s={search_term_string}\"},\"query-input\":{\"@type\":\"PropertyValueSpecification\",\"valueRequired\":true,\"valueName\":\"search_term_string\"}}],\"inLanguage\":\"pt-BR\"},{\"@type\":\"Person\",\"@id\":\"https:\\\/\\\/aconteceunovale.com.br\\\/portal\\\/#\\\/schema\\\/person\\\/633529146f2c94272bef50ac2953d589\",\"name\":\"Aconteceu no Vale\",\"description\":\"Equipe de reportagem do Aconteceu no Vale, portal de not\u00edcias do Vale do Jequitinhonha, em Minas Gerais. Cobrimos as 51 cidades do Vale desde 2013. Sugest\u00f5es de pauta e pedidos de corre\u00e7\u00e3o: contato@aconteceunovale.com.br\",\"sameAs\":[\"http:\\\/\\\/www.aconteceunovale.com.br\"],\"url\":\"https:\\\/\\\/aconteceunovale.com.br\\\/portal\\\/?author=1\"}]}<\/script>\n<!-- \/ Yoast SEO plugin. -->","yoast_head_json":{"title":"C\u00e2mara aprova regulamenta\u00e7\u00e3o de servi\u00e7os de transporte com aplicativo - Aconteceu no Vale","robots":{"index":"index","follow":"follow","max-snippet":"max-snippet:-1","max-image-preview":"max-image-preview:large","max-video-preview":"max-video-preview:-1"},"canonical":"https:\/\/aconteceunovale.com.br\/portal\/?p=128880","og_locale":"pt_BR","og_type":"article","og_title":"C\u00e2mara aprova regulamenta\u00e7\u00e3o de servi\u00e7os de transporte com aplicativo - Aconteceu no Vale","og_description":"Ap\u00f3s mais de tr\u00eas horas de debates, a C\u00e2mara dos Deputados aprovou ontem (28) o Projeto de Lei (PL) 5587\/16, que regulamenta os servi\u00e7os de transporte com aplicativos como Uber, Cabify e 99 POP. O PL segue para san\u00e7\u00e3o do presidente Michel Temer. Na \u00fanica altera\u00e7\u00e3o ao texto vindo do Senado, o plen\u00e1rio rejeitou, por [&hellip;]","og_url":"https:\/\/aconteceunovale.com.br\/portal\/?p=128880","og_site_name":"Aconteceu no Vale","article_publisher":"https:\/\/www.facebook.com\/aconteceunovale\/","article_published_time":"2018-03-01T11:12:09+00:00","og_image":[{"width":678,"height":332,"url":"https:\/\/aconteceunovale.com.br\/portal\/wp-content\/uploads\/2018\/03\/app_transporte.jpg","type":"image\/jpeg"}],"author":"Aconteceu no Vale","twitter_card":"summary_large_image","twitter_creator":"@noticiadosvales","twitter_site":"@noticiadosvales","twitter_misc":{"Escrito por":"Aconteceu no Vale","Est. tempo de leitura":"3 minutos"},"schema":{"@context":"https:\/\/schema.org","@graph":[{"@type":"Article","@id":"https:\/\/aconteceunovale.com.br\/portal\/?p=128880#article","isPartOf":{"@id":"https:\/\/aconteceunovale.com.br\/portal\/?p=128880"},"author":{"name":"Aconteceu no Vale","@id":"https:\/\/aconteceunovale.com.br\/portal\/#\/schema\/person\/633529146f2c94272bef50ac2953d589"},"headline":"C\u00e2mara aprova regulamenta\u00e7\u00e3o de servi\u00e7os de transporte com aplicativo","datePublished":"2018-03-01T11:12:09+00:00","mainEntityOfPage":{"@id":"https:\/\/aconteceunovale.com.br\/portal\/?p=128880"},"wordCount":549,"commentCount":0,"image":{"@id":"https:\/\/aconteceunovale.com.br\/portal\/?p=128880#primaryimage"},"thumbnailUrl":"https:\/\/aconteceunovale.com.br\/portal\/wp-content\/uploads\/2018\/03\/app_transporte.jpg","keywords":["99 Pop","99Taxi","aplicativo de transporte","Cabify","C\u00e2mara aprova regulamenta\u00e7\u00e3o de servi\u00e7os de transporte com aplicativo","C\u00e2mara dos Deputados","Michel Temer","PL 5587\/16","Projeto de Lei 5587\/16","Regulamenta\u00e7\u00e3o","Regulamenta\u00e7\u00e3o de servi\u00e7os de transporte com aplicativo","Senado","Uber"],"articleSection":["Brasil"],"inLanguage":"pt-BR","potentialAction":[{"@type":"CommentAction","name":"Comment","target":["https:\/\/aconteceunovale.com.br\/portal\/?p=128880#respond"]}]},{"@type":"WebPage","@id":"https:\/\/aconteceunovale.com.br\/portal\/?p=128880","url":"https:\/\/aconteceunovale.com.br\/portal\/?p=128880","name":"C\u00e2mara aprova regulamenta\u00e7\u00e3o de servi\u00e7os de transporte com aplicativo - Aconteceu no Vale","isPartOf":{"@id":"https:\/\/aconteceunovale.com.br\/portal\/#website"},"primaryImageOfPage":{"@id":"https:\/\/aconteceunovale.com.br\/portal\/?p=128880#primaryimage"},"image":{"@id":"https:\/\/aconteceunovale.com.br\/portal\/?p=128880#primaryimage"},"thumbnailUrl":"https:\/\/aconteceunovale.com.br\/portal\/wp-content\/uploads\/2018\/03\/app_transporte.jpg","datePublished":"2018-03-01T11:12:09+00:00","author":{"@id":"https:\/\/aconteceunovale.com.br\/portal\/#\/schema\/person\/633529146f2c94272bef50ac2953d589"},"breadcrumb":{"@id":"https:\/\/aconteceunovale.com.br\/portal\/?p=128880#breadcrumb"},"inLanguage":"pt-BR","potentialAction":[{"@type":"ReadAction","target":["https:\/\/aconteceunovale.com.br\/portal\/?p=128880"]}]},{"@type":"ImageObject","inLanguage":"pt-BR","@id":"https:\/\/aconteceunovale.com.br\/portal\/?p=128880#primaryimage","url":"https:\/\/aconteceunovale.com.br\/portal\/wp-content\/uploads\/2018\/03\/app_transporte.jpg","contentUrl":"https:\/\/aconteceunovale.com.br\/portal\/wp-content\/uploads\/2018\/03\/app_transporte.jpg","width":678,"height":332},{"@type":"BreadcrumbList","@id":"https:\/\/aconteceunovale.com.br\/portal\/?p=128880#breadcrumb","itemListElement":[{"@type":"ListItem","position":1,"name":"In\u00edcio","item":"https:\/\/aconteceunovale.com.br\/portal\/"},{"@type":"ListItem","position":2,"name":"C\u00e2mara aprova regulamenta\u00e7\u00e3o de servi\u00e7os de transporte com aplicativo"}]},{"@type":"WebSite","@id":"https:\/\/aconteceunovale.com.br\/portal\/#website","url":"https:\/\/aconteceunovale.com.br\/portal\/","name":"Aconteceu no Vale","description":"Portal de Not\u00edcias","potentialAction":[{"@type":"SearchAction","target":{"@type":"EntryPoint","urlTemplate":"https:\/\/aconteceunovale.com.br\/portal\/?s={search_term_string}"},"query-input":{"@type":"PropertyValueSpecification","valueRequired":true,"valueName":"search_term_string"}}],"inLanguage":"pt-BR"},{"@type":"Person","@id":"https:\/\/aconteceunovale.com.br\/portal\/#\/schema\/person\/633529146f2c94272bef50ac2953d589","name":"Aconteceu no Vale","description":"Equipe de reportagem do Aconteceu no Vale, portal de not\u00edcias do Vale do Jequitinhonha, em Minas Gerais. Cobrimos as 51 cidades do Vale desde 2013. Sugest\u00f5es de pauta e pedidos de corre\u00e7\u00e3o: contato@aconteceunovale.com.br","sameAs":["http:\/\/www.aconteceunovale.com.br"],"url":"https:\/\/aconteceunovale.com.br\/portal\/?author=1"}]}},"_links":{"self":[{"href":"https:\/\/aconteceunovale.com.br\/portal\/index.php?rest_route=\/wp\/v2\/posts\/128880","targetHints":{"allow":["GET"]}}],"collection":[{"href":"https:\/\/aconteceunovale.com.br\/portal\/index.php?rest_route=\/wp\/v2\/posts"}],"about":[{"href":"https:\/\/aconteceunovale.com.br\/portal\/index.php?rest_route=\/wp\/v2\/types\/post"}],"author":[{"embeddable":true,"href":"https:\/\/aconteceunovale.com.br\/portal\/index.php?rest_route=\/wp\/v2\/users\/1"}],"replies":[{"embeddable":true,"href":"https:\/\/aconteceunovale.com.br\/portal\/index.php?rest_route=%2Fwp%2Fv2%2Fcomments&post=128880"}],"version-history":[{"count":0,"href":"https:\/\/aconteceunovale.com.br\/portal\/index.php?rest_route=\/wp\/v2\/posts\/128880\/revisions"}],"wp:featuredmedia":[{"embeddable":true,"href":"https:\/\/aconteceunovale.com.br\/portal\/index.php?rest_route=\/wp\/v2\/media\/128881"}],"wp:attachment":[{"href":"https:\/\/aconteceunovale.com.br\/portal\/index.php?rest_route=%2Fwp%2Fv2%2Fmedia&parent=128880"}],"wp:term":[{"taxonomy":"category","embeddable":true,"href":"https:\/\/aconteceunovale.com.br\/portal\/index.php?rest_route=%2Fwp%2Fv2%2Fcategories&post=128880"},{"taxonomy":"post_tag","embeddable":true,"href":"https:\/\/aconteceunovale.com.br\/portal\/index.php?rest_route=%2Fwp%2Fv2%2Ftags&post=128880"}],"curies":[{"name":"wp","href":"https:\/\/api.w.org\/{rel}","templated":true}]}}