{"id":128858,"date":"2018-02-28T21:05:50","date_gmt":"2018-02-28T23:05:50","guid":{"rendered":"http:\/\/aconteceunovale.com.br\/portal\/?p=128858"},"modified":"2018-02-28T21:05:50","modified_gmt":"2018-02-28T23:05:50","slug":"recuperandos-da-apac-de-santa-maria-do-suacui-concluem-curso-de-mecanica","status":"publish","type":"post","link":"https:\/\/aconteceunovale.com.br\/portal\/?p=128858","title":{"rendered":"Recuperandos da Apac de Santa Maria do Sua\u00e7u\u00ed concluem curso de mec\u00e2nica"},"content":{"rendered":"<p>O trabalho \u00e9 um dos pilares da metodologia Apac, pautada na execu\u00e7\u00e3o humanizada da pena privativa de liberdade. Com foco na import\u00e2ncia da capacita\u00e7\u00e3o e profissionaliza\u00e7\u00e3o de recuperandos, de forma a prepar\u00e1-los para a inser\u00e7\u00e3o no mercado de trabalho, o programa Pr\u00f3-Apac, realizado pelo Instituto Minas Pela Paz, em parceria com a Escola M\u00f3vel do Sesi\/Senai, finaliza o curso de mec\u00e2nica de autom\u00f3veis na Associa\u00e7\u00e3o de Prote\u00e7\u00e3o e Assist\u00eancia ao Condenado (Apac) de Santa Maria do Sua\u00e7u\u00ed, certificando 30 recuperandos. A solenidade de formatura ser\u00e1 em 1\u00ba de mar\u00e7o, \u00e0s 18h, na Rua Safira, 665, Bairro Varj\u00e3o. <\/p>\n<p>A iniciativa tem o apoio do Tribunal de Justi\u00e7a de Minas Gerais (TJMG) \u2013 por meio do programa Novos Rumos \u2013, da Fraternidade Brasileira de Assist\u00eancia aos Condenados (FBAC), da Isvor, Universidade Corporativa da Fiat Chrysler Automobiles (FCA), do Servi\u00e7o Nacional do Com\u00e9rcio (Senac) e do movimento Tio Fl\u00e1vio Cultural. O curso profissionalizante alia teoria e pr\u00e1tica realizada em equipamentos, ferramental e carros, preparando os alunos para a atua\u00e7\u00e3o profissional imediata ap\u00f3s a conclus\u00e3o do curso.<\/p>\n<p>Conforme ressaltou o gerente de projetos do Minas Pela Paz, En\u00e9as Melo, o curso tem atra\u00eddo a aten\u00e7\u00e3o dos recuperandos por oferecer uma qualifica\u00e7\u00e3o de alto n\u00edvel, que lhes d\u00e1 condi\u00e7\u00f5es de atuar em uma empresa privada ou, at\u00e9 mesmo, como aut\u00f4nomos. De 2015 at\u00e9 agora, cerca de 460 reeducandos de 17 Apacs j\u00e1 conclu\u00edram o curso.<\/p>\n<p><img decoding=\"async\" src=\"http:\/\/aconteceunovale.com.br\/portal\/wp-content\/uploads\/2018\/02\/mecanico_sms.jpg\" alt=\"\" \/><em>Reeducandos receberam capacita\u00e7\u00e3o para atuar como mec\u00e2nicos (Divulga\u00e7\u00e3o\/TJMG)<\/em><br \/>\n<\/br><\/p>\n<p><strong>Oportunidades<\/strong><\/p>\n<p>Esperan\u00e7oso, o recuperando C., que cumpre pena no regime fechado, v\u00ea na iniciativa uma oportunidade para ele e para os companheiros: \u201cAo sairmos em liberdade, esse aprendizado vai nos abrir muitas portas\u201d. Agradecido, ele externou o desejo de que novos cursos sejam ofertados para aperfei\u00e7oamento das t\u00e9cnicas aprendidas.<\/p>\n<p>Comungando dessa opini\u00e3o, o recuperando A., que tamb\u00e9m cumpre pena em regime fechado, declarou que todos os dias v\u00ea uma nova chance para ele e para os amigos da Apac. \u201cMesmo diante das minhas dificuldades com a leitura e a escrita, adquiri conhecimento, e esse curso de mec\u00e2nica vai nos proporcionar muitas oportunidades,&#8221; afirmou.<\/p>\n<p>Participam da solenidade representantes do TJMG, da Apac local, do Instituto Minas Pela Paz e parceiros. Na oportunidade, ser\u00e3o apresentadas aos convidados as caracter\u00edsticas da metodologia Apac, bem como ser\u00e3o discutidas as possibilidades de parceria com as institui\u00e7\u00f5es p\u00fablicas, empresariais, educacionais e com a comunidade do Munic\u00edpio de Santa Maria do Sua\u00e7u\u00ed.<\/p>\n<p><strong>Apacs<\/strong><\/p>\n<p>As Apacs s\u00e3o entidades autorizadas a realizar a execu\u00e7\u00e3o penal em parceria com o Governo e com o Tribunal de Justi\u00e7a. S\u00e3o unidades prisionais complementares ao sistema comum em que a disciplina r\u00edgida se alia \u00e0 valoriza\u00e7\u00e3o humana e que v\u00eam apresentando resultados eficientes na recupera\u00e7\u00e3o de detentos e na redu\u00e7\u00e3o da reincid\u00eancia criminal.<\/p>\n<p>Nos centros de reintegra\u00e7\u00e3o social (CRSs), exige-se o compromisso de cada recuperando com a realiza\u00e7\u00e3o das atividades de manuten\u00e7\u00e3o e funcionamento da unidade, limpeza, organiza\u00e7\u00e3o, prepara\u00e7\u00e3o de alimentos, entre outras. A educa\u00e7\u00e3o e o trabalho influenciam positivamente na vida dos recuperandos, elevando sua autoestima.<\/p>\n<p><strong>Servi\u00e7o<\/strong><\/p>\n<p><em>Formatura no Curso de Mec\u00e2nica de Autom\u00f3veis<\/em><br \/>\nApac de Santa Maria do Sua\u00e7u\u00ed<br \/>\nRua Safira, 665, Bairro Varj\u00e3o<br \/>\n1\u00ba de mar\u00e7o de 2018, \u00e0s 18h<\/p>\n<p><strong>VER PRIMEIRO<\/strong><\/p>\n<p>Receba as not\u00edcias do Aconteceu no Vale em primeira m\u00e3o. Clique em curtir no endere\u00e7o <a href=\"https:\/\/www.facebook.com\/aconteceunovale\" target=\"_blank\"><font color=\"red\">www.facebook.com\/aconteceunovale<\/font><\/a> ou no box abaixo:<\/p>\n<div class=\"fb-like\" data-href=\"https:\/\/www.facebook.com\/aconteceunovale\" data-width=\"120\" data-layout=\"standard\" data-action=\"like\" data-size=\"small\" data-show-faces=\"true\" data-share=\"true\"><\/div>\n<p><\/br><\/p>\n<p><em>(Fonte: TJMG)<\/em><\/p>\n","protected":false},"excerpt":{"rendered":"<p>O trabalho \u00e9 um dos pilares da metodologia Apac, pautada na execu\u00e7\u00e3o humanizada da pena privativa de liberdade. Com foco na import\u00e2ncia da capacita\u00e7\u00e3o e profissionaliza\u00e7\u00e3o de recuperandos, de forma a prepar\u00e1-los para a inser\u00e7\u00e3o no mercado de trabalho, o programa Pr\u00f3-Apac, realizado pelo Instituto Minas Pela Paz, em parceria com a Escola M\u00f3vel do [&hellip;]<\/p>\n","protected":false},"author":1,"featured_media":128859,"comment_status":"open","ping_status":"closed","sticky":false,"template":"","format":"standard","meta":{"amp_status":"","footnotes":""},"categories":[121],"tags":[169831,169830,169832,27663,169833,169829,240,270],"class_list":["post-128858","post","type-post","status-publish","format-standard","has-post-thumbnail","hentry","category-leste","tag-apac-de-santa-maria-do-suacui","tag-apac-santa-maria-do-suacui","tag-escola-movel-do-sesisenai","tag-instituto-minas-pela-paz","tag-recuperandos-da-apac-de-santa-maria-do-suacui-concluem-curso-de-mecanica","tag-recuperandos-de-santa-maria-do-suacui-concluem-curso-de-mecanica","tag-santa-maria-do-suacui","tag-tjmg"],"_links":{"self":[{"href":"https:\/\/aconteceunovale.com.br\/portal\/index.php?rest_route=\/wp\/v2\/posts\/128858","targetHints":{"allow":["GET"]}}],"collection":[{"href":"https:\/\/aconteceunovale.com.br\/portal\/index.php?rest_route=\/wp\/v2\/posts"}],"about":[{"href":"https:\/\/aconteceunovale.com.br\/portal\/index.php?rest_route=\/wp\/v2\/types\/post"}],"author":[{"embeddable":true,"href":"https:\/\/aconteceunovale.com.br\/portal\/index.php?rest_route=\/wp\/v2\/users\/1"}],"replies":[{"embeddable":true,"href":"https:\/\/aconteceunovale.com.br\/portal\/index.php?rest_route=%2Fwp%2Fv2%2Fcomments&post=128858"}],"version-history":[{"count":0,"href":"https:\/\/aconteceunovale.com.br\/portal\/index.php?rest_route=\/wp\/v2\/posts\/128858\/revisions"}],"wp:featuredmedia":[{"embeddable":true,"href":"https:\/\/aconteceunovale.com.br\/portal\/index.php?rest_route=\/wp\/v2\/media\/128859"}],"wp:attachment":[{"href":"https:\/\/aconteceunovale.com.br\/portal\/index.php?rest_route=%2Fwp%2Fv2%2Fmedia&parent=128858"}],"wp:term":[{"taxonomy":"category","embeddable":true,"href":"https:\/\/aconteceunovale.com.br\/portal\/index.php?rest_route=%2Fwp%2Fv2%2Fcategories&post=128858"},{"taxonomy":"post_tag","embeddable":true,"href":"https:\/\/aconteceunovale.com.br\/portal\/index.php?rest_route=%2Fwp%2Fv2%2Ftags&post=128858"}],"curies":[{"name":"wp","href":"https:\/\/api.w.org\/{rel}","templated":true}]}}