{"id":128852,"date":"2018-02-28T20:39:20","date_gmt":"2018-02-28T22:39:20","guid":{"rendered":"http:\/\/aconteceunovale.com.br\/portal\/?p=128852"},"modified":"2018-02-28T20:39:20","modified_gmt":"2018-02-28T22:39:20","slug":"eleitores-de-tres-municipios-mineiros-voltam-as-urnas-no-proximo-domingo-2","status":"publish","type":"post","link":"https:\/\/aconteceunovale.com.br\/portal\/?p=128852","title":{"rendered":"Eleitores de tr\u00eas munic\u00edpios mineiros voltam \u00e0s urnas no pr\u00f3ximo domingo"},"content":{"rendered":"<p>No pr\u00f3ximo domingo (4 de mar\u00e7o de 2018), os eleitores de Campo Azul (50\u00aa Zona Eleitoral, de Bras\u00edlia de Minas), Ibituruna (46\u00aa Zona Eleitoral, de Bom Sucesso) e Santa Cruz de Salinas (175\u00aa Zona Eleitoral, de Medina) voltam \u00e0s urnas para eleger prefeitos e vices das cidades. A vota\u00e7\u00e3o ocorrer\u00e1 das 8h \u00e0s 17h. <\/p>\n<p>Os pleitos de 2016 nos tr\u00eas munic\u00edpios foram anulados pela Justi\u00e7a Eleitoral porque os candidatos que receberam a maioria dos votos v\u00e1lidos tiveram os registros de candidatura indeferidos. <\/p>\n<p><strong>Campo Azul<\/strong>    <\/p>\n<p>O munic\u00edpio da regi\u00e3o Norte de Minas tem 3.946 eleitores que votar\u00e3o no domingo para escolher entre dois candidatos: Geraldo Costa J\u00fanior (PODE), o Costinha, vice Orivelton Medeiros Cruz (PDT), pela Coliga\u00e7\u00e3o \u201cJuntos Podemos Mudar Campo Azul\u201d (PODE\/PDT); e Oseas Almeida Junior (PSD), o J\u00fanior de Oseas, vice Maria Julieta Almeida Amaral (PTB), pela Coliga\u00e7\u00e3o \u201cUni\u00e3o, Paz e Responsabilidade para Trabalhar\u201d (PSD\/PTB). <\/p>\n<p>O munic\u00edpio tem 13 se\u00e7\u00f5es eleitorais, distribu\u00eddas por sete locais de vota\u00e7\u00e3o. Ser\u00e3o utilizadas 13 urnas eletr\u00f4nicas e mais sete de conting\u00eancia. Para organizar os trabalhos de vota\u00e7\u00e3o, 52 mes\u00e1rios est\u00e3o convocados para trabalhar. <\/p>\n<p>Em Campo Azul, o candidato mais votado, Jos\u00e9 Carlos Pereira de Almeida, teve seu registro indeferido por ter tido contas p\u00fablicas de conv\u00eanios, quando foi prefeito, rejeitadas pelo Tribunal de Contas da Uni\u00e3o. A inelegibilidade que fundamentou o indeferimento \u00e9 a do artigo 1\u00ba, I, g, da Lei Complementar n\u00ba 64\/1990. <\/p>\n<p><strong>Ibituruna   <\/strong><\/p>\n<p>Ser\u00e3o 2.540 eleitores do munic\u00edpio do Centro-Oeste do estado que retornar\u00e3o \u00e0s urnas. Disputam o pleito os candidatos: Devanil Vitor de Sousa \u2013 o Devanil, vice Aparecida Oliveira de Aguiar, pelo Partido do Movimento Democr\u00e1tico Brasileiro (PMDB); e Heitor Camilo dos Santos (PP), o Heitor, vice Marli aparecida de Oliveira (PSDB), pela Coliga\u00e7\u00e3o \u201cIbiturunaem Boas M\u00e3os\u201d (PP\/PSDB). <\/p>\n<p>O munic\u00edpio tem sete se\u00e7\u00f5es eleitorais, distribu\u00eddas por dois locais de vota\u00e7\u00e3o. Ser\u00e3o utilizadas sete urnas eletr\u00f4nicas e quatro de conting\u00eancia. Est\u00e3o convocados 28 mes\u00e1rios para organizar a vota\u00e7\u00e3o.   <\/p>\n<p><strong>Santa Cruz de Salinas <\/strong><\/p>\n<p>Em Santa Cruzde Salinas, tamb\u00e9m no Norte de Minas, 4.319 eleitores voltar\u00e3o \u00e0s urnas para escolher os novos prefeito e vice. S\u00e3o dois candidatos: Aline Teixeira (PPS), a Aline de Albertino, vice Vilmar Jos\u00e9 dos Santos (PPS), pela Coliga\u00e7\u00e3o \u201cJuntos com o Povo, para Santa Cruz Crescer de Novo (PDT\/PPS), e Renaldo Teixeira da Silva (PSDB) \u2013 o Renaldo Diretor, vice Florecy Leandro da Silva (PP), que concorrem pela Coliga\u00e7\u00e3o \u201cJuventude e Experi\u00eancia a Servi\u00e7o de Santa Cruz de Salinas (PP\/PSDB\/PTB). <\/p>\n<p>Na cidade, s\u00e3o 20 se\u00e7\u00f5es eleitorais em 13 locais de vota\u00e7\u00e3o. Ser\u00e3o utilizadas 20 urnas eletr\u00f4nicas e seis de conting\u00eancia. Est\u00e3o convocados 80 mes\u00e1rios para trabalhar na organiza\u00e7\u00e3o dos trabalhos de vota\u00e7\u00e3o. <\/p>\n<p><strong>Outras elei\u00e7\u00f5es suplementares <\/strong><\/p>\n<p>Al\u00e9m dos tr\u00eas munic\u00edpios que voltam \u00e0s urnas neste domingo, outros 13 j\u00e1 tiveram novas elei\u00e7\u00f5es em 2017 para escolher prefeitos e vices: Alvorada de Minas, Erv\u00e1lia, S\u00e3o Bento Abade (mar\u00e7o); Guaraciama (maio); Cristiano Otoni (junho); Cana\u00e3, Campo Florido, Santa Rita de Minas (julho); Ibiracatu, Jord\u00e2nia, Santana da Vargem (novembro); Ant\u00f4nio Dias e Concei\u00e7\u00e3o do Rio Verde (dezembro). <\/p>\n<p><strong>VER PRIMEIRO<\/strong><\/p>\n<p>Receba as not\u00edcias do Aconteceu no Vale em primeira m\u00e3o. Clique em curtir no endere\u00e7o <a href=\"https:\/\/www.facebook.com\/aconteceunovale\" target=\"_blank\"><font color=\"red\">www.facebook.com\/aconteceunovale<\/font><\/a> ou no box abaixo:<\/p>\n<div class=\"fb-like\" data-href=\"https:\/\/www.facebook.com\/aconteceunovale\" data-width=\"120\" data-layout=\"standard\" data-action=\"like\" data-size=\"small\" data-show-faces=\"true\" data-share=\"true\"><\/div>\n<p><\/br><\/p>\n<p><em>(Fonte: TRE-MG)<\/em><\/p>\n","protected":false},"excerpt":{"rendered":"<p>No pr\u00f3ximo domingo (4 de mar\u00e7o de 2018), os eleitores de Campo Azul (50\u00aa Zona Eleitoral, de Bras\u00edlia de Minas), Ibituruna (46\u00aa Zona Eleitoral, de Bom Sucesso) e Santa Cruz de Salinas (175\u00aa Zona Eleitoral, de Medina) voltam \u00e0s urnas para eleger prefeitos e vices das cidades. A vota\u00e7\u00e3o ocorrer\u00e1 das 8h \u00e0s 17h. Os [&hellip;]<\/p>\n","protected":false},"author":1,"featured_media":92935,"comment_status":"open","ping_status":"closed","sticky":false,"template":"","format":"standard","meta":{"amp_status":"","footnotes":""},"categories":[123,1236,40240],"tags":[18473,195,1703,169819,169822,169825,154681,1634,169824,389,169820,169821,167943,165551,169823,167945,169826,927],"class_list":["post-128852","post","type-post","status-publish","format-standard","has-post-thumbnail","hentry","category-gerais","category-norte_de_minas","category-politica-2","tag-bom-sucesso","tag-brasilia-de-minas","tag-campo-azul","tag-eleicao-em-campo-azul","tag-eleicao-em-ibituruna-de-minas","tag-eleicao-para-prefeito-em-santa-cruz-de-salinas","tag-eleitores-de-tres-municipios-mineiros-voltam-as-urnas-no-proximo-domingo","tag-ibituruna","tag-ibituruna-de-minas","tag-medina","tag-nova-eleicao-em-campo-azul","tag-nova-eleicao-em-ibituruna-de-minas","tag-nova-eleicao-em-santa-cruz-de-salinas","tag-nova-eleicao-para-prefeito-em-campo-azul","tag-nova-eleicao-para-prefeito-em-ibituruna-de-minas","tag-nova-eleicao-para-prefeito-em-santa-cruz-de-salinas","tag-outras-eleicoes-suplementares","tag-santa-cruz-de-salinas"],"_links":{"self":[{"href":"https:\/\/aconteceunovale.com.br\/portal\/index.php?rest_route=\/wp\/v2\/posts\/128852","targetHints":{"allow":["GET"]}}],"collection":[{"href":"https:\/\/aconteceunovale.com.br\/portal\/index.php?rest_route=\/wp\/v2\/posts"}],"about":[{"href":"https:\/\/aconteceunovale.com.br\/portal\/index.php?rest_route=\/wp\/v2\/types\/post"}],"author":[{"embeddable":true,"href":"https:\/\/aconteceunovale.com.br\/portal\/index.php?rest_route=\/wp\/v2\/users\/1"}],"replies":[{"embeddable":true,"href":"https:\/\/aconteceunovale.com.br\/portal\/index.php?rest_route=%2Fwp%2Fv2%2Fcomments&post=128852"}],"version-history":[{"count":0,"href":"https:\/\/aconteceunovale.com.br\/portal\/index.php?rest_route=\/wp\/v2\/posts\/128852\/revisions"}],"wp:featuredmedia":[{"embeddable":true,"href":"https:\/\/aconteceunovale.com.br\/portal\/index.php?rest_route=\/wp\/v2\/media\/92935"}],"wp:attachment":[{"href":"https:\/\/aconteceunovale.com.br\/portal\/index.php?rest_route=%2Fwp%2Fv2%2Fmedia&parent=128852"}],"wp:term":[{"taxonomy":"category","embeddable":true,"href":"https:\/\/aconteceunovale.com.br\/portal\/index.php?rest_route=%2Fwp%2Fv2%2Fcategories&post=128852"},{"taxonomy":"post_tag","embeddable":true,"href":"https:\/\/aconteceunovale.com.br\/portal\/index.php?rest_route=%2Fwp%2Fv2%2Ftags&post=128852"}],"curies":[{"name":"wp","href":"https:\/\/api.w.org\/{rel}","templated":true}]}}