{"id":128594,"date":"2018-02-22T11:09:06","date_gmt":"2018-02-22T13:09:06","guid":{"rendered":"http:\/\/aconteceunovale.com.br\/portal\/?p=128594"},"modified":"2018-02-22T11:09:06","modified_gmt":"2018-02-22T13:09:06","slug":"suspeito-de-envolvimento-em-oito-homicidios-em-janauba-e-preso-pela-policia-civil","status":"publish","type":"post","link":"https:\/\/aconteceunovale.com.br\/portal\/?p=128594","title":{"rendered":"Suspeito de envolvimento em oito homic\u00eddios em Jana\u00faba \u00e9 preso pela Pol\u00edcia Civil"},"content":{"rendered":"<p>Um jovem de 19 anos foi preso em Jana\u00faba, no Norte de Minas, suspeito de envolvimento em oito homic\u00eddios relacionados ao tr\u00e1fico de drogas na cidade. Segundo o delegado regional, Bruno Fernandes, o indiv\u00edduo pertence a um grupo que atua no Bairro Rio Novo e disputa pontos de venda de entorpecentes com criminosos rivais.<\/p>\n<p>&#8220;Ele foi preso na noite dessa segunda-feira (19) em cumprimento de mandado de pris\u00e3o por um homic\u00eddio. Por\u00e9m, investiga\u00e7\u00f5es desde o ano de 2016 apontam que ele est\u00e1 envolvido em diversos crimes de tr\u00e1fico e homic\u00eddio em Jana\u00faba&#8221;, diz o delegado.<\/p>\n<p>Fernandes explicou tamb\u00e9m que o preso est\u00e1 envolvido ainda em duas tentativas de homic\u00eddios ocorridos em 2018. &#8220;Eles entraram na casa de um rival, onde estavam seis crian\u00e7as, e atiraram contra. Ele [o rival] ficou ferido, mas n\u00e3o morreu. Posteriormente, eles voltaram e efetuaram diversos disparos contra a casa dos familiares em uma atitude para coagir testemunhas&#8221;.<\/p>\n<p>Outras a\u00e7\u00f5es da Pol\u00edcia Civil, de acordo com o delegado, j\u00e1 prenderam quatro integrantes do grupo. &#8220;Eles estavam implantando terror nesta regi\u00e3o. O tr\u00e1fico por l\u00e1 \u00e9 pequeno, mas \u00e9 ele que est\u00e1 provocando os crimes de homic\u00eddios, tentativas de homic\u00eddios e roubos na cidade. Creio que com estas pris\u00f5es o n\u00famero deste tipo de crime apresente redu\u00e7\u00e3o em Jana\u00faba&#8221;.<\/p>\n<p><img decoding=\"async\" src=\"http:\/\/aconteceunovale.com.br\/portal\/wp-content\/uploads\/2018\/02\/preso_janauba.jpg\" alt=\"\" \/><em>Suspeito foi preso na segunda-feira (Foto: Divulga\u00e7\u00e3o\/Pol\u00edcia Civil)<\/em><br \/>\n<\/br><\/p>\n<p><strong>VER PRIMEIRO<\/strong><\/p>\n<p>Receba as not\u00edcias do Aconteceu no Vale em primeira m\u00e3o. Clique em curtir no endere\u00e7o <a href=\"https:\/\/www.facebook.com\/aconteceunovale\" target=\"_blank\"><font color=\"red\">www.facebook.com\/aconteceunovale<\/font><\/a> ou no box abaixo:<\/p>\n<div class=\"fb-like\" data-href=\"https:\/\/www.facebook.com\/aconteceunovale\" data-width=\"120\" data-layout=\"standard\" data-action=\"like\" data-size=\"small\" data-show-faces=\"true\" data-share=\"true\"><\/div>\n<p><\/br><\/p>\n<p><em>(Fonte: G1 Grande Minas)<\/em><\/p>\n","protected":false},"excerpt":{"rendered":"<p>Um jovem de 19 anos foi preso em Jana\u00faba, no Norte de Minas, suspeito de envolvimento em oito homic\u00eddios relacionados ao tr\u00e1fico de drogas na cidade. Segundo o delegado regional, Bruno Fernandes, o indiv\u00edduo pertence a um grupo que atua no Bairro Rio Novo e disputa pontos de venda de entorpecentes com criminosos rivais. &#8220;Ele [&hellip;]<\/p>\n","protected":false},"author":1,"featured_media":128595,"comment_status":"open","ping_status":"closed","sticky":false,"template":"","format":"standard","meta":{"amp_status":"","footnotes":""},"categories":[1236],"tags":[32100,204,32101,102409,169547,120474,156793,53191,169548],"class_list":["post-128594","post","type-post","status-publish","format-standard","has-post-thumbnail","hentry","category-norte_de_minas","tag-homicidios-em-janauba","tag-janauba","tag-mortes-em-janauba","tag-mortos-em-janauba","tag-suspeito-de-envolvimento-em-oito-homicidios-em-janauba-e-preso-pela-policia-civil","tag-trafico-de-drogas-em-janauba","tag-trafico-em-janauba","tag-violencia-em-janauba","tag-wellington-theo-vitor-de-jesus-silva"],"yoast_head":"<!-- This site is optimized with the Yoast SEO plugin v28.3 - https:\/\/yoast.com\/product\/yoast-seo-wordpress\/ -->\n<title>Suspeito de envolvimento em oito homic\u00eddios em Jana\u00faba \u00e9 preso pela Pol\u00edcia Civil - Aconteceu no Vale<\/title>\n<meta name=\"robots\" content=\"index, follow, max-snippet:-1, max-image-preview:large, max-video-preview:-1\" \/>\n<link rel=\"canonical\" href=\"https:\/\/aconteceunovale.com.br\/portal\/?p=128594\" \/>\n<meta property=\"og:locale\" content=\"pt_BR\" \/>\n<meta property=\"og:type\" content=\"article\" \/>\n<meta property=\"og:title\" content=\"Suspeito de envolvimento em oito homic\u00eddios em Jana\u00faba \u00e9 preso pela Pol\u00edcia Civil - Aconteceu no Vale\" \/>\n<meta property=\"og:description\" content=\"Um jovem de 19 anos foi preso em Jana\u00faba, no Norte de Minas, suspeito de envolvimento em oito homic\u00eddios relacionados ao tr\u00e1fico de drogas na cidade. Segundo o delegado regional, Bruno Fernandes, o indiv\u00edduo pertence a um grupo que atua no Bairro Rio Novo e disputa pontos de venda de entorpecentes com criminosos rivais. &#8220;Ele [&hellip;]\" \/>\n<meta property=\"og:url\" content=\"https:\/\/aconteceunovale.com.br\/portal\/?p=128594\" \/>\n<meta property=\"og:site_name\" content=\"Aconteceu no Vale\" \/>\n<meta property=\"article:publisher\" content=\"https:\/\/www.facebook.com\/aconteceunovale\/\" \/>\n<meta property=\"article:published_time\" content=\"2018-02-22T13:09:06+00:00\" \/>\n<meta property=\"og:image\" content=\"https:\/\/aconteceunovale.com.br\/portal\/wp-content\/uploads\/2018\/02\/preso_janauba.jpg\" \/>\n\t<meta property=\"og:image:width\" content=\"678\" \/>\n\t<meta property=\"og:image:height\" content=\"444\" \/>\n\t<meta property=\"og:image:type\" content=\"image\/jpeg\" \/>\n<meta name=\"author\" content=\"Aconteceu no Vale\" \/>\n<meta name=\"twitter:card\" content=\"summary_large_image\" \/>\n<meta name=\"twitter:creator\" content=\"@noticiadosvales\" \/>\n<meta name=\"twitter:site\" content=\"@noticiadosvales\" \/>\n<meta name=\"twitter:label1\" content=\"Escrito por\" \/>\n\t<meta name=\"twitter:data1\" content=\"Aconteceu no Vale\" \/>\n\t<meta name=\"twitter:label2\" content=\"Est. tempo de leitura\" \/>\n\t<meta name=\"twitter:data2\" content=\"1 minuto\" \/>\n<script type=\"application\/ld+json\" class=\"yoast-schema-graph\">{\"@context\":\"https:\\\/\\\/schema.org\",\"@graph\":[{\"@type\":\"Article\",\"@id\":\"https:\\\/\\\/aconteceunovale.com.br\\\/portal\\\/?p=128594#article\",\"isPartOf\":{\"@id\":\"https:\\\/\\\/aconteceunovale.com.br\\\/portal\\\/?p=128594\"},\"author\":{\"name\":\"Aconteceu no Vale\",\"@id\":\"https:\\\/\\\/aconteceunovale.com.br\\\/portal\\\/#\\\/schema\\\/person\\\/633529146f2c94272bef50ac2953d589\"},\"headline\":\"Suspeito de envolvimento em oito homic\u00eddios em Jana\u00faba \u00e9 preso pela Pol\u00edcia Civil\",\"datePublished\":\"2018-02-22T13:09:06+00:00\",\"mainEntityOfPage\":{\"@id\":\"https:\\\/\\\/aconteceunovale.com.br\\\/portal\\\/?p=128594\"},\"wordCount\":289,\"commentCount\":0,\"image\":{\"@id\":\"https:\\\/\\\/aconteceunovale.com.br\\\/portal\\\/?p=128594#primaryimage\"},\"thumbnailUrl\":\"https:\\\/\\\/aconteceunovale.com.br\\\/portal\\\/wp-content\\\/uploads\\\/2018\\\/02\\\/preso_janauba.jpg\",\"keywords\":[\"homic\u00eddios em jana\u00faba\",\"Jana\u00faba\",\"mortes em jana\u00faba\",\"mortos em Jana\u00faba\",\"Suspeito de envolvimento em oito homic\u00eddios em Jana\u00faba \u00e9 preso pela Pol\u00edcia Civil\",\"Tr\u00e1fico de drogas em Jana\u00faba\",\"Tr\u00e1fico em Jana\u00faba\",\"viol\u00eancia em jana\u00faba\",\"Wellington Theo Vitor de Jesus Silva\"],\"articleSection\":[\"Norte de Minas\"],\"inLanguage\":\"pt-BR\",\"potentialAction\":[{\"@type\":\"CommentAction\",\"name\":\"Comment\",\"target\":[\"https:\\\/\\\/aconteceunovale.com.br\\\/portal\\\/?p=128594#respond\"]}]},{\"@type\":\"WebPage\",\"@id\":\"https:\\\/\\\/aconteceunovale.com.br\\\/portal\\\/?p=128594\",\"url\":\"https:\\\/\\\/aconteceunovale.com.br\\\/portal\\\/?p=128594\",\"name\":\"Suspeito de envolvimento em oito homic\u00eddios em Jana\u00faba \u00e9 preso pela Pol\u00edcia Civil - Aconteceu no Vale\",\"isPartOf\":{\"@id\":\"https:\\\/\\\/aconteceunovale.com.br\\\/portal\\\/#website\"},\"primaryImageOfPage\":{\"@id\":\"https:\\\/\\\/aconteceunovale.com.br\\\/portal\\\/?p=128594#primaryimage\"},\"image\":{\"@id\":\"https:\\\/\\\/aconteceunovale.com.br\\\/portal\\\/?p=128594#primaryimage\"},\"thumbnailUrl\":\"https:\\\/\\\/aconteceunovale.com.br\\\/portal\\\/wp-content\\\/uploads\\\/2018\\\/02\\\/preso_janauba.jpg\",\"datePublished\":\"2018-02-22T13:09:06+00:00\",\"author\":{\"@id\":\"https:\\\/\\\/aconteceunovale.com.br\\\/portal\\\/#\\\/schema\\\/person\\\/633529146f2c94272bef50ac2953d589\"},\"breadcrumb\":{\"@id\":\"https:\\\/\\\/aconteceunovale.com.br\\\/portal\\\/?p=128594#breadcrumb\"},\"inLanguage\":\"pt-BR\",\"potentialAction\":[{\"@type\":\"ReadAction\",\"target\":[\"https:\\\/\\\/aconteceunovale.com.br\\\/portal\\\/?p=128594\"]}]},{\"@type\":\"ImageObject\",\"inLanguage\":\"pt-BR\",\"@id\":\"https:\\\/\\\/aconteceunovale.com.br\\\/portal\\\/?p=128594#primaryimage\",\"url\":\"https:\\\/\\\/aconteceunovale.com.br\\\/portal\\\/wp-content\\\/uploads\\\/2018\\\/02\\\/preso_janauba.jpg\",\"contentUrl\":\"https:\\\/\\\/aconteceunovale.com.br\\\/portal\\\/wp-content\\\/uploads\\\/2018\\\/02\\\/preso_janauba.jpg\",\"width\":678,\"height\":444},{\"@type\":\"BreadcrumbList\",\"@id\":\"https:\\\/\\\/aconteceunovale.com.br\\\/portal\\\/?p=128594#breadcrumb\",\"itemListElement\":[{\"@type\":\"ListItem\",\"position\":1,\"name\":\"In\u00edcio\",\"item\":\"https:\\\/\\\/aconteceunovale.com.br\\\/portal\\\/\"},{\"@type\":\"ListItem\",\"position\":2,\"name\":\"Suspeito de envolvimento em oito homic\u00eddios em Jana\u00faba \u00e9 preso pela Pol\u00edcia Civil\"}]},{\"@type\":\"WebSite\",\"@id\":\"https:\\\/\\\/aconteceunovale.com.br\\\/portal\\\/#website\",\"url\":\"https:\\\/\\\/aconteceunovale.com.br\\\/portal\\\/\",\"name\":\"Aconteceu no Vale\",\"description\":\"Portal de Not\u00edcias\",\"potentialAction\":[{\"@type\":\"SearchAction\",\"target\":{\"@type\":\"EntryPoint\",\"urlTemplate\":\"https:\\\/\\\/aconteceunovale.com.br\\\/portal\\\/?s={search_term_string}\"},\"query-input\":{\"@type\":\"PropertyValueSpecification\",\"valueRequired\":true,\"valueName\":\"search_term_string\"}}],\"inLanguage\":\"pt-BR\"},{\"@type\":\"Person\",\"@id\":\"https:\\\/\\\/aconteceunovale.com.br\\\/portal\\\/#\\\/schema\\\/person\\\/633529146f2c94272bef50ac2953d589\",\"name\":\"Aconteceu no Vale\",\"description\":\"Equipe de reportagem do Aconteceu no Vale, portal de not\u00edcias do Vale do Jequitinhonha, em Minas Gerais. Cobrimos as 51 cidades do Vale desde 2013. Sugest\u00f5es de pauta e pedidos de corre\u00e7\u00e3o: contato@aconteceunovale.com.br\",\"sameAs\":[\"http:\\\/\\\/www.aconteceunovale.com.br\"],\"url\":\"https:\\\/\\\/aconteceunovale.com.br\\\/portal\\\/?author=1\"}]}<\/script>\n<!-- \/ Yoast SEO plugin. -->","yoast_head_json":{"title":"Suspeito de envolvimento em oito homic\u00eddios em Jana\u00faba \u00e9 preso pela Pol\u00edcia Civil - Aconteceu no Vale","robots":{"index":"index","follow":"follow","max-snippet":"max-snippet:-1","max-image-preview":"max-image-preview:large","max-video-preview":"max-video-preview:-1"},"canonical":"https:\/\/aconteceunovale.com.br\/portal\/?p=128594","og_locale":"pt_BR","og_type":"article","og_title":"Suspeito de envolvimento em oito homic\u00eddios em Jana\u00faba \u00e9 preso pela Pol\u00edcia Civil - Aconteceu no Vale","og_description":"Um jovem de 19 anos foi preso em Jana\u00faba, no Norte de Minas, suspeito de envolvimento em oito homic\u00eddios relacionados ao tr\u00e1fico de drogas na cidade. Segundo o delegado regional, Bruno Fernandes, o indiv\u00edduo pertence a um grupo que atua no Bairro Rio Novo e disputa pontos de venda de entorpecentes com criminosos rivais. &#8220;Ele [&hellip;]","og_url":"https:\/\/aconteceunovale.com.br\/portal\/?p=128594","og_site_name":"Aconteceu no Vale","article_publisher":"https:\/\/www.facebook.com\/aconteceunovale\/","article_published_time":"2018-02-22T13:09:06+00:00","og_image":[{"width":678,"height":444,"url":"https:\/\/aconteceunovale.com.br\/portal\/wp-content\/uploads\/2018\/02\/preso_janauba.jpg","type":"image\/jpeg"}],"author":"Aconteceu no Vale","twitter_card":"summary_large_image","twitter_creator":"@noticiadosvales","twitter_site":"@noticiadosvales","twitter_misc":{"Escrito por":"Aconteceu no Vale","Est. tempo de leitura":"1 minuto"},"schema":{"@context":"https:\/\/schema.org","@graph":[{"@type":"Article","@id":"https:\/\/aconteceunovale.com.br\/portal\/?p=128594#article","isPartOf":{"@id":"https:\/\/aconteceunovale.com.br\/portal\/?p=128594"},"author":{"name":"Aconteceu no Vale","@id":"https:\/\/aconteceunovale.com.br\/portal\/#\/schema\/person\/633529146f2c94272bef50ac2953d589"},"headline":"Suspeito de envolvimento em oito homic\u00eddios em Jana\u00faba \u00e9 preso pela Pol\u00edcia Civil","datePublished":"2018-02-22T13:09:06+00:00","mainEntityOfPage":{"@id":"https:\/\/aconteceunovale.com.br\/portal\/?p=128594"},"wordCount":289,"commentCount":0,"image":{"@id":"https:\/\/aconteceunovale.com.br\/portal\/?p=128594#primaryimage"},"thumbnailUrl":"https:\/\/aconteceunovale.com.br\/portal\/wp-content\/uploads\/2018\/02\/preso_janauba.jpg","keywords":["homic\u00eddios em jana\u00faba","Jana\u00faba","mortes em jana\u00faba","mortos em Jana\u00faba","Suspeito de envolvimento em oito homic\u00eddios em Jana\u00faba \u00e9 preso pela Pol\u00edcia Civil","Tr\u00e1fico de drogas em Jana\u00faba","Tr\u00e1fico em Jana\u00faba","viol\u00eancia em jana\u00faba","Wellington Theo Vitor de Jesus Silva"],"articleSection":["Norte de Minas"],"inLanguage":"pt-BR","potentialAction":[{"@type":"CommentAction","name":"Comment","target":["https:\/\/aconteceunovale.com.br\/portal\/?p=128594#respond"]}]},{"@type":"WebPage","@id":"https:\/\/aconteceunovale.com.br\/portal\/?p=128594","url":"https:\/\/aconteceunovale.com.br\/portal\/?p=128594","name":"Suspeito de envolvimento em oito homic\u00eddios em Jana\u00faba \u00e9 preso pela Pol\u00edcia Civil - Aconteceu no Vale","isPartOf":{"@id":"https:\/\/aconteceunovale.com.br\/portal\/#website"},"primaryImageOfPage":{"@id":"https:\/\/aconteceunovale.com.br\/portal\/?p=128594#primaryimage"},"image":{"@id":"https:\/\/aconteceunovale.com.br\/portal\/?p=128594#primaryimage"},"thumbnailUrl":"https:\/\/aconteceunovale.com.br\/portal\/wp-content\/uploads\/2018\/02\/preso_janauba.jpg","datePublished":"2018-02-22T13:09:06+00:00","author":{"@id":"https:\/\/aconteceunovale.com.br\/portal\/#\/schema\/person\/633529146f2c94272bef50ac2953d589"},"breadcrumb":{"@id":"https:\/\/aconteceunovale.com.br\/portal\/?p=128594#breadcrumb"},"inLanguage":"pt-BR","potentialAction":[{"@type":"ReadAction","target":["https:\/\/aconteceunovale.com.br\/portal\/?p=128594"]}]},{"@type":"ImageObject","inLanguage":"pt-BR","@id":"https:\/\/aconteceunovale.com.br\/portal\/?p=128594#primaryimage","url":"https:\/\/aconteceunovale.com.br\/portal\/wp-content\/uploads\/2018\/02\/preso_janauba.jpg","contentUrl":"https:\/\/aconteceunovale.com.br\/portal\/wp-content\/uploads\/2018\/02\/preso_janauba.jpg","width":678,"height":444},{"@type":"BreadcrumbList","@id":"https:\/\/aconteceunovale.com.br\/portal\/?p=128594#breadcrumb","itemListElement":[{"@type":"ListItem","position":1,"name":"In\u00edcio","item":"https:\/\/aconteceunovale.com.br\/portal\/"},{"@type":"ListItem","position":2,"name":"Suspeito de envolvimento em oito homic\u00eddios em Jana\u00faba \u00e9 preso pela Pol\u00edcia Civil"}]},{"@type":"WebSite","@id":"https:\/\/aconteceunovale.com.br\/portal\/#website","url":"https:\/\/aconteceunovale.com.br\/portal\/","name":"Aconteceu no Vale","description":"Portal de Not\u00edcias","potentialAction":[{"@type":"SearchAction","target":{"@type":"EntryPoint","urlTemplate":"https:\/\/aconteceunovale.com.br\/portal\/?s={search_term_string}"},"query-input":{"@type":"PropertyValueSpecification","valueRequired":true,"valueName":"search_term_string"}}],"inLanguage":"pt-BR"},{"@type":"Person","@id":"https:\/\/aconteceunovale.com.br\/portal\/#\/schema\/person\/633529146f2c94272bef50ac2953d589","name":"Aconteceu no Vale","description":"Equipe de reportagem do Aconteceu no Vale, portal de not\u00edcias do Vale do Jequitinhonha, em Minas Gerais. Cobrimos as 51 cidades do Vale desde 2013. Sugest\u00f5es de pauta e pedidos de corre\u00e7\u00e3o: contato@aconteceunovale.com.br","sameAs":["http:\/\/www.aconteceunovale.com.br"],"url":"https:\/\/aconteceunovale.com.br\/portal\/?author=1"}]}},"_links":{"self":[{"href":"https:\/\/aconteceunovale.com.br\/portal\/index.php?rest_route=\/wp\/v2\/posts\/128594","targetHints":{"allow":["GET"]}}],"collection":[{"href":"https:\/\/aconteceunovale.com.br\/portal\/index.php?rest_route=\/wp\/v2\/posts"}],"about":[{"href":"https:\/\/aconteceunovale.com.br\/portal\/index.php?rest_route=\/wp\/v2\/types\/post"}],"author":[{"embeddable":true,"href":"https:\/\/aconteceunovale.com.br\/portal\/index.php?rest_route=\/wp\/v2\/users\/1"}],"replies":[{"embeddable":true,"href":"https:\/\/aconteceunovale.com.br\/portal\/index.php?rest_route=%2Fwp%2Fv2%2Fcomments&post=128594"}],"version-history":[{"count":0,"href":"https:\/\/aconteceunovale.com.br\/portal\/index.php?rest_route=\/wp\/v2\/posts\/128594\/revisions"}],"wp:featuredmedia":[{"embeddable":true,"href":"https:\/\/aconteceunovale.com.br\/portal\/index.php?rest_route=\/wp\/v2\/media\/128595"}],"wp:attachment":[{"href":"https:\/\/aconteceunovale.com.br\/portal\/index.php?rest_route=%2Fwp%2Fv2%2Fmedia&parent=128594"}],"wp:term":[{"taxonomy":"category","embeddable":true,"href":"https:\/\/aconteceunovale.com.br\/portal\/index.php?rest_route=%2Fwp%2Fv2%2Fcategories&post=128594"},{"taxonomy":"post_tag","embeddable":true,"href":"https:\/\/aconteceunovale.com.br\/portal\/index.php?rest_route=%2Fwp%2Fv2%2Ftags&post=128594"}],"curies":[{"name":"wp","href":"https:\/\/api.w.org\/{rel}","templated":true}]}}