{"id":128586,"date":"2018-02-22T00:26:54","date_gmt":"2018-02-22T02:26:54","guid":{"rendered":"http:\/\/aconteceunovale.com.br\/portal\/?p=128586"},"modified":"2018-02-22T00:26:54","modified_gmt":"2018-02-22T02:26:54","slug":"governo-federal-reconhece-situacao-de-emergencia-em-dois-municipios-do-vale-do-jequitinhonha","status":"publish","type":"post","link":"https:\/\/aconteceunovale.com.br\/portal\/?p=128586","title":{"rendered":"Governo federal reconhece situa\u00e7\u00e3o de emerg\u00eancia em dois munic\u00edpios do Vale do Jequitinhonha"},"content":{"rendered":"<p>O Minist\u00e9rio da Integra\u00e7\u00e3o Nacional reconheceu a situa\u00e7\u00e3o de emerg\u00eancia em um total de 16 munic\u00edpios, nas cinco regi\u00f5es do pa\u00eds. As portarias foram publicadas nas edi\u00e7\u00f5es de anteontem (19) e ontem (20) no Di\u00e1rio Oficial da Uni\u00e3o (DOU). Metade das cidades est\u00e3o localizadas em Santa Catarina, estado que sofreu com tempestades durante o m\u00eas de janeiro.<\/p>\n<p>O reconhecimento de situa\u00e7\u00e3o de emerg\u00eancia facilita o acesso das prefeituras a recursos federais para recupera\u00e7\u00e3o ap\u00f3s os danos causados pelas chuvas. As cidades catarinenses que est\u00e3o na lista s\u00e3o Itapema, Cambori\u00fa, Balne\u00e1rio Cambori\u00fa, Gaspar e Penha, Coronel Martins, Bom Retiro e Sang\u00e3o.<\/p>\n<p>O restante dos munic\u00edpios est\u00e1 dividido entre as outras quatro regi\u00f5es do pa\u00eds. No Nordeste, Frei Paulo (SE) e Icapu\u00ed (CE) est\u00e3o em situa\u00e7\u00e3o de emerg\u00eancia. No caso do munic\u00edpio sergipano, causada pela estiagem. J\u00e1 Icapu\u00ed sofre o impacto do avan\u00e7o do mar, que ultrapassa \u00e1reas de aterramento dos postes de ilumina\u00e7\u00e3o e aumenta o risco de queda da estrutura. A prefeitura chegou a decretar calamidade p\u00fablica em quatro praias: Barrinhas, Barreiras da Sereia, Peroba e Redonda.<\/p>\n<p>No Norte, foi reconhecido a situa\u00e7\u00e3o de emerg\u00eancia no munic\u00edpio de Marab\u00e1 (PA) em raz\u00e3o das inunda\u00e7\u00f5es causadas pelas chuvas. No Centro-Oeste est\u00e3o na lista Nova Roma (GO) e Eldorado (MS), tamb\u00e9m em fun\u00e7\u00e3o das chuvas e enxurradas. No Sudeste, Ponto dos Volantes (MG), Cachoeira de Paje\u00fa (MG) e Mari\u00e1polis (SP) est\u00e3o na mesma situa\u00e7\u00e3o. As duas cidades mineiras, localizadas no Vale do Jequitinhonha, foram afetadas pela seca. J\u00e1 o munic\u00edpio paulista tamb\u00e9m est\u00e1 em situa\u00e7\u00e3o de emerg\u00eancia ap\u00f3s as fortes chuvas.<\/p>\n<p><strong>VER PRIMEIRO<\/strong><\/p>\n<p>Receba as not\u00edcias do Aconteceu no Vale em primeira m\u00e3o. Clique em curtir no endere\u00e7o <a href=\"https:\/\/www.facebook.com\/aconteceunovale\" target=\"_blank\"><font color=\"red\">www.facebook.com\/aconteceunovale<\/font><\/a> ou no box abaixo:<\/p>\n<div class=\"fb-like\" data-href=\"https:\/\/www.facebook.com\/aconteceunovale\" data-width=\"120\" data-layout=\"standard\" data-action=\"like\" data-size=\"small\" data-show-faces=\"true\" data-share=\"true\"><\/div>\n<p><\/br><\/p>\n<p><em>(Fonte: Ag\u00eancia Brasil)<\/em><\/p>\n","protected":false},"excerpt":{"rendered":"<p>O Minist\u00e9rio da Integra\u00e7\u00e3o Nacional reconheceu a situa\u00e7\u00e3o de emerg\u00eancia em um total de 16 munic\u00edpios, nas cinco regi\u00f5es do pa\u00eds. As portarias foram publicadas nas edi\u00e7\u00f5es de anteontem (19) e ontem (20) no Di\u00e1rio Oficial da Uni\u00e3o (DOU). Metade das cidades est\u00e3o localizadas em Santa Catarina, estado que sofreu com tempestades durante o m\u00eas [&hellip;]<\/p>\n","protected":false},"author":1,"featured_media":74134,"comment_status":"open","ping_status":"closed","sticky":false,"template":"","format":"standard","meta":{"amp_status":"","footnotes":""},"categories":[6,120],"tags":[104609,169533,169532,120898,5258,169528,1191,169530,103391,16349,116619,169529,169538,82328,169527,64694,169537,20026,169536,169534,444,169535,169531,1372],"class_list":["post-128586","post","type-post","status-publish","format-standard","has-post-thumbnail","hentry","category-br","category-jequi","tag-balneario-camboriu","tag-barreiras-da-sereia","tag-barrinhas","tag-bom-retiro","tag-cachoeira-de-pajeu","tag-camboriu","tag-chuvas","tag-coronel-martins","tag-eldorado","tag-estiagem","tag-frei-paulo","tag-gaspar-e-penha","tag-governo-federal-reconhece-situacao-de-emergencia-em-dois-municipios-do-vale-do-jequitinhonha","tag-icapui","tag-itapema","tag-maraba","tag-mariapolis","tag-ministerio-da-integracao-nacional","tag-nova-roma","tag-peroba","tag-ponto-dos-volantes","tag-redonda","tag-sangao","tag-situacao-de-emergencia"],"yoast_head":"<!-- This site is optimized with the Yoast SEO plugin v28.3 - https:\/\/yoast.com\/product\/yoast-seo-wordpress\/ -->\n<title>Governo federal reconhece situa\u00e7\u00e3o de emerg\u00eancia em dois munic\u00edpios do Vale do Jequitinhonha - Aconteceu no Vale<\/title>\n<meta name=\"robots\" content=\"index, follow, max-snippet:-1, max-image-preview:large, max-video-preview:-1\" \/>\n<link rel=\"canonical\" href=\"https:\/\/aconteceunovale.com.br\/portal\/?p=128586\" \/>\n<meta property=\"og:locale\" content=\"pt_BR\" \/>\n<meta property=\"og:type\" content=\"article\" \/>\n<meta property=\"og:title\" content=\"Governo federal reconhece situa\u00e7\u00e3o de emerg\u00eancia em dois munic\u00edpios do Vale do Jequitinhonha - Aconteceu no Vale\" \/>\n<meta property=\"og:description\" content=\"O Minist\u00e9rio da Integra\u00e7\u00e3o Nacional reconheceu a situa\u00e7\u00e3o de emerg\u00eancia em um total de 16 munic\u00edpios, nas cinco regi\u00f5es do pa\u00eds. As portarias foram publicadas nas edi\u00e7\u00f5es de anteontem (19) e ontem (20) no Di\u00e1rio Oficial da Uni\u00e3o (DOU). Metade das cidades est\u00e3o localizadas em Santa Catarina, estado que sofreu com tempestades durante o m\u00eas [&hellip;]\" \/>\n<meta property=\"og:url\" content=\"https:\/\/aconteceunovale.com.br\/portal\/?p=128586\" \/>\n<meta property=\"og:site_name\" content=\"Aconteceu no Vale\" \/>\n<meta property=\"article:publisher\" content=\"https:\/\/www.facebook.com\/aconteceunovale\/\" \/>\n<meta property=\"article:published_time\" content=\"2018-02-22T02:26:54+00:00\" \/>\n<meta property=\"og:image\" content=\"https:\/\/aconteceunovale.com.br\/portal\/wp-content\/uploads\/2015\/12\/torneira_seca.jpg\" \/>\n\t<meta property=\"og:image:width\" content=\"676\" \/>\n\t<meta property=\"og:image:height\" content=\"450\" \/>\n\t<meta property=\"og:image:type\" content=\"image\/jpeg\" \/>\n<meta name=\"author\" content=\"Aconteceu no Vale\" \/>\n<meta name=\"twitter:card\" content=\"summary_large_image\" \/>\n<meta name=\"twitter:creator\" content=\"@noticiadosvales\" \/>\n<meta name=\"twitter:site\" content=\"@noticiadosvales\" \/>\n<meta name=\"twitter:label1\" content=\"Escrito por\" \/>\n\t<meta name=\"twitter:data1\" content=\"Aconteceu no Vale\" \/>\n\t<meta name=\"twitter:label2\" content=\"Est. tempo de leitura\" \/>\n\t<meta name=\"twitter:data2\" content=\"2 minutos\" \/>\n<script type=\"application\/ld+json\" class=\"yoast-schema-graph\">{\"@context\":\"https:\\\/\\\/schema.org\",\"@graph\":[{\"@type\":\"Article\",\"@id\":\"https:\\\/\\\/aconteceunovale.com.br\\\/portal\\\/?p=128586#article\",\"isPartOf\":{\"@id\":\"https:\\\/\\\/aconteceunovale.com.br\\\/portal\\\/?p=128586\"},\"author\":{\"name\":\"Aconteceu no Vale\",\"@id\":\"https:\\\/\\\/aconteceunovale.com.br\\\/portal\\\/#\\\/schema\\\/person\\\/633529146f2c94272bef50ac2953d589\"},\"headline\":\"Governo federal reconhece situa\u00e7\u00e3o de emerg\u00eancia em dois munic\u00edpios do Vale do Jequitinhonha\",\"datePublished\":\"2018-02-22T02:26:54+00:00\",\"mainEntityOfPage\":{\"@id\":\"https:\\\/\\\/aconteceunovale.com.br\\\/portal\\\/?p=128586\"},\"wordCount\":350,\"commentCount\":0,\"image\":{\"@id\":\"https:\\\/\\\/aconteceunovale.com.br\\\/portal\\\/?p=128586#primaryimage\"},\"thumbnailUrl\":\"https:\\\/\\\/aconteceunovale.com.br\\\/portal\\\/wp-content\\\/uploads\\\/2015\\\/12\\\/torneira_seca.jpg\",\"keywords\":[\"Balne\u00e1rio Cambori\u00fa\",\"Barreiras da Sereia\",\"Barrinhas\",\"Bom Retiro\",\"Cachoeira de Paje\u00fa\",\"Cambori\u00fa\",\"chuvas\",\"Coronel Martins\",\"Eldorado\",\"estiagem\",\"Frei Paulo\",\"Gaspar e Penha\",\"Governo federal reconhece situa\u00e7\u00e3o de emerg\u00eancia em dois munic\u00edpios do Vale do Jequitinhonha\",\"Icapu\u00ed\",\"Itapema\",\"Marab\u00e1\",\"Mari\u00e1polis\",\"Minist\u00e9rio da Integra\u00e7\u00e3o Nacional\",\"Nova Roma\",\"Peroba\",\"Ponto dos Volantes\",\"Redonda\",\"Sang\u00e3o\",\"situa\u00e7\u00e3o de emerg\u00eancia\"],\"articleSection\":[\"Brasil\",\"Vale do Jequitinhonha\"],\"inLanguage\":\"pt-BR\",\"potentialAction\":[{\"@type\":\"CommentAction\",\"name\":\"Comment\",\"target\":[\"https:\\\/\\\/aconteceunovale.com.br\\\/portal\\\/?p=128586#respond\"]}]},{\"@type\":\"WebPage\",\"@id\":\"https:\\\/\\\/aconteceunovale.com.br\\\/portal\\\/?p=128586\",\"url\":\"https:\\\/\\\/aconteceunovale.com.br\\\/portal\\\/?p=128586\",\"name\":\"Governo federal reconhece situa\u00e7\u00e3o de emerg\u00eancia em dois munic\u00edpios do Vale do Jequitinhonha - Aconteceu no Vale\",\"isPartOf\":{\"@id\":\"https:\\\/\\\/aconteceunovale.com.br\\\/portal\\\/#website\"},\"primaryImageOfPage\":{\"@id\":\"https:\\\/\\\/aconteceunovale.com.br\\\/portal\\\/?p=128586#primaryimage\"},\"image\":{\"@id\":\"https:\\\/\\\/aconteceunovale.com.br\\\/portal\\\/?p=128586#primaryimage\"},\"thumbnailUrl\":\"https:\\\/\\\/aconteceunovale.com.br\\\/portal\\\/wp-content\\\/uploads\\\/2015\\\/12\\\/torneira_seca.jpg\",\"datePublished\":\"2018-02-22T02:26:54+00:00\",\"author\":{\"@id\":\"https:\\\/\\\/aconteceunovale.com.br\\\/portal\\\/#\\\/schema\\\/person\\\/633529146f2c94272bef50ac2953d589\"},\"breadcrumb\":{\"@id\":\"https:\\\/\\\/aconteceunovale.com.br\\\/portal\\\/?p=128586#breadcrumb\"},\"inLanguage\":\"pt-BR\",\"potentialAction\":[{\"@type\":\"ReadAction\",\"target\":[\"https:\\\/\\\/aconteceunovale.com.br\\\/portal\\\/?p=128586\"]}]},{\"@type\":\"ImageObject\",\"inLanguage\":\"pt-BR\",\"@id\":\"https:\\\/\\\/aconteceunovale.com.br\\\/portal\\\/?p=128586#primaryimage\",\"url\":\"https:\\\/\\\/aconteceunovale.com.br\\\/portal\\\/wp-content\\\/uploads\\\/2015\\\/12\\\/torneira_seca.jpg\",\"contentUrl\":\"https:\\\/\\\/aconteceunovale.com.br\\\/portal\\\/wp-content\\\/uploads\\\/2015\\\/12\\\/torneira_seca.jpg\",\"width\":676,\"height\":450},{\"@type\":\"BreadcrumbList\",\"@id\":\"https:\\\/\\\/aconteceunovale.com.br\\\/portal\\\/?p=128586#breadcrumb\",\"itemListElement\":[{\"@type\":\"ListItem\",\"position\":1,\"name\":\"In\u00edcio\",\"item\":\"https:\\\/\\\/aconteceunovale.com.br\\\/portal\\\/\"},{\"@type\":\"ListItem\",\"position\":2,\"name\":\"Governo federal reconhece situa\u00e7\u00e3o de emerg\u00eancia em dois munic\u00edpios do Vale do Jequitinhonha\"}]},{\"@type\":\"WebSite\",\"@id\":\"https:\\\/\\\/aconteceunovale.com.br\\\/portal\\\/#website\",\"url\":\"https:\\\/\\\/aconteceunovale.com.br\\\/portal\\\/\",\"name\":\"Aconteceu no Vale\",\"description\":\"Portal de Not\u00edcias\",\"potentialAction\":[{\"@type\":\"SearchAction\",\"target\":{\"@type\":\"EntryPoint\",\"urlTemplate\":\"https:\\\/\\\/aconteceunovale.com.br\\\/portal\\\/?s={search_term_string}\"},\"query-input\":{\"@type\":\"PropertyValueSpecification\",\"valueRequired\":true,\"valueName\":\"search_term_string\"}}],\"inLanguage\":\"pt-BR\"},{\"@type\":\"Person\",\"@id\":\"https:\\\/\\\/aconteceunovale.com.br\\\/portal\\\/#\\\/schema\\\/person\\\/633529146f2c94272bef50ac2953d589\",\"name\":\"Aconteceu no Vale\",\"description\":\"Equipe de reportagem do Aconteceu no Vale, portal de not\u00edcias do Vale do Jequitinhonha, em Minas Gerais. Cobrimos as 51 cidades do Vale desde 2013. Sugest\u00f5es de pauta e pedidos de corre\u00e7\u00e3o: contato@aconteceunovale.com.br\",\"sameAs\":[\"http:\\\/\\\/www.aconteceunovale.com.br\"],\"url\":\"https:\\\/\\\/aconteceunovale.com.br\\\/portal\\\/?author=1\"}]}<\/script>\n<!-- \/ Yoast SEO plugin. -->","yoast_head_json":{"title":"Governo federal reconhece situa\u00e7\u00e3o de emerg\u00eancia em dois munic\u00edpios do Vale do Jequitinhonha - Aconteceu no Vale","robots":{"index":"index","follow":"follow","max-snippet":"max-snippet:-1","max-image-preview":"max-image-preview:large","max-video-preview":"max-video-preview:-1"},"canonical":"https:\/\/aconteceunovale.com.br\/portal\/?p=128586","og_locale":"pt_BR","og_type":"article","og_title":"Governo federal reconhece situa\u00e7\u00e3o de emerg\u00eancia em dois munic\u00edpios do Vale do Jequitinhonha - Aconteceu no Vale","og_description":"O Minist\u00e9rio da Integra\u00e7\u00e3o Nacional reconheceu a situa\u00e7\u00e3o de emerg\u00eancia em um total de 16 munic\u00edpios, nas cinco regi\u00f5es do pa\u00eds. As portarias foram publicadas nas edi\u00e7\u00f5es de anteontem (19) e ontem (20) no Di\u00e1rio Oficial da Uni\u00e3o (DOU). Metade das cidades est\u00e3o localizadas em Santa Catarina, estado que sofreu com tempestades durante o m\u00eas [&hellip;]","og_url":"https:\/\/aconteceunovale.com.br\/portal\/?p=128586","og_site_name":"Aconteceu no Vale","article_publisher":"https:\/\/www.facebook.com\/aconteceunovale\/","article_published_time":"2018-02-22T02:26:54+00:00","og_image":[{"width":676,"height":450,"url":"https:\/\/aconteceunovale.com.br\/portal\/wp-content\/uploads\/2015\/12\/torneira_seca.jpg","type":"image\/jpeg"}],"author":"Aconteceu no Vale","twitter_card":"summary_large_image","twitter_creator":"@noticiadosvales","twitter_site":"@noticiadosvales","twitter_misc":{"Escrito por":"Aconteceu no Vale","Est. tempo de leitura":"2 minutos"},"schema":{"@context":"https:\/\/schema.org","@graph":[{"@type":"Article","@id":"https:\/\/aconteceunovale.com.br\/portal\/?p=128586#article","isPartOf":{"@id":"https:\/\/aconteceunovale.com.br\/portal\/?p=128586"},"author":{"name":"Aconteceu no Vale","@id":"https:\/\/aconteceunovale.com.br\/portal\/#\/schema\/person\/633529146f2c94272bef50ac2953d589"},"headline":"Governo federal reconhece situa\u00e7\u00e3o de emerg\u00eancia em dois munic\u00edpios do Vale do Jequitinhonha","datePublished":"2018-02-22T02:26:54+00:00","mainEntityOfPage":{"@id":"https:\/\/aconteceunovale.com.br\/portal\/?p=128586"},"wordCount":350,"commentCount":0,"image":{"@id":"https:\/\/aconteceunovale.com.br\/portal\/?p=128586#primaryimage"},"thumbnailUrl":"https:\/\/aconteceunovale.com.br\/portal\/wp-content\/uploads\/2015\/12\/torneira_seca.jpg","keywords":["Balne\u00e1rio Cambori\u00fa","Barreiras da Sereia","Barrinhas","Bom Retiro","Cachoeira de Paje\u00fa","Cambori\u00fa","chuvas","Coronel Martins","Eldorado","estiagem","Frei Paulo","Gaspar e Penha","Governo federal reconhece situa\u00e7\u00e3o de emerg\u00eancia em dois munic\u00edpios do Vale do Jequitinhonha","Icapu\u00ed","Itapema","Marab\u00e1","Mari\u00e1polis","Minist\u00e9rio da Integra\u00e7\u00e3o Nacional","Nova Roma","Peroba","Ponto dos Volantes","Redonda","Sang\u00e3o","situa\u00e7\u00e3o de emerg\u00eancia"],"articleSection":["Brasil","Vale do Jequitinhonha"],"inLanguage":"pt-BR","potentialAction":[{"@type":"CommentAction","name":"Comment","target":["https:\/\/aconteceunovale.com.br\/portal\/?p=128586#respond"]}]},{"@type":"WebPage","@id":"https:\/\/aconteceunovale.com.br\/portal\/?p=128586","url":"https:\/\/aconteceunovale.com.br\/portal\/?p=128586","name":"Governo federal reconhece situa\u00e7\u00e3o de emerg\u00eancia em dois munic\u00edpios do Vale do Jequitinhonha - Aconteceu no Vale","isPartOf":{"@id":"https:\/\/aconteceunovale.com.br\/portal\/#website"},"primaryImageOfPage":{"@id":"https:\/\/aconteceunovale.com.br\/portal\/?p=128586#primaryimage"},"image":{"@id":"https:\/\/aconteceunovale.com.br\/portal\/?p=128586#primaryimage"},"thumbnailUrl":"https:\/\/aconteceunovale.com.br\/portal\/wp-content\/uploads\/2015\/12\/torneira_seca.jpg","datePublished":"2018-02-22T02:26:54+00:00","author":{"@id":"https:\/\/aconteceunovale.com.br\/portal\/#\/schema\/person\/633529146f2c94272bef50ac2953d589"},"breadcrumb":{"@id":"https:\/\/aconteceunovale.com.br\/portal\/?p=128586#breadcrumb"},"inLanguage":"pt-BR","potentialAction":[{"@type":"ReadAction","target":["https:\/\/aconteceunovale.com.br\/portal\/?p=128586"]}]},{"@type":"ImageObject","inLanguage":"pt-BR","@id":"https:\/\/aconteceunovale.com.br\/portal\/?p=128586#primaryimage","url":"https:\/\/aconteceunovale.com.br\/portal\/wp-content\/uploads\/2015\/12\/torneira_seca.jpg","contentUrl":"https:\/\/aconteceunovale.com.br\/portal\/wp-content\/uploads\/2015\/12\/torneira_seca.jpg","width":676,"height":450},{"@type":"BreadcrumbList","@id":"https:\/\/aconteceunovale.com.br\/portal\/?p=128586#breadcrumb","itemListElement":[{"@type":"ListItem","position":1,"name":"In\u00edcio","item":"https:\/\/aconteceunovale.com.br\/portal\/"},{"@type":"ListItem","position":2,"name":"Governo federal reconhece situa\u00e7\u00e3o de emerg\u00eancia em dois munic\u00edpios do Vale do Jequitinhonha"}]},{"@type":"WebSite","@id":"https:\/\/aconteceunovale.com.br\/portal\/#website","url":"https:\/\/aconteceunovale.com.br\/portal\/","name":"Aconteceu no Vale","description":"Portal de Not\u00edcias","potentialAction":[{"@type":"SearchAction","target":{"@type":"EntryPoint","urlTemplate":"https:\/\/aconteceunovale.com.br\/portal\/?s={search_term_string}"},"query-input":{"@type":"PropertyValueSpecification","valueRequired":true,"valueName":"search_term_string"}}],"inLanguage":"pt-BR"},{"@type":"Person","@id":"https:\/\/aconteceunovale.com.br\/portal\/#\/schema\/person\/633529146f2c94272bef50ac2953d589","name":"Aconteceu no Vale","description":"Equipe de reportagem do Aconteceu no Vale, portal de not\u00edcias do Vale do Jequitinhonha, em Minas Gerais. Cobrimos as 51 cidades do Vale desde 2013. Sugest\u00f5es de pauta e pedidos de corre\u00e7\u00e3o: contato@aconteceunovale.com.br","sameAs":["http:\/\/www.aconteceunovale.com.br"],"url":"https:\/\/aconteceunovale.com.br\/portal\/?author=1"}]}},"_links":{"self":[{"href":"https:\/\/aconteceunovale.com.br\/portal\/index.php?rest_route=\/wp\/v2\/posts\/128586","targetHints":{"allow":["GET"]}}],"collection":[{"href":"https:\/\/aconteceunovale.com.br\/portal\/index.php?rest_route=\/wp\/v2\/posts"}],"about":[{"href":"https:\/\/aconteceunovale.com.br\/portal\/index.php?rest_route=\/wp\/v2\/types\/post"}],"author":[{"embeddable":true,"href":"https:\/\/aconteceunovale.com.br\/portal\/index.php?rest_route=\/wp\/v2\/users\/1"}],"replies":[{"embeddable":true,"href":"https:\/\/aconteceunovale.com.br\/portal\/index.php?rest_route=%2Fwp%2Fv2%2Fcomments&post=128586"}],"version-history":[{"count":0,"href":"https:\/\/aconteceunovale.com.br\/portal\/index.php?rest_route=\/wp\/v2\/posts\/128586\/revisions"}],"wp:featuredmedia":[{"embeddable":true,"href":"https:\/\/aconteceunovale.com.br\/portal\/index.php?rest_route=\/wp\/v2\/media\/74134"}],"wp:attachment":[{"href":"https:\/\/aconteceunovale.com.br\/portal\/index.php?rest_route=%2Fwp%2Fv2%2Fmedia&parent=128586"}],"wp:term":[{"taxonomy":"category","embeddable":true,"href":"https:\/\/aconteceunovale.com.br\/portal\/index.php?rest_route=%2Fwp%2Fv2%2Fcategories&post=128586"},{"taxonomy":"post_tag","embeddable":true,"href":"https:\/\/aconteceunovale.com.br\/portal\/index.php?rest_route=%2Fwp%2Fv2%2Ftags&post=128586"}],"curies":[{"name":"wp","href":"https:\/\/api.w.org\/{rel}","templated":true}]}}