{"id":128571,"date":"2018-02-21T00:20:51","date_gmt":"2018-02-21T02:20:51","guid":{"rendered":"http:\/\/aconteceunovale.com.br\/portal\/?p=128571"},"modified":"2018-02-21T00:20:51","modified_gmt":"2018-02-21T02:20:51","slug":"governo-de-minas-amplia-projeto-de-integracao-aerea-e-inclui-a-cidade-de-nanuque","status":"publish","type":"post","link":"https:\/\/aconteceunovale.com.br\/portal\/?p=128571","title":{"rendered":"Governo de Minas amplia projeto de integra\u00e7\u00e3o a\u00e9rea e inclui a cidade de Nanuque"},"content":{"rendered":"<p>O\u00a0Governo de Minas Gerais, por meio da\u00a0Companhia de Desenvolvimento Econ\u00f4mico de Minas Gerais (Codemig)\u00a0e da\u00a0Secretaria de Estado de Transportes e Obras P\u00fablicas (Setop), inicia uma nova fase do projeto Voe Minas Gerais. A cidade de Nanuque, no Vale do Mucuri, passa a ser atendida.<\/p>\n<p>Guaxup\u00e9, no Sudoeste do Estado, est\u00e1 em fase de conclus\u00e3o dos tr\u00e2mites exigidos para inclus\u00e3o da rota ao projeto e ser\u00e1 adicionada posteriormente. A cidade de Ub\u00e1, na Zona da Mata, n\u00e3o apresentou procura e m\u00e9dia de ocupa\u00e7\u00e3o suficientes para sustentar a manuten\u00e7\u00e3o da rota, tendo sido retirada nesta nova etapa.<\/p>\n<p>Nanuque, pr\u00f3xima da divisa de Minas Gerais com a Bahia e o Esp\u00edrito Santo, tem quatro voos de liga\u00e7\u00e3o com a capital, via Te\u00f3filo Otoni. \u00c0s segundas e quartas \u00e0 tarde, a aeronave deixa BH com destino ao Vale do Mucuri, para retornar \u00e0s ter\u00e7as e quintas, pela manh\u00e3. O voo tem dura\u00e7\u00e3o total de duas horas e quinze minutos. O percurso terrestre exige, em m\u00e9dia, dez horas. As passagens s\u00e3o comercializadas a R$ 700,00.<\/p>\n<p>A tamb\u00e9m lim\u00edtrofe Guaxup\u00e9, na divisa com o estado de S\u00e3o Paulo, ter\u00e1 seis voos semanais de liga\u00e7\u00e3o com o Aeroporto da Pampulha, em Belo Horizonte, passando pela vizinha Passos. Os voos acontecer\u00e3o \u00e0s segundas, quartas e sextas, saindo da capital pela manh\u00e3 e retornando \u00e0 tarde.<\/p>\n<p>A rota ser\u00e1 realizada em duas horas, enquanto o trajeto de carro leva em torno de seis horas. Os bilhetes ser\u00e3o vendidos por R$ 530,00 (segunda e quarta) e R$ 550,00 (sexta). O munic\u00edpio ser\u00e1 inclu\u00eddo assim que finalizados os procedimentos necess\u00e1rios \u00e0 habilita\u00e7\u00e3o da cidade para inser\u00e7\u00e3o no Voe Minas gerais.<\/p>\n<p>Al\u00e9m dos novos destinos, outros aspectos da malha foram reformulados. Um mesmo voo pousar\u00e1 em Vi\u00e7osa, Manhua\u00e7u e Caratinga, otimizando o atendimento \u00e0 regi\u00e3o Leste, que passa a ter voos de liga\u00e7\u00e3o com Belo Horizonte em todos os dias \u00fateis. O atendimento a Po\u00e7os de Caldas, Varginha e Pouso Alegre tamb\u00e9m foi consolidado em uma mesma rota, ligando a regi\u00e3o Sul \u00e0 capital com voos em tr\u00eas dias da semana.<\/p>\n<p>O Voe Minas Gerais \u00e9 uma iniciativa de fomento ao transporte a\u00e9reo regional que tem como fundamento a flexibilidade das rotas, que s\u00e3o desenvolvidas e adaptadas para atender \u00e0s necessidades locais. Um dos objetivos principais do Voe Minas Gerais \u00e9 estimular os neg\u00f3cios e o turismo, aproveitando a infraestrutura aeroportu\u00e1ria p\u00fablica j\u00e1 dispon\u00edvel no Estado.<\/p>\n<p>As passagens podem ser obtidas pelo site do projeto,\u00a0<span style=\"text-decoration: underline;\"><span style=\"color: #ff0000;\"><a href=\"http:\/\/www.voeminasgerais.com.br\/\" target=\"_blank\"><span style=\"color: #ff0000; text-decoration: underline;\">www.voeminasgerais.com.br<\/span><\/a><\/span><\/span>, ou pelo aplicativo MG App (dispon\u00edvel gratuitamente na Play Store e na Apple Store).<\/p>\n<p><strong>Voe Minas Gerais<\/strong><\/p>\n<p>O Voe Minas Gerais foi lan\u00e7ado em agosto de 2016. Os voos s\u00e3o realizados em aeronaves Cessna Grand Caravan 208 B, que transportam at\u00e9 nove passageiros. O valor das passagens varia de R$ 130 a R$ 800, de acordo com a dist\u00e2ncia percorrida.<\/p>\n<p>Os 17 munic\u00edpios atendidos atualmente s\u00e3o: Almenara, Ara\u00e7ua\u00ed, Arax\u00e1, Belo Horizonte, Caratinga, Diamantina, Guaxup\u00e9, Manhua\u00e7u, Nanuque, Paracatu, Passos, Patos de Minas, Po\u00e7os de Caldas, Pouso Alegre, Te\u00f3filo Otoni, Varginha e Vi\u00e7osa.<\/p>\n<p>O projeto busca fomentar os neg\u00f3cios locais, desenvolver o turismo, integrar as diversas regi\u00f5es do estado e facilitar o deslocamento da popula\u00e7\u00e3o entre o interior e a capital, Belo Horizonte, permitindo que tenham acesso r\u00e1pido a eventos e servi\u00e7os dispon\u00edveis.<\/p>\n<p>Para Minas Gerais, que possui uma \u00e1rea total de quase 600 mil quil\u00f4metros quadrados, o investimento na regionaliza\u00e7\u00e3o por meio do transporte a\u00e9reo \u00e9 estrat\u00e9gico para atender a meta de redu\u00e7\u00e3o das desigualdades nos 17 territ\u00f3rios de desenvolvimento estabelecidos pelo Governo do Estado.<\/p>\n<p><strong>VER PRIMEIRO<\/strong><\/p>\n<p>Receba as not\u00edcias do Aconteceu no Vale em primeira m\u00e3o. Clique em curtir no endere\u00e7o <a href=\"https:\/\/www.facebook.com\/aconteceunovale\" target=\"_blank\"><font color=\"red\">www.facebook.com\/aconteceunovale<\/font><\/a> ou no box abaixo:<\/p>\n<div class=\"fb-like\" data-href=\"https:\/\/www.facebook.com\/aconteceunovale\" data-width=\"120\" data-layout=\"standard\" data-action=\"like\" data-size=\"small\" data-show-faces=\"true\" data-share=\"true\"><\/div>\n<p><\/br><\/p>\n<p><em>(Fonte: Ag\u00eancia Minas)<\/em><\/p>\n","protected":false},"excerpt":{"rendered":"<p>O\u00a0Governo de Minas Gerais, por meio da\u00a0Companhia de Desenvolvimento Econ\u00f4mico de Minas Gerais (Codemig)\u00a0e da\u00a0Secretaria de Estado de Transportes e Obras P\u00fablicas (Setop), inicia uma nova fase do projeto Voe Minas Gerais. A cidade de Nanuque, no Vale do Mucuri, passa a ser atendida. Guaxup\u00e9, no Sudoeste do Estado, est\u00e1 em fase de conclus\u00e3o dos [&hellip;]<\/p>\n","protected":false},"author":1,"featured_media":100328,"comment_status":"open","ping_status":"closed","sticky":false,"template":"","format":"standard","meta":{"amp_status":"","footnotes":""},"categories":[123,122],"tags":[142,186,1504,194,237,105858,28355,1018,198,169501,51191,959,209,252,212,169499,213,214,105855,215,216,156686,151485,37031,124976,164,219,223,169500,18771,124974],"class_list":["post-128571","post","type-post","status-publish","format-standard","has-post-thumbnail","hentry","category-gerais","category-mucuri","tag-almenara","tag-aracuai","tag-araxa","tag-belo-horizonte","tag-caratinga","tag-cessna-grand-caravan-208-b","tag-codemig","tag-destaque","tag-diamantina","tag-governo-de-minas-amplia-projeto-de-integracao-aerea-e-inclui-a-cidade-de-nanuque","tag-governo-de-minas-gerais","tag-guaxupe","tag-manhuacu","tag-nanuque","tag-paracatu","tag-passagens-voe-minas-gerais","tag-passos","tag-patos-de-minas","tag-pirma","tag-pocos-de-caldas","tag-pouso-alegre","tag-programa-voe-minas-gerais","tag-projeto-voe-minas-gerais","tag-setop","tag-site-voe-minas-gerais","tag-teofilo-otoni","tag-uba","tag-varginha","tag-venda-de-passagens-voe-minas-gerais","tag-vicosa","tag-voe-minas-gerais"],"_links":{"self":[{"href":"https:\/\/aconteceunovale.com.br\/portal\/index.php?rest_route=\/wp\/v2\/posts\/128571","targetHints":{"allow":["GET"]}}],"collection":[{"href":"https:\/\/aconteceunovale.com.br\/portal\/index.php?rest_route=\/wp\/v2\/posts"}],"about":[{"href":"https:\/\/aconteceunovale.com.br\/portal\/index.php?rest_route=\/wp\/v2\/types\/post"}],"author":[{"embeddable":true,"href":"https:\/\/aconteceunovale.com.br\/portal\/index.php?rest_route=\/wp\/v2\/users\/1"}],"replies":[{"embeddable":true,"href":"https:\/\/aconteceunovale.com.br\/portal\/index.php?rest_route=%2Fwp%2Fv2%2Fcomments&post=128571"}],"version-history":[{"count":0,"href":"https:\/\/aconteceunovale.com.br\/portal\/index.php?rest_route=\/wp\/v2\/posts\/128571\/revisions"}],"wp:featuredmedia":[{"embeddable":true,"href":"https:\/\/aconteceunovale.com.br\/portal\/index.php?rest_route=\/wp\/v2\/media\/100328"}],"wp:attachment":[{"href":"https:\/\/aconteceunovale.com.br\/portal\/index.php?rest_route=%2Fwp%2Fv2%2Fmedia&parent=128571"}],"wp:term":[{"taxonomy":"category","embeddable":true,"href":"https:\/\/aconteceunovale.com.br\/portal\/index.php?rest_route=%2Fwp%2Fv2%2Fcategories&post=128571"},{"taxonomy":"post_tag","embeddable":true,"href":"https:\/\/aconteceunovale.com.br\/portal\/index.php?rest_route=%2Fwp%2Fv2%2Ftags&post=128571"}],"curies":[{"name":"wp","href":"https:\/\/api.w.org\/{rel}","templated":true}]}}