{"id":128565,"date":"2018-02-20T23:45:41","date_gmt":"2018-02-21T01:45:41","guid":{"rendered":"http:\/\/aconteceunovale.com.br\/portal\/?p=128565"},"modified":"2018-02-20T23:45:41","modified_gmt":"2018-02-21T01:45:41","slug":"tribunal-reverte-a-cassacao-do-prefeito-de-juramento-no-norte-de-minas","status":"publish","type":"post","link":"https:\/\/aconteceunovale.com.br\/portal\/?p=128565","title":{"rendered":"Tribunal reverte a cassa\u00e7\u00e3o do prefeito de Juramento, no Norte de Minas"},"content":{"rendered":"<p>O Tribunal Eleitoral mineiro, por unanimidade, reverteu, na sess\u00e3o desta segunda-feira (19\/02\/2018), a senten\u00e7a que determinou a cassa\u00e7\u00e3o do prefeito de Juramento (Norte de Minas), Wendel Pereira de Souza (PP) e da vice-prefeita, Marlene de Lourdes Silveira Moreira (PP), por pr\u00e1tica de conduta vedada a agente p\u00fablico em per\u00edodo eleitoral. Foi afastada ainda a san\u00e7\u00e3o de inelegibilidade.  <\/p>\n<p>A a\u00e7\u00e3o de impugna\u00e7\u00e3o ao mandato eletivo (AIME) foi proposta pela Coliga\u00e7\u00e3o Cidadania (PSDB\/PMDB\/PSD) ao fundamento, em s\u00edntese, de que teria havido<\/p>\n<p>contrata\u00e7\u00e3o tempor\u00e1ria de pessoal com finalidade eleitoral e utiliza\u00e7\u00e3o de dois procuradores do munic\u00edpio na campanha do prefeito, afrontando o art. 73 da Lei n\u00ba 9.504\/1997. <\/p>\n<p>O relator do processo, juiz Jo\u00e3o Batista Ribeiro, considerou que \u201cas contrata\u00e7\u00f5es tempor\u00e1rias, por si s\u00f3s, n\u00e3o demonstram a ocorr\u00eancia do abuso de poder econ\u00f4mico entrela\u00e7ado ao abuso de poder pol\u00edtico. (&#8230;) N\u00e3o h\u00e1 nos autos, portanto, provas conclusivas de que tenha havido aumento de despesa com a finalidade de incrementar a contrata\u00e7\u00e3o de servidores tempor\u00e1rios, impulsionando a candidatura do impugnado\u201d. <\/p>\n<p>Quanto aos advogados da campanha, o magistrado verificou \u201cA inexist\u00eancia de provas nos autos da contrata\u00e7\u00e3o dos servi\u00e7os dos advogados para defender os interesses dos recorrentes n\u00e3o permite afirmar que utilizaram de funcion\u00e1rio p\u00fablico para o pagamento dos honor\u00e1rios\u201d. <\/p>\n<p>Ao final, concluiu: \u201cAs provas dos autos s\u00e3o fr\u00e1geis e inconclusas no sentido de demonstrarem, de forma inequ\u00edvoca, o abuso de poder pol\u00edtico associado ao econ\u00f4mico.\u201d <\/p>\n<p>Wendel Pereira de Souza obteve 1.515 votos (53,5%) e permanece no exerc\u00edcio do cargo. Da decis\u00e3o proferida cabe recurso.<\/p>\n<p><img decoding=\"async\" src=\"http:\/\/aconteceunovale.com.br\/portal\/wp-content\/uploads\/2018\/02\/prefeito_juramento.jpg\" alt=\"\" \/><em>Wendel Pereira &#8211; prefeito de Juramento (Foto: Divulga\u00e7\u00e3o)<\/em><br \/>\n<\/br><\/p>\n<p><strong>VER PRIMEIRO<\/strong><\/p>\n<p>Receba as not\u00edcias do Aconteceu no Vale em primeira m\u00e3o. Clique em curtir no endere\u00e7o <a href=\"https:\/\/www.facebook.com\/aconteceunovale\" target=\"_blank\"><font color=\"red\">www.facebook.com\/aconteceunovale<\/font><\/a> ou no box abaixo:<\/p>\n<div class=\"fb-like\" data-href=\"https:\/\/www.facebook.com\/aconteceunovale\" data-width=\"120\" data-layout=\"standard\" data-action=\"like\" data-size=\"small\" data-show-faces=\"true\" data-share=\"true\"><\/div>\n<p><\/br><\/p>\n<p><em>(Fonte: TRE-MG) <\/em><\/p>\n","protected":false},"excerpt":{"rendered":"<p>O Tribunal Eleitoral mineiro, por unanimidade, reverteu, na sess\u00e3o desta segunda-feira (19\/02\/2018), a senten\u00e7a que determinou a cassa\u00e7\u00e3o do prefeito de Juramento (Norte de Minas), Wendel Pereira de Souza (PP) e da vice-prefeita, Marlene de Lourdes Silveira Moreira (PP), por pr\u00e1tica de conduta vedada a agente p\u00fablico em per\u00edodo eleitoral. Foi afastada ainda a san\u00e7\u00e3o [&hellip;]<\/p>\n","protected":false},"author":1,"featured_media":128566,"comment_status":"open","ping_status":"closed","sticky":false,"template":"","format":"standard","meta":{"amp_status":"","footnotes":""},"categories":[1236,40240],"tags":[169490,1697,169492,33228,169489,169493,169491],"class_list":["post-128565","post","type-post","status-publish","format-standard","has-post-thumbnail","hentry","category-norte_de_minas","category-politica-2","tag-cassacao-do-prefeito-de-juramento","tag-juramento","tag-marlene-de-lourdes-silveira-moreira","tag-no-norte-de-minas","tag-prefeito-de-juramento","tag-tribunal-reverte-a-cassacao-do-prefeito-de-juramento","tag-wendel-pereira-de-souza"],"_links":{"self":[{"href":"https:\/\/aconteceunovale.com.br\/portal\/index.php?rest_route=\/wp\/v2\/posts\/128565","targetHints":{"allow":["GET"]}}],"collection":[{"href":"https:\/\/aconteceunovale.com.br\/portal\/index.php?rest_route=\/wp\/v2\/posts"}],"about":[{"href":"https:\/\/aconteceunovale.com.br\/portal\/index.php?rest_route=\/wp\/v2\/types\/post"}],"author":[{"embeddable":true,"href":"https:\/\/aconteceunovale.com.br\/portal\/index.php?rest_route=\/wp\/v2\/users\/1"}],"replies":[{"embeddable":true,"href":"https:\/\/aconteceunovale.com.br\/portal\/index.php?rest_route=%2Fwp%2Fv2%2Fcomments&post=128565"}],"version-history":[{"count":0,"href":"https:\/\/aconteceunovale.com.br\/portal\/index.php?rest_route=\/wp\/v2\/posts\/128565\/revisions"}],"wp:featuredmedia":[{"embeddable":true,"href":"https:\/\/aconteceunovale.com.br\/portal\/index.php?rest_route=\/wp\/v2\/media\/128566"}],"wp:attachment":[{"href":"https:\/\/aconteceunovale.com.br\/portal\/index.php?rest_route=%2Fwp%2Fv2%2Fmedia&parent=128565"}],"wp:term":[{"taxonomy":"category","embeddable":true,"href":"https:\/\/aconteceunovale.com.br\/portal\/index.php?rest_route=%2Fwp%2Fv2%2Fcategories&post=128565"},{"taxonomy":"post_tag","embeddable":true,"href":"https:\/\/aconteceunovale.com.br\/portal\/index.php?rest_route=%2Fwp%2Fv2%2Ftags&post=128565"}],"curies":[{"name":"wp","href":"https:\/\/api.w.org\/{rel}","templated":true}]}}