{"id":128563,"date":"2018-02-20T23:30:03","date_gmt":"2018-02-21T01:30:03","guid":{"rendered":"http:\/\/aconteceunovale.com.br\/portal\/?p=128563"},"modified":"2018-02-20T23:30:03","modified_gmt":"2018-02-21T01:30:03","slug":"tre-confirma-sentencas-que-cassam-pela-quarta-vez-o-prefeito-reeleito-de-guanhaes","status":"publish","type":"post","link":"https:\/\/aconteceunovale.com.br\/portal\/?p=128563","title":{"rendered":"TRE confirma senten\u00e7as que cassam, pela quarta vez, o prefeito reeleito de Guanh\u00e3es"},"content":{"rendered":"<p>O TRE julgou, nesta segunda-feira (19\/02\/2018), mais dois recursos envolvendo o prefeito reeleito de Guanh\u00e3es, Geraldo Jos\u00e9 Pereira (PMDB)  e sua vice, Mary Celeste de Miranda Soares (PR). No julgamento, foram mantidas, por unanimidade, as senten\u00e7as de primeira inst\u00e2ncia que cassaram os diplomas e aplicaram a san\u00e7\u00e3o de inelegibilidade por oito anos aos eleitos. <\/p>\n<p>Foi determinado pela Corte que a execu\u00e7\u00e3o dos julgados e a convoca\u00e7\u00e3o de novas elei\u00e7\u00f5es majorit\u00e1rias, nos termos do art. 224 do C\u00f3digo Eleitoral, ocorram ap\u00f3s a publica\u00e7\u00e3o do resultado do julgamento de eventuais embargos de declara\u00e7\u00e3o pelo TRE, que porventura vierem a ser opostos. <\/p>\n<p>Na a\u00e7\u00e3o de investiga\u00e7\u00e3o judicial eleitoral (AIJE), fundamentada na pr\u00e1tica de conduta vedada a agente p\u00fablico e no abuso de poder pol\u00edtico e econ\u00f4mico (autoriza\u00e7\u00e3o para ocupa\u00e7\u00e3o irregular de lotes, com regulariza\u00e7\u00e3o ap\u00f3s as elei\u00e7\u00f5es), o relator do processo, juiz Jo\u00e3o Batista Ribeiro, afirmou que \u201cas provas dos autos revelam, \u00e0s esc\u00e2ncaras, que Geraldo Jos\u00e9 Pereira foi o grande mentor e comandante das ocupa\u00e7\u00f5es irregulares de lotes p\u00fablicos, uma vez que n\u00e3o se limitou, simplesmente, a \u201cautorizar a invas\u00e3o de lotes p\u00fablicos\u201d, mas, em sua maioria, escolheu quem poderia ocupar, (&#8230;) bem como determinava o tamanho do lote que poderia ser cercado, e, ainda, exatamente, \u201cdemarcava\u201d qual lote a pessoa beneficiada deveria ocupar, valendo-se, para tal intento, do uso da m\u00e1quina administrativa para coordenar as referidas a\u00e7\u00f5es, inclusive, para facilitar as liga\u00e7\u00f5es de \u00e1gua nos lotes p\u00fablicos doados de forma irregular, como forma de potencializar seu cabedal eleitoral nos meses que antecederam a data das elei\u00e7\u00f5es.\u201d <\/p>\n<p>J\u00e1 na a\u00e7\u00e3o de impugna\u00e7\u00e3o ao mandato eletivo (AIME), todos os atos tidos como ilegais na campanha &#8211; e j\u00e1 apreciados nas outras tr\u00eas AIJEs propostas contra o prefeito &#8211;  foram reapresentados como fundamento para a cassa\u00e7\u00e3o: em s\u00edntese, a pr\u00e1tica de conduta vedada e o abuso de poder econ\u00f4mico e pol\u00edtico (doa\u00e7\u00e3o de lotes), e uso indevido dos meios de comunica\u00e7\u00e3o social (utiliza\u00e7\u00e3o do jornal Conex\u00e3o e noticias falsas no Facebook). Como esses fatos j\u00e1 haviam sido apreciados nesses outros processos, o Tribunal confirmou, mais uma vez, a cassa\u00e7\u00e3o dos mandatos. <\/p>\n<p>Al\u00e9m dos processos julgados ontem (19), est\u00e3o tramitando contra o prefeito, na Justi\u00e7a Eleitoral, mais duas a\u00e7\u00f5es, que j\u00e1 foram julgadas pelo TRE, com confirma\u00e7\u00e3o da cassa\u00e7\u00e3o. O prefeito ainda permanece no cargo, pois a execu\u00e7\u00e3o dessas decis\u00f5es s\u00f3 ocorrer\u00e1 ap\u00f3s o julgamento de embargos de declara\u00e7\u00e3o, ainda sem data marcada. <\/p>\n<p>Geraldo Jos\u00e9 Pereira, o Ladinho, e Mary Celeste de Miranda Soares foram eleitos com 5.445 votos (35,04%), que ser\u00e3o anulados. Das decis\u00f5es proferidas pelo TRE cabe recurso. <\/p>\n<p><strong>VER PRIMEIRO<\/strong><\/p>\n<p>Receba as not\u00edcias do Aconteceu no Vale em primeira m\u00e3o. Clique em curtir no endere\u00e7o <a href=\"https:\/\/www.facebook.com\/aconteceunovale\" target=\"_blank\"><font color=\"red\">www.facebook.com\/aconteceunovale<\/font><\/a> ou no box abaixo:<\/p>\n<div class=\"fb-like\" data-href=\"https:\/\/www.facebook.com\/aconteceunovale\" data-width=\"120\" data-layout=\"standard\" data-action=\"like\" data-size=\"small\" data-show-faces=\"true\" data-share=\"true\"><\/div>\n<p><\/br><\/p>\n<p><em>(Fonte: TRE-MG)<\/em><\/p>\n","protected":false},"excerpt":{"rendered":"<p>O TRE julgou, nesta segunda-feira (19\/02\/2018), mais dois recursos envolvendo o prefeito reeleito de Guanh\u00e3es, Geraldo Jos\u00e9 Pereira (PMDB) e sua vice, Mary Celeste de Miranda Soares (PR). No julgamento, foram mantidas, por unanimidade, as senten\u00e7as de primeira inst\u00e2ncia que cassaram os diplomas e aplicaram a san\u00e7\u00e3o de inelegibilidade por oito anos aos eleitos. Foi [&hellip;]<\/p>\n","protected":false},"author":1,"featured_media":87301,"comment_status":"open","ping_status":"closed","sticky":false,"template":"","format":"standard","meta":{"amp_status":"","footnotes":""},"categories":[121,40240],"tags":[3769,168860,168864,1018,168867,3068,155,168865,168862,95209,168863,168868,169487,168866,169486,74321,168861,95200,169485,169488,168859],"class_list":["post-128563","post","type-post","status-publish","format-standard","has-post-thumbnail","hentry","category-leste","category-politica-2","tag-antonio-carlos-dos-santos","tag-cassacao-do-guanhaes","tag-coligacao-melhor-para-guanhaes","tag-destaque","tag-eleicao-em-guanhaes","tag-geraldo-jose-pereira","tag-guanhaes","tag-jornal-conexao","tag-julgamento-prefeito-de-guanhaes","tag-ladinho","tag-mary-celeste-de-miranda-soares","tag-nova-eleicao-em-guanhaes","tag-o-prefeito-reeleito-de-guanhaes","tag-osvaldo-de-castro","tag-pela-quarta-vez","tag-prefeito-de-guanhaes","tag-prefeito-de-guanhaes-e-cassado","tag-processo-prefeito-de-guanhaes","tag-tre-confirma-sentencas-que-cassam","tag-tre-confirma-sentencas-que-cassam-o-prefeito-reeleito-de-guanhaes","tag-tre-mantem-cassacao-do-prefeito-de-guanhaes"],"_links":{"self":[{"href":"https:\/\/aconteceunovale.com.br\/portal\/index.php?rest_route=\/wp\/v2\/posts\/128563","targetHints":{"allow":["GET"]}}],"collection":[{"href":"https:\/\/aconteceunovale.com.br\/portal\/index.php?rest_route=\/wp\/v2\/posts"}],"about":[{"href":"https:\/\/aconteceunovale.com.br\/portal\/index.php?rest_route=\/wp\/v2\/types\/post"}],"author":[{"embeddable":true,"href":"https:\/\/aconteceunovale.com.br\/portal\/index.php?rest_route=\/wp\/v2\/users\/1"}],"replies":[{"embeddable":true,"href":"https:\/\/aconteceunovale.com.br\/portal\/index.php?rest_route=%2Fwp%2Fv2%2Fcomments&post=128563"}],"version-history":[{"count":0,"href":"https:\/\/aconteceunovale.com.br\/portal\/index.php?rest_route=\/wp\/v2\/posts\/128563\/revisions"}],"wp:featuredmedia":[{"embeddable":true,"href":"https:\/\/aconteceunovale.com.br\/portal\/index.php?rest_route=\/wp\/v2\/media\/87301"}],"wp:attachment":[{"href":"https:\/\/aconteceunovale.com.br\/portal\/index.php?rest_route=%2Fwp%2Fv2%2Fmedia&parent=128563"}],"wp:term":[{"taxonomy":"category","embeddable":true,"href":"https:\/\/aconteceunovale.com.br\/portal\/index.php?rest_route=%2Fwp%2Fv2%2Fcategories&post=128563"},{"taxonomy":"post_tag","embeddable":true,"href":"https:\/\/aconteceunovale.com.br\/portal\/index.php?rest_route=%2Fwp%2Fv2%2Ftags&post=128563"}],"curies":[{"name":"wp","href":"https:\/\/api.w.org\/{rel}","templated":true}]}}