{"id":128469,"date":"2018-02-16T23:46:56","date_gmt":"2018-02-17T01:46:56","guid":{"rendered":"http:\/\/aconteceunovale.com.br\/portal\/?p=128469"},"modified":"2018-02-16T23:46:56","modified_gmt":"2018-02-17T01:46:56","slug":"homem-e-assassinado-na-porta-de-casa-em-governador-valadares","status":"publish","type":"post","link":"https:\/\/aconteceunovale.com.br\/portal\/?p=128469","title":{"rendered":"Homem \u00e9 assassinado na porta de casa em Governador Valadares"},"content":{"rendered":"<p>Um homem de 39 anos foi assassinado no fim da manh\u00e3 desta sexta-feira (16\/02\/2018) em Governador Valadares, no Vale do Rio Doce. Segundo a Pol\u00edcia Militar (PM), testemunhas relataram que S\u00e9rgio Matos Damasceno estava na porta de uma casa, no Bairro Santa Rita, quando foi atingido por disparos feito por um suspeito que fugiu com um comparsa em uma moto.<\/p>\n<p>Familiares disseram que a v\u00edtima era moradora do Bairro S\u00e3o Paulo e estava no local trabalhando como servente de pedreiro, na reforma da resid\u00eancia para onde pretendia se mudar, ao lado da casa da irm\u00e3.<\/p>\n<p>O tenente Elias de Oliveira Rocha informou que a v\u00edtima tinha passagens por tr\u00e1fico de drogas e homic\u00eddio, e o crime pode estar relacionado a esses crimes. \u201cEstamos levantando informa\u00e7\u00f5es e contando com o apoio da comunidade, que pode nos ajudar pelo disque-den\u00fancia pelo n\u00famero 181. Mas \u00e9 poss\u00edvel que o homic\u00eddio tenha envolvimento com o tr\u00e1fico ou mesmo vingan\u00e7a por algum homic\u00eddio praticado pela v\u00edtima\u201d.<\/p>\n<p>O autor do crime ainda n\u00e3o foi identificado. <\/p>\n<h4>Baleado ao entrar em bar no Bairro S\u00e3o Crist\u00f3v\u00e3o<\/h4>\n<p>Um adolescente de 17 anos foi baleado dentro de um bar em Governador Valadares, na madrugada desta sexta-feira (16). O crime foi no Bairro S\u00e3o Crist\u00f3v\u00e3o e segundo a pol\u00edcia, a v\u00edtima tinha acabado de entrar no estabelecimento, quando foi atingido por tiros no t\u00f3rax e na cintura.<\/p>\n<p>O rapaz foi socorrido e encaminhado ao hospital onde permanece internado. Segundo a PM, o autor dos disparos foi identificado e est\u00e1 sendo procurado. No local do crime, foi apreendida uma muni\u00e7\u00e3o calibre.38.<\/p>\n<p><strong>VER PRIMEIRO<\/strong><\/p>\n<p>Receba as not\u00edcias do Aconteceu no Vale em primeira m\u00e3o. Clique em curtir no endere\u00e7o <a href=\"https:\/\/www.facebook.com\/aconteceunovale\" target=\"_blank\"><font color=\"red\">www.facebook.com\/aconteceunovale<\/font><\/a> ou no box abaixo:<\/p>\n<div class=\"fb-like\" data-href=\"https:\/\/www.facebook.com\/aconteceunovale\" data-width=\"120\" data-layout=\"standard\" data-action=\"like\" data-size=\"small\" data-show-faces=\"true\" data-share=\"true\"><\/div>\n<p><\/br><\/p>\n<p><em>(Fonte: G1 Vales)<\/em><\/p>\n","protected":false},"excerpt":{"rendered":"<p>Um homem de 39 anos foi assassinado no fim da manh\u00e3 desta sexta-feira (16\/02\/2018) em Governador Valadares, no Vale do Rio Doce. Segundo a Pol\u00edcia Militar (PM), testemunhas relataram que S\u00e9rgio Matos Damasceno estava na porta de uma casa, no Bairro Santa Rita, quando foi atingido por disparos feito por um suspeito que fugiu com [&hellip;]<\/p>\n","protected":false},"author":1,"featured_media":71442,"comment_status":"open","ping_status":"closed","sticky":false,"template":"","format":"standard","meta":{"amp_status":"","footnotes":""},"categories":[121],"tags":[44655,247,162859,8180,43038],"class_list":["post-128469","post","type-post","status-publish","format-standard","has-post-thumbnail","hentry","category-leste","tag-assassinado-em-governador-valadares","tag-governador-valadares","tag-homem-e-assassinado-na-porta-de-casa-em-governador-valadares","tag-homicidio-em-governador-valadares","tag-morto-em-governador-valadares"],"_links":{"self":[{"href":"https:\/\/aconteceunovale.com.br\/portal\/index.php?rest_route=\/wp\/v2\/posts\/128469","targetHints":{"allow":["GET"]}}],"collection":[{"href":"https:\/\/aconteceunovale.com.br\/portal\/index.php?rest_route=\/wp\/v2\/posts"}],"about":[{"href":"https:\/\/aconteceunovale.com.br\/portal\/index.php?rest_route=\/wp\/v2\/types\/post"}],"author":[{"embeddable":true,"href":"https:\/\/aconteceunovale.com.br\/portal\/index.php?rest_route=\/wp\/v2\/users\/1"}],"replies":[{"embeddable":true,"href":"https:\/\/aconteceunovale.com.br\/portal\/index.php?rest_route=%2Fwp%2Fv2%2Fcomments&post=128469"}],"version-history":[{"count":0,"href":"https:\/\/aconteceunovale.com.br\/portal\/index.php?rest_route=\/wp\/v2\/posts\/128469\/revisions"}],"wp:featuredmedia":[{"embeddable":true,"href":"https:\/\/aconteceunovale.com.br\/portal\/index.php?rest_route=\/wp\/v2\/media\/71442"}],"wp:attachment":[{"href":"https:\/\/aconteceunovale.com.br\/portal\/index.php?rest_route=%2Fwp%2Fv2%2Fmedia&parent=128469"}],"wp:term":[{"taxonomy":"category","embeddable":true,"href":"https:\/\/aconteceunovale.com.br\/portal\/index.php?rest_route=%2Fwp%2Fv2%2Fcategories&post=128469"},{"taxonomy":"post_tag","embeddable":true,"href":"https:\/\/aconteceunovale.com.br\/portal\/index.php?rest_route=%2Fwp%2Fv2%2Ftags&post=128469"}],"curies":[{"name":"wp","href":"https:\/\/api.w.org\/{rel}","templated":true}]}}