{"id":128467,"date":"2018-02-16T23:34:32","date_gmt":"2018-02-17T01:34:32","guid":{"rendered":"http:\/\/aconteceunovale.com.br\/portal\/?p=128467"},"modified":"2018-02-16T23:34:32","modified_gmt":"2018-02-17T01:34:32","slug":"colisao-entre-motos-deixa-uma-pessoa-morta-e-outra-ferida-na-zona-rural-de-capitao-eneas","status":"publish","type":"post","link":"https:\/\/aconteceunovale.com.br\/portal\/?p=128467","title":{"rendered":"Colis\u00e3o entre motos deixa uma pessoa morta e outra ferida na zona rural de Capit\u00e3o En\u00e9as"},"content":{"rendered":"<p>Um homem 51 anos morreu em um acidente entre duas motocicletas, na quinta-feira (15\/02\/2018), em uma estrada rural do Distrito de Santana da Serra, em Capit\u00e3o En\u00e9as (MG). De acordo com a Pol\u00edcia Militar, os ve\u00edculos bateram de frente e um dos pilotos morreu no local. O outro condutor, de 30 anos, foi socorrido pelo Samu com suspeita de fraturas e levado ao para o hospital municipal. Em seguida, foi transferido para unidade de sa\u00fade em Montes Claros.<\/p>\n<p>O acidente aconteceu em uma estrada que liga o Rio Verde ao Distrito. A per\u00edcia compareceu ao local e liberou o corpo para o Instituto M\u00e9dico Legal de Montes Claros. Ainda de acordo com a PM, as duas motocicletas n\u00e3o estavam licenciadas e os motociclistas eram inabilitados. As causas do acidente ser\u00e3o investigadas.<\/p>\n<p><strong>VER PRIMEIRO<\/strong><\/p>\n<p>Receba as not\u00edcias do Aconteceu no Vale em primeira m\u00e3o. Clique em curtir no endere\u00e7o <a href=\"https:\/\/www.facebook.com\/aconteceunovale\" target=\"_blank\"><font color=\"red\">www.facebook.com\/aconteceunovale<\/font><\/a> ou no box abaixo:<\/p>\n<div class=\"fb-like\" data-href=\"https:\/\/www.facebook.com\/aconteceunovale\" data-width=\"120\" data-layout=\"standard\" data-action=\"like\" data-size=\"small\" data-show-faces=\"true\" data-share=\"true\"><\/div>\n<p><\/br><\/p>\n<p><em>(Fonte: G1 Grande Minas)<\/em><\/p>\n","protected":false},"excerpt":{"rendered":"<p>Um homem 51 anos morreu em um acidente entre duas motocicletas, na quinta-feira (15\/02\/2018), em uma estrada rural do Distrito de Santana da Serra, em Capit\u00e3o En\u00e9as (MG). De acordo com a Pol\u00edcia Militar, os ve\u00edculos bateram de frente e um dos pilotos morreu no local. O outro condutor, de 30 anos, foi socorrido pelo [&hellip;]<\/p>\n","protected":false},"author":1,"featured_media":71442,"comment_status":"open","ping_status":"closed","sticky":false,"template":"","format":"standard","meta":{"amp_status":"","footnotes":""},"categories":[1236],"tags":[127564,169346,1429,169345,169347],"class_list":["post-128467","post","type-post","status-publish","format-standard","has-post-thumbnail","hentry","category-norte_de_minas","tag-acidente-capitao-eneas","tag-acidente-motos-capitao-eneas","tag-capitao-eneas","tag-colisao-entre-motos-deixa-uma-pessoa-morta-e-outra-ferida-na-zona-rural-de-capitao-eneas","tag-motociclista-morre-em-capitao-eneas"],"_links":{"self":[{"href":"https:\/\/aconteceunovale.com.br\/portal\/index.php?rest_route=\/wp\/v2\/posts\/128467","targetHints":{"allow":["GET"]}}],"collection":[{"href":"https:\/\/aconteceunovale.com.br\/portal\/index.php?rest_route=\/wp\/v2\/posts"}],"about":[{"href":"https:\/\/aconteceunovale.com.br\/portal\/index.php?rest_route=\/wp\/v2\/types\/post"}],"author":[{"embeddable":true,"href":"https:\/\/aconteceunovale.com.br\/portal\/index.php?rest_route=\/wp\/v2\/users\/1"}],"replies":[{"embeddable":true,"href":"https:\/\/aconteceunovale.com.br\/portal\/index.php?rest_route=%2Fwp%2Fv2%2Fcomments&post=128467"}],"version-history":[{"count":0,"href":"https:\/\/aconteceunovale.com.br\/portal\/index.php?rest_route=\/wp\/v2\/posts\/128467\/revisions"}],"wp:featuredmedia":[{"embeddable":true,"href":"https:\/\/aconteceunovale.com.br\/portal\/index.php?rest_route=\/wp\/v2\/media\/71442"}],"wp:attachment":[{"href":"https:\/\/aconteceunovale.com.br\/portal\/index.php?rest_route=%2Fwp%2Fv2%2Fmedia&parent=128467"}],"wp:term":[{"taxonomy":"category","embeddable":true,"href":"https:\/\/aconteceunovale.com.br\/portal\/index.php?rest_route=%2Fwp%2Fv2%2Fcategories&post=128467"},{"taxonomy":"post_tag","embeddable":true,"href":"https:\/\/aconteceunovale.com.br\/portal\/index.php?rest_route=%2Fwp%2Fv2%2Ftags&post=128467"}],"curies":[{"name":"wp","href":"https:\/\/api.w.org\/{rel}","templated":true}]}}