{"id":128382,"date":"2018-02-14T21:15:22","date_gmt":"2018-02-14T23:15:22","guid":{"rendered":"http:\/\/aconteceunovale.com.br\/portal\/?p=128382"},"modified":"2018-02-14T21:15:22","modified_gmt":"2018-02-14T23:15:22","slug":"homem-e-assassinado-em-janauba","status":"publish","type":"post","link":"https:\/\/aconteceunovale.com.br\/portal\/?p=128382","title":{"rendered":"Homem \u00e9 assassinado em Jana\u00faba"},"content":{"rendered":"<p>Um homem de 36 anos foi encontrado morto, nessa ter\u00e7a-feira (13\/02\/2018), em Jana\u00faba (MG). De acordo com a Pol\u00edcia Militar (PM), o corpo de N\u00e9lio Frederico Cardoso de Abreu estava com cortes nas m\u00e3os, nuca e cabe\u00e7a.<\/p>\n<p>O corpo estava em um matagal na Rua Nossa Senhora de F\u00e1tima, no Bairro S\u00e3o Lucas. A pol\u00edcia encontrou uma arma de fogo de fabrica\u00e7\u00e3o caseira no local do crime. A Per\u00edcia tamb\u00e9m recolheu uma bucha de maconha. O material foi entregue na Delegacia de Pol\u00edcia Civil, que investigar\u00e1 o caso.<\/p>\n<h4>Jovem \u00e9 baleado em Espinosa<\/h4>\n<p>Um jovem de 18 anos foi atingido por dois tiros no peito, na noite de ter\u00e7a-feira, no Bairro Santos Dumont, em Espinosa. No hospital, a v\u00edtima contou \u00e0 PM que foi surpreendido por dois menores em uma bicicleta e disse que j\u00e1 havia sido amea\u00e7ado anteriormente. A pol\u00edcia tem pistas dos suspeitos, mas eles ainda n\u00e3o foram encontrados.<\/p>\n<p>Ele relatou ainda que suspeita que o crime esteja relacionado com outra tentativa de homic\u00eddio contra um rapaz de 20 anos que aconteceu na cidade na manh\u00e3 do mesmo dia no Bairro Santa Tereza, mas n\u00e3o explicou qual a liga\u00e7\u00e3o dele com o jovem que foi baleado na cabe\u00e7a.<\/p>\n<p>Na manh\u00e3 desta quarta (14), o hospital de Espinosa informou que a v\u00edtima foi transferida para uma unidade de sa\u00fade em Montes Claros.<\/p>\n<p>Segundo a PM, os crimes podem estar relacionados com o tr\u00e1fico de drogas e os casos ser\u00e3o investigados pela Pol\u00edcia Civil.<\/p>\n<p><strong>VER PRIMEIRO<\/strong><\/p>\n<p>Receba as not\u00edcias do Aconteceu no Vale em primeira m\u00e3o. Clique em curtir no endere\u00e7o <a href=\"https:\/\/www.facebook.com\/aconteceunovale\" target=\"_blank\"><font color=\"red\">www.facebook.com\/aconteceunovale<\/font><\/a> ou no box abaixo:<\/p>\n<div class=\"fb-like\" data-href=\"https:\/\/www.facebook.com\/aconteceunovale\" data-width=\"120\" data-layout=\"standard\" data-action=\"like\" data-size=\"small\" data-show-faces=\"true\" data-share=\"true\"><\/div>\n<p><\/br><\/p>\n<p><em>(Fonte: G1 Grande Minas)<\/em><\/p>\n","protected":false},"excerpt":{"rendered":"<p>Um homem de 36 anos foi encontrado morto, nessa ter\u00e7a-feira (13\/02\/2018), em Jana\u00faba (MG). De acordo com a Pol\u00edcia Militar (PM), o corpo de N\u00e9lio Frederico Cardoso de Abreu estava com cortes nas m\u00e3os, nuca e cabe\u00e7a. O corpo estava em um matagal na Rua Nossa Senhora de F\u00e1tima, no Bairro S\u00e3o Lucas. A pol\u00edcia [&hellip;]<\/p>\n","protected":false},"author":1,"featured_media":71442,"comment_status":"open","ping_status":"closed","sticky":false,"template":"","format":"standard","meta":{"amp_status":"","footnotes":""},"categories":[1236],"tags":[169182,1278,169180,53186,204,169181,53187,169179,53191],"class_list":["post-128382","post","type-post","status-publish","format-standard","has-post-thumbnail","hentry","category-norte_de_minas","tag-baleado-em-espinosa","tag-espinosa","tag-homem-e-assassinado-em-janauba","tag-homicidio-em-janauba","tag-janauba","tag-jovem-e-baleado-em-espinosa","tag-morto-em-janauba","tag-nelio-frederico-cardoso-de-abreu","tag-violencia-em-janauba"],"_links":{"self":[{"href":"https:\/\/aconteceunovale.com.br\/portal\/index.php?rest_route=\/wp\/v2\/posts\/128382","targetHints":{"allow":["GET"]}}],"collection":[{"href":"https:\/\/aconteceunovale.com.br\/portal\/index.php?rest_route=\/wp\/v2\/posts"}],"about":[{"href":"https:\/\/aconteceunovale.com.br\/portal\/index.php?rest_route=\/wp\/v2\/types\/post"}],"author":[{"embeddable":true,"href":"https:\/\/aconteceunovale.com.br\/portal\/index.php?rest_route=\/wp\/v2\/users\/1"}],"replies":[{"embeddable":true,"href":"https:\/\/aconteceunovale.com.br\/portal\/index.php?rest_route=%2Fwp%2Fv2%2Fcomments&post=128382"}],"version-history":[{"count":0,"href":"https:\/\/aconteceunovale.com.br\/portal\/index.php?rest_route=\/wp\/v2\/posts\/128382\/revisions"}],"wp:featuredmedia":[{"embeddable":true,"href":"https:\/\/aconteceunovale.com.br\/portal\/index.php?rest_route=\/wp\/v2\/media\/71442"}],"wp:attachment":[{"href":"https:\/\/aconteceunovale.com.br\/portal\/index.php?rest_route=%2Fwp%2Fv2%2Fmedia&parent=128382"}],"wp:term":[{"taxonomy":"category","embeddable":true,"href":"https:\/\/aconteceunovale.com.br\/portal\/index.php?rest_route=%2Fwp%2Fv2%2Fcategories&post=128382"},{"taxonomy":"post_tag","embeddable":true,"href":"https:\/\/aconteceunovale.com.br\/portal\/index.php?rest_route=%2Fwp%2Fv2%2Ftags&post=128382"}],"curies":[{"name":"wp","href":"https:\/\/api.w.org\/{rel}","templated":true}]}}